{"id":8055,"date":"2017-12-12T10:45:28","date_gmt":"2017-12-12T09:45:28","guid":{"rendered":"https:\/\/marekkuchcinski.pl\/?p=8055"},"modified":"2017-12-12T10:51:33","modified_gmt":"2017-12-12T09:51:33","slug":"prezydent-rp-powolal-prezesa-rady-ministrow-wraz-rzadem","status":"publish","type":"post","link":"https:\/\/marekkuchcinski.pl\/cs\/wydarzenia\/prezydent-rp-powolal-prezesa-rady-ministrow-wraz-rzadem\/","title":{"rendered":"Prezident Polsk\u00e9 republiky jmenoval p\u0159edsedu vl\u00e1dy a kabinet."},"content":{"rendered":"<p><strong>Prezident Polsk\u00e9 republiky Andrzej Duda jmenoval Mateusze Morawieck\u00e9ho p\u0159edsedou vl\u00e1dy. Jak zd\u016fraznil, nov\u00fd premi\u00e9r se rozhodl, \u017ee chce s t\u011bmito lidmi pracovat a p\u0159esv\u011bd\u010dit je.\u00a0<\/strong>- Budeme se sna\u017eit, aby vl\u00e1da sjednocen\u00e9 pravice byla vl\u00e1dou sjednocen\u00e9ho Polska, vl\u00e1dou v\u0161ech ob\u010dan\u016f,\" \u0159ekl premi\u00e9r.<\/p>\n<p>Prezident rovn\u011b\u017e jmenoval \u010dleny Rady ministr\u016f:<\/p>\n<ul>\n<li>Mateusz MORAWIECKI - jako ministr pro rozvoj a finance<\/li>\n<li>Beata SZYD\u0141O - pro funkci m\u00edstop\u0159edsedkyn\u011b vl\u00e1dy<\/li>\n<li>Piotr GLI\u0143SKI - pro funkci m\u00edstop\u0159edsedy vl\u00e1dy a ministra kultury a n\u00e1rodn\u00edho d\u011bdictv\u00ed<\/li>\n<li>Jaros\u0142aw GOWIN - pro funkci m\u00edstop\u0159edsedy vl\u00e1dy a ministra v\u011bdy a vysok\u00e9ho \u0161kolstv\u00ed<\/li>\n<li>Mariusz B\u0141ASZCZAK - na post ministra vnitra a st\u00e1tn\u00ed spr\u00e1vy<\/li>\n<li>Antoni MACIEREWICZ - na m\u00edsto ministra n\u00e1rodn\u00ed obrany<\/li>\n<li>Witold WASZCZYKOWSKI - na m\u00edsto ministra zahrani\u010dn\u00edch v\u011bc\u00ed<\/li>\n<li>Krzysztof TCH\u00d3RZEWSKI - na post ministra energetiky<\/li>\n<li>Zbigniew ZIOBRA - pro funkci ministra spravedlnosti<\/li>\n<li>Anna ZALEWSKA - na post ministryn\u011b n\u00e1rodn\u00edho \u0161kolstv\u00ed<\/li>\n<li>Jan SZYSZKA - jako ministr \u017eivotn\u00edho prost\u0159ed\u00ed<\/li>\n<li>El\u017cbieta RAFALSKA - na m\u00edsto ministryn\u011b pro rodinu, pr\u00e1ci a soci\u00e1ln\u00ed politiku<\/li>\n<li>Krzysztof JURGIEL - na post ministra zem\u011bd\u011blstv\u00ed a rozvoje venkova<\/li>\n<li>Andrzej ADAMCZYK - na post ministra infrastruktury a stavebnictv\u00ed<\/li>\n<li>Konstanty RADZIWI\u00a3 - na post ministra zdravotnictv\u00ed<\/li>\n<li>Marek GR\u00d3BARCZYK - jako ministr pro n\u00e1mo\u0159n\u00ed z\u00e1le\u017eitosti a vnitrozemskou plavbu<\/li>\n<li>Anna STRE\u017dY\u0143SK\u00c1 - jako ministryn\u011b pro digitalizaci<\/li>\n<li>Witold BA\u0143KA - na m\u00edsto ministra sportu a cestovn\u00edho ruchu<\/li>\n<li>Beata KEMPA - na m\u00edsto ministryn\u011b - \u010dlenky Rady ministr\u016f<\/li>\n<li>El\u017cbieta WITEK - na m\u00edsto ministryn\u011b - \u010dlenky Rady ministr\u016f<\/li>\n<li>Mariusz KAMI\u0143SKI - na m\u00edsto ministra - \u010dlena Rady ministr\u016f<\/li>\n<li>Henryk KOWALCZYK - na m\u00edsto ministra - \u010dlena Rady ministr\u016f<\/li>\n<\/ul>\n<p>Nov\u00ed \u010dlenov\u00e9 Rady ministr\u016f slo\u017eili p\u0159\u00edsahu p\u0159ed polsk\u00fdm prezidentem.<\/p>\n<p><em>president.pl<\/em><\/p>\n<p><em>Foto: Pawe\u0142 Kula<\/em><\/p>\n<p><a href=\"https:\/\/marekkuchcinski.pl\/wp-content\/uploads\/2017\/12\/DSCF7692.jpg\"><img fetchpriority=\"high\" decoding=\"async\" class=\"alignnone size-full wp-image-8056\" src=\"https:\/\/marekkuchcinski.pl\/wp-content\/uploads\/2017\/12\/DSCF7692.jpg\" alt=\"DSCF7692\" width=\"4244\" height=\"2598\" srcset=\"https:\/\/marekkuchcinski.pl\/wp-content\/uploads\/2017\/12\/DSCF7692.jpg 2048w, https:\/\/marekkuchcinski.pl\/wp-content\/uploads\/2017\/12\/DSCF7692-300x184.jpg 300w, https:\/\/marekkuchcinski.pl\/wp-content\/uploads\/2017\/12\/DSCF7692-768x470.jpg 768w, https:\/\/marekkuchcinski.pl\/wp-content\/uploads\/2017\/12\/DSCF7692-1024x627.jpg 1024w\" sizes=\"(max-width: 4244px) 100vw, 4244px\" \/><\/a> <a href=\"https:\/\/marekkuchcinski.pl\/wp-content\/uploads\/2017\/12\/KU259519.jpg\"><img decoding=\"async\" class=\"alignnone size-full wp-image-8058\" src=\"https:\/\/marekkuchcinski.pl\/wp-content\/uploads\/2017\/12\/KU259519.jpg\" alt=\"KU259519\" width=\"1800\" height=\"1200\" srcset=\"https:\/\/marekkuchcinski.pl\/wp-content\/uploads\/2017\/12\/KU259519.jpg 1800w, https:\/\/marekkuchcinski.pl\/wp-content\/uploads\/2017\/12\/KU259519-300x200.jpg 300w, https:\/\/marekkuchcinski.pl\/wp-content\/uploads\/2017\/12\/KU259519-768x512.jpg 768w, https:\/\/marekkuchcinski.pl\/wp-content\/uploads\/2017\/12\/KU259519-1024x683.jpg 1024w\" sizes=\"(max-width: 1800px) 100vw, 1800px\" \/><\/a> <a href=\"https:\/\/marekkuchcinski.pl\/wp-content\/uploads\/2017\/12\/KU259538.jpg\"><img decoding=\"async\" class=\"alignnone size-full wp-image-8059\" src=\"https:\/\/marekkuchcinski.pl\/wp-content\/uploads\/2017\/12\/KU259538.jpg\" alt=\"KU259538\" width=\"1800\" height=\"1200\" srcset=\"https:\/\/marekkuchcinski.pl\/wp-content\/uploads\/2017\/12\/KU259538.jpg 1800w, https:\/\/marekkuchcinski.pl\/wp-content\/uploads\/2017\/12\/KU259538-300x200.jpg 300w, https:\/\/marekkuchcinski.pl\/wp-content\/uploads\/2017\/12\/KU259538-768x512.jpg 768w, https:\/\/marekkuchcinski.pl\/wp-content\/uploads\/2017\/12\/KU259538-1024x683.jpg 1024w\" sizes=\"(max-width: 1800px) 100vw, 1800px\" \/><\/a> <a href=\"https:\/\/marekkuchcinski.pl\/wp-content\/uploads\/2017\/12\/KU259570.jpg\"><img loading=\"lazy\" decoding=\"async\" class=\"alignnone size-full wp-image-8060\" src=\"https:\/\/marekkuchcinski.pl\/wp-content\/uploads\/2017\/12\/KU259570.jpg\" alt=\"KU259570\" width=\"1800\" height=\"1200\" srcset=\"https:\/\/marekkuchcinski.pl\/wp-content\/uploads\/2017\/12\/KU259570.jpg 1800w, https:\/\/marekkuchcinski.pl\/wp-content\/uploads\/2017\/12\/KU259570-300x200.jpg 300w, https:\/\/marekkuchcinski.pl\/wp-content\/uploads\/2017\/12\/KU259570-768x512.jpg 768w, https:\/\/marekkuchcinski.pl\/wp-content\/uploads\/2017\/12\/KU259570-1024x683.jpg 1024w\" sizes=\"(max-width: 1800px) 100vw, 1800px\" \/><\/a> <a href=\"https:\/\/marekkuchcinski.pl\/wp-content\/uploads\/2017\/12\/KU259677.jpg\"><img loading=\"lazy\" decoding=\"async\" class=\"alignnone size-full wp-image-8061\" src=\"https:\/\/marekkuchcinski.pl\/wp-content\/uploads\/2017\/12\/KU259677.jpg\" alt=\"KU259677\" width=\"1800\" height=\"1200\" srcset=\"https:\/\/marekkuchcinski.pl\/wp-content\/uploads\/2017\/12\/KU259677.jpg 1800w, https:\/\/marekkuchcinski.pl\/wp-content\/uploads\/2017\/12\/KU259677-300x200.jpg 300w, https:\/\/marekkuchcinski.pl\/wp-content\/uploads\/2017\/12\/KU259677-768x512.jpg 768w, https:\/\/marekkuchcinski.pl\/wp-content\/uploads\/2017\/12\/KU259677-1024x683.jpg 1024w\" sizes=\"(max-width: 1800px) 100vw, 1800px\" \/><\/a> <a href=\"https:\/\/marekkuchcinski.pl\/wp-content\/uploads\/2017\/12\/KU259814.jpg\"><img loading=\"lazy\" decoding=\"async\" class=\"alignnone size-full wp-image-8062\" src=\"https:\/\/marekkuchcinski.pl\/wp-content\/uploads\/2017\/12\/KU259814.jpg\" alt=\"KU259814\" width=\"1800\" height=\"1200\" srcset=\"https:\/\/marekkuchcinski.pl\/wp-content\/uploads\/2017\/12\/KU259814.jpg 1800w, https:\/\/marekkuchcinski.pl\/wp-content\/uploads\/2017\/12\/KU259814-300x200.jpg 300w, https:\/\/marekkuchcinski.pl\/wp-content\/uploads\/2017\/12\/KU259814-768x512.jpg 768w, https:\/\/marekkuchcinski.pl\/wp-content\/uploads\/2017\/12\/KU259814-1024x683.jpg 1024w\" sizes=\"(max-width: 1800px) 100vw, 1800px\" \/><\/a> <a href=\"https:\/\/marekkuchcinski.pl\/wp-content\/uploads\/2017\/12\/KU259927.jpg\"><img loading=\"lazy\" decoding=\"async\" class=\"alignnone size-full wp-image-8063\" src=\"https:\/\/marekkuchcinski.pl\/wp-content\/uploads\/2017\/12\/KU259927.jpg\" alt=\"KU259927\" width=\"1800\" height=\"1200\" srcset=\"https:\/\/marekkuchcinski.pl\/wp-content\/uploads\/2017\/12\/KU259927.jpg 1800w, https:\/\/marekkuchcinski.pl\/wp-content\/uploads\/2017\/12\/KU259927-300x200.jpg 300w, https:\/\/marekkuchcinski.pl\/wp-content\/uploads\/2017\/12\/KU259927-768x512.jpg 768w, https:\/\/marekkuchcinski.pl\/wp-content\/uploads\/2017\/12\/KU259927-1024x683.jpg 1024w\" sizes=\"(max-width: 1800px) 100vw, 1800px\" \/><\/a> <a href=\"https:\/\/marekkuchcinski.pl\/wp-content\/uploads\/2017\/12\/KU260517.jpg\"><img loading=\"lazy\" decoding=\"async\" class=\"alignnone size-full wp-image-8064\" src=\"https:\/\/marekkuchcinski.pl\/wp-content\/uploads\/2017\/12\/KU260517.jpg\" alt=\"KU260517\" width=\"1800\" height=\"1200\" srcset=\"https:\/\/marekkuchcinski.pl\/wp-content\/uploads\/2017\/12\/KU260517.jpg 1800w, https:\/\/marekkuchcinski.pl\/wp-content\/uploads\/2017\/12\/KU260517-300x200.jpg 300w, https:\/\/marekkuchcinski.pl\/wp-content\/uploads\/2017\/12\/KU260517-768x512.jpg 768w, https:\/\/marekkuchcinski.pl\/wp-content\/uploads\/2017\/12\/KU260517-1024x683.jpg 1024w\" sizes=\"(max-width: 1800px) 100vw, 1800px\" \/><\/a> <a href=\"https:\/\/marekkuchcinski.pl\/wp-content\/uploads\/2017\/12\/KU261037.jpg\"><img loading=\"lazy\" decoding=\"async\" class=\"alignnone size-full wp-image-8065\" src=\"https:\/\/marekkuchcinski.pl\/wp-content\/uploads\/2017\/12\/KU261037.jpg\" alt=\"KU261037\" width=\"1800\" height=\"1200\" srcset=\"https:\/\/marekkuchcinski.pl\/wp-content\/uploads\/2017\/12\/KU261037.jpg 1800w, https:\/\/marekkuchcinski.pl\/wp-content\/uploads\/2017\/12\/KU261037-300x200.jpg 300w, https:\/\/marekkuchcinski.pl\/wp-content\/uploads\/2017\/12\/KU261037-768x512.jpg 768w, https:\/\/marekkuchcinski.pl\/wp-content\/uploads\/2017\/12\/KU261037-1024x683.jpg 1024w\" sizes=\"(max-width: 1800px) 100vw, 1800px\" \/><\/a> <a href=\"https:\/\/marekkuchcinski.pl\/wp-content\/uploads\/2017\/12\/KU261126.jpg\"><img loading=\"lazy\" decoding=\"async\" class=\"alignnone size-full wp-image-8067\" src=\"https:\/\/marekkuchcinski.pl\/wp-content\/uploads\/2017\/12\/KU261126.jpg\" alt=\"KU261126\" width=\"1800\" height=\"1200\" srcset=\"https:\/\/marekkuchcinski.pl\/wp-content\/uploads\/2017\/12\/KU261126.jpg 1800w, https:\/\/marekkuchcinski.pl\/wp-content\/uploads\/2017\/12\/KU261126-300x200.jpg 300w, https:\/\/marekkuchcinski.pl\/wp-content\/uploads\/2017\/12\/KU261126-768x512.jpg 768w, https:\/\/marekkuchcinski.pl\/wp-content\/uploads\/2017\/12\/KU261126-1024x683.jpg 1024w\" sizes=\"(max-width: 1800px) 100vw, 1800px\" \/><\/a><\/p>","protected":false},"excerpt":{"rendered":"<p>Prezydent Rzeczypospolitej Polskiej Andrzej Duda powo\u0142a\u0142 Mateusza Morawieckiego na urz\u0105d Prezesa Rady Ministr\u00f3w. Jak podkre\u015bli\u0142: nowy premier zdecydowa\u0142, \u017ce chce pracowa\u0107 z tymi lud\u017ami i si\u0119 do nich przekona\u0107.\u00a0&#8211; B\u0119dziemy starali si\u0119, \u017ceby rz\u0105d Zjednoczonej Prawicy by\u0142 rz\u0105dem zjednoczonej Polski, \u017ceby by\u0142 rz\u0105dem wszystkich obywateli\u00a0&#8211; powiedzia\u0142 premier. Prezydent\u00a0 powo\u0142a\u0142 tak\u017ce w sk\u0142ad Rady Ministr\u00f3w: Mateusza [&hellip;]<\/p>\n","protected":false},"author":6,"featured_media":8062,"comment_status":"open","ping_status":"open","sticky":false,"template":"","format":"standard","meta":{"ngg_post_thumbnail":0,"footnotes":""},"categories":[82,3],"tags":[],"class_list":["post-8055","post","type-post","status-publish","format-standard","has-post-thumbnail","hentry","category-prawo-i-sprawiedliwosc","category-wydarzenia"],"_links":{"self":[{"href":"https:\/\/marekkuchcinski.pl\/cs\/wp-json\/wp\/v2\/posts\/8055","targetHints":{"allow":["GET"]}}],"collection":[{"href":"https:\/\/marekkuchcinski.pl\/cs\/wp-json\/wp\/v2\/posts"}],"about":[{"href":"https:\/\/marekkuchcinski.pl\/cs\/wp-json\/wp\/v2\/types\/post"}],"author":[{"embeddable":true,"href":"https:\/\/marekkuchcinski.pl\/cs\/wp-json\/wp\/v2\/users\/6"}],"replies":[{"embeddable":true,"href":"https:\/\/marekkuchcinski.pl\/cs\/wp-json\/wp\/v2\/comments?post=8055"}],"version-history":[{"count":3,"href":"https:\/\/marekkuchcinski.pl\/cs\/wp-json\/wp\/v2\/posts\/8055\/revisions"}],"predecessor-version":[{"id":8070,"href":"https:\/\/marekkuchcinski.pl\/cs\/wp-json\/wp\/v2\/posts\/8055\/revisions\/8070"}],"wp:featuredmedia":[{"embeddable":true,"href":"https:\/\/marekkuchcinski.pl\/cs\/wp-json\/wp\/v2\/media\/8062"}],"wp:attachment":[{"href":"https:\/\/marekkuchcinski.pl\/cs\/wp-json\/wp\/v2\/media?parent=8055"}],"wp:term":[{"taxonomy":"category","embeddable":true,"href":"https:\/\/marekkuchcinski.pl\/cs\/wp-json\/wp\/v2\/categories?post=8055"},{"taxonomy":"post_tag","embeddable":true,"href":"https:\/\/marekkuchcinski.pl\/cs\/wp-json\/wp\/v2\/tags?post=8055"}],"curies":[{"name":"wp","href":"https:\/\/api.w.org\/{rel}","templated":true}]}}