{"id":8051,"date":"2017-12-11T11:16:44","date_gmt":"2017-12-11T10:16:44","guid":{"rendered":"https:\/\/marekkuchcinski.pl\/?p=8051"},"modified":"2017-12-11T11:18:17","modified_gmt":"2017-12-11T10:18:17","slug":"35-rocznica-powstania-ogolnopolskiego-komitetu-oporu-rolnikow-duszpasterstwa-rolnikow","status":"publish","type":"post","link":"https:\/\/marekkuchcinski.pl\/cs\/wydarzenia\/35-rocznica-powstania-ogolnopolskiego-komitetu-oporu-rolnikow-duszpasterstwa-rolnikow\/","title":{"rendered":"35. v\u00fdro\u010d\u00ed zalo\u017een\u00ed N\u00e1rodn\u00edho v\u00fdboru zem\u011bd\u011blsk\u00e9ho odporu a zem\u011bd\u011blsk\u00e9ho kaplanstv\u00ed"},"content":{"rendered":"<p>V Przemy\u0161lsk\u00e9m vojvodstv\u00ed vznikly prvn\u00ed struktury OKOR v druh\u00e9 polovin\u011b roku 1983 a byly \u00fazce propojeny s Rolnickou kaplanskou slu\u017ebou v Krasiczyn\u011b a RKOR (<strong>prosinec 1982<\/strong>). Tvo\u0159ili je Jozef Olszanski, jeho\u017e \u010dinnost se t\u00fdkala oblast\u00ed na v\u00fdchodn\u00edm b\u0159ehu Sanu, Tadeusz Sopel, kter\u00fd koordinoval pr\u00e1ce na z\u00e1padn\u00edm b\u0159ehu Sanu, a Pavel Krej\u010d\u00ed. <strong>Marek Kuchci\u0144ski<\/strong>Udr\u017eovali kontakty se zem\u011bd\u011blsk\u00fdmi opozi\u010dn\u00edmi aktivisty v jin\u00fdch regionech Polska, s d\u011blnick\u00fdmi kruhy a tzv. nez\u00e1vislou kulturou. \u010cinnost OKOR v Przemy\u015blu se soust\u0159edila p\u0159edev\u0161\u00edm na tisk a distribuci let\u00e1k\u016f a podzemn\u00edch \u010dasopis\u016f, a to i do zahrani\u010d\u00ed, do SSSR, organizovaly se pout\u011b do \u010censtochov\u00e9, materi\u00e1ln\u00ed pomoc a potraviny pro rodiny pron\u00e1sledovan\u00fdch zem\u011bd\u011blc\u016f. P\u0159ed volbami do Sejmu nebo n\u00e1rodn\u00edch rad byly standardn\u00ed sabot\u00e1\u017en\u00ed a informa\u010dn\u00ed aktivity dopln\u011bny malov\u00e1n\u00edm hesel na zdi a autobusov\u00e9 zast\u00e1vky (1984).<\/p>\n<p>Otec Stanislaw Bartminski: Zem\u011bd\u011blsk\u00e1 kaplanka v Krasiczyn\u011b se zrodila spont\u00e1nn\u011b. U p\u0159\u00edle\u017eitosti v\u00fdro\u010d\u00ed v\u00e1le\u010dn\u00e9ho stavu jsme uspo\u0159\u00e1dali rekolekce pro zem\u011bd\u011blce z deseti diec\u00e9z\u00ed z cel\u00e9ho Polska. S dne\u0161n\u00edm mar\u0161\u00e1lem - <strong>Marek Kuchci\u0144ski<\/strong> - Obe\u0161li jsme deset diec\u00e9z\u00ed, 40 jsme pozvali jmenovit\u011b k ruk\u00e1m a 20 jsme poslali po\u0161tou. Bohu\u017eel se pozv\u00e1nky dostaly do rukou UB a tito zem\u011bd\u011blci byli pot\u00e9 obt\u011b\u017eov\u00e1ni.<\/p>\n<p>Bez podpory arcibiskupa Ign\u00e1ce Tokarczuka si toto hnut\u00ed bylo t\u011b\u017ek\u00e9 p\u0159edstavit.<\/p>\n<p><em>Encyklopedie solidarity<\/em><\/p>\n<p><em>TVP3 Rzesz\u00f3w: https:\/\/rzeszow.tvp.pl\/35159211\/rocznica-powstania-komitetu-oporu-rolnikow-i-duszpasterstwa-rolnikow<\/em><\/p>","protected":false},"excerpt":{"rendered":"<p>W woj. przemyskim pierwsze struktury OKOR powsta\u0142y w drugiej po\u0142. 1983 i mia\u0142y \u015bcis\u0142y zwi\u0105zek z Duszpasterstwem Rolnik\u00f3w w Krasiczynie i RKOR (grudzie\u0144 1982). Tworzyli je: J\u00f3zef Olsza\u0144ski, kt\u00f3rego dzia\u0142alno\u015b\u0107 obejmowa\u0142a tereny na wschodnim brzegu Sanu, Tadeusz Sopel, koordynuj\u0105cy prac\u0119 na zachodnim brzegu Sanu i Marek Kuchci\u0144ski, utrzymuj\u0105cy kontakty z dzia\u0142aczami opozycji rolniczej w innych [&hellip;]<\/p>\n","protected":false},"author":6,"featured_media":8052,"comment_status":"open","ping_status":"open","sticky":false,"template":"","format":"standard","meta":{"ngg_post_thumbnail":0,"footnotes":""},"categories":[49,77,3],"tags":[126,87,125],"class_list":["post-8051","post","type-post","status-publish","format-standard","has-post-thumbnail","hentry","category-podkarpacie","category-wazne-daty","category-wydarzenia","tag-bartminski","tag-marek-kuchcinski","tag-okor"],"_links":{"self":[{"href":"https:\/\/marekkuchcinski.pl\/cs\/wp-json\/wp\/v2\/posts\/8051","targetHints":{"allow":["GET"]}}],"collection":[{"href":"https:\/\/marekkuchcinski.pl\/cs\/wp-json\/wp\/v2\/posts"}],"about":[{"href":"https:\/\/marekkuchcinski.pl\/cs\/wp-json\/wp\/v2\/types\/post"}],"author":[{"embeddable":true,"href":"https:\/\/marekkuchcinski.pl\/cs\/wp-json\/wp\/v2\/users\/6"}],"replies":[{"embeddable":true,"href":"https:\/\/marekkuchcinski.pl\/cs\/wp-json\/wp\/v2\/comments?post=8051"}],"version-history":[{"count":2,"href":"https:\/\/marekkuchcinski.pl\/cs\/wp-json\/wp\/v2\/posts\/8051\/revisions"}],"predecessor-version":[{"id":8054,"href":"https:\/\/marekkuchcinski.pl\/cs\/wp-json\/wp\/v2\/posts\/8051\/revisions\/8054"}],"wp:featuredmedia":[{"embeddable":true,"href":"https:\/\/marekkuchcinski.pl\/cs\/wp-json\/wp\/v2\/media\/8052"}],"wp:attachment":[{"href":"https:\/\/marekkuchcinski.pl\/cs\/wp-json\/wp\/v2\/media?parent=8051"}],"wp:term":[{"taxonomy":"category","embeddable":true,"href":"https:\/\/marekkuchcinski.pl\/cs\/wp-json\/wp\/v2\/categories?post=8051"},{"taxonomy":"post_tag","embeddable":true,"href":"https:\/\/marekkuchcinski.pl\/cs\/wp-json\/wp\/v2\/tags?post=8051"}],"curies":[{"name":"wp","href":"https:\/\/api.w.org\/{rel}","templated":true}]}}