{"id":8019,"date":"2017-12-09T19:48:05","date_gmt":"2017-12-09T18:48:05","guid":{"rendered":"https:\/\/marekkuchcinski.pl\/?p=8019"},"modified":"2017-12-09T20:53:03","modified_gmt":"2017-12-09T19:53:03","slug":"pozegnanie-roku-kultury-wegierskiej","status":"publish","type":"post","link":"https:\/\/marekkuchcinski.pl\/cs\/wydarzenia\/pozegnanie-roku-kultury-wegierskiej\/","title":{"rendered":"Rozlou\u010den\u00ed s Rokem ma\u010farsk\u00e9 kultury"},"content":{"rendered":"<p><strong>Koncerty, v\u00fdstavy, filmy, literatura a hudba z Podunaj\u00ed zaplnily polsk\u00fd kulturn\u00ed prostor na cel\u00fd rok.<\/strong><\/p>\n<p>K vid\u011bn\u00ed byly m\u00e9n\u011b zn\u00e1m\u00e9, \u010dasto v\u00fdklenkov\u00e9, origin\u00e1ln\u00ed formy, ale tak\u00e9 v\u00fdstavy v\u011bnovan\u00e9 zn\u00e1m\u00fdm a v\u00fdznamn\u00fdm ud\u00e1lostem z hlediska spole\u010dn\u00fdch polsko-ma\u010farsk\u00fdch d\u011bjin, jako byl rok 1956 nebo holocaust.<\/p>\n<p>Rok ma\u010farsk\u00e9 kultury se bl\u00ed\u017e\u00ed ke konci. Ud\u00e1losti na nejvy\u0161\u0161\u00ed \u00farovni, velk\u00e1 d\u00e1vka talentu a ma\u010farsk\u00e9ho temperamentu \u010di folkl\u00f3ru mohou jen pos\u00edlit p\u0159esv\u011bd\u010den\u00ed, \u017ee Ma\u010farsko je zem\u00ed, z n\u00ed\u017e stoj\u00ed za to \u010derpat v r\u016fzn\u00fdch oblastech.<\/p>\n<p>Na rozlu\u010dkov\u00e9m koncertu na Var\u0161avsk\u00e9 technick\u00e9 univerzit\u011b byli p\u0159\u00edtomni p\u0159edseda Sejmu Marek Kuchci\u0144ski, velk\u00fd zast\u00e1nce polsko-ma\u010farsk\u00e9ho p\u0159\u00e1telstv\u00ed, m\u00edstop\u0159edseda Sejmu, poslanci, minist\u0159i a ma\u010farsk\u00fd velvyslanec.<\/p>\n<p>M\u00edstop\u0159edseda Sejmu Ryszard Terlecki ve sv\u00e9m projevu zd\u016fraznil, \u017ee d\u00edky p\u0159edsedovi Sejmu Marku Kuchci\u0144sk\u00e9mu a prezidentovi L\u00e1szl\u00f3 K\u00f6v\u00e9rovi se uskute\u010dnilo mnoho setk\u00e1n\u00ed a spole\u010dn\u00fdch oslav. <em>Na\u0161e p\u0159\u00e1telstv\u00ed je mnohem del\u0161\u00ed ne\u017e tento rok a ob\u0159adem nic nekon\u010d\u00ed.<\/em> - \u0159ekl.<\/p>\n<p>Ryszard Terlecki tak\u00e9 hovo\u0159il o pl\u00e1nech na zalo\u017een\u00ed Nadace Wac\u0142awa Felczaka, kter\u00e1 by se starala o spolupr\u00e1ci mezi mlad\u00fdmi Pol\u00e1ky a Ma\u010fary. Patron je n\u00e1\u0161 spole\u010dn\u00fd hrdina. Legend\u00e1rn\u00ed krakovsk\u00fd profesor byl voj\u00e1kem, kur\u00fdrem polsk\u00e9ho podzem\u00ed, komunistick\u00fdm v\u011bzn\u011bm a jedn\u00edm ze zakladatel\u016f protikomunistick\u00e9 opozice v Ma\u010farsku v 80. letech, kdy radil tehdy mlad\u00e9mu Orb\u00e1novi, aby zalo\u017eil vlastn\u00ed stranu.<\/p>\n<p><em>Foto: Andrzej Lek\/SDP<\/em><\/p>\n<p><a href=\"https:\/\/marekkuchcinski.pl\/wp-content\/uploads\/2017\/12\/w.jpg\"><img fetchpriority=\"high\" decoding=\"async\" class=\"alignnone size-full wp-image-8020\" src=\"https:\/\/marekkuchcinski.pl\/wp-content\/uploads\/2017\/12\/w.jpg\" alt=\"w\" width=\"800\" height=\"532\" srcset=\"https:\/\/marekkuchcinski.pl\/wp-content\/uploads\/2017\/12\/w.jpg 800w, https:\/\/marekkuchcinski.pl\/wp-content\/uploads\/2017\/12\/w-300x200.jpg 300w, https:\/\/marekkuchcinski.pl\/wp-content\/uploads\/2017\/12\/w-768x511.jpg 768w\" sizes=\"(max-width: 800px) 100vw, 800px\" \/><\/a> <a href=\"https:\/\/marekkuchcinski.pl\/wp-content\/uploads\/2017\/12\/w2.jpg\"><img decoding=\"async\" class=\"alignnone size-full wp-image-8021\" src=\"https:\/\/marekkuchcinski.pl\/wp-content\/uploads\/2017\/12\/w2.jpg\" alt=\"w2\" width=\"800\" height=\"532\" srcset=\"https:\/\/marekkuchcinski.pl\/wp-content\/uploads\/2017\/12\/w2.jpg 800w, https:\/\/marekkuchcinski.pl\/wp-content\/uploads\/2017\/12\/w2-300x200.jpg 300w, https:\/\/marekkuchcinski.pl\/wp-content\/uploads\/2017\/12\/w2-768x511.jpg 768w\" sizes=\"(max-width: 800px) 100vw, 800px\" \/><\/a> <a href=\"https:\/\/marekkuchcinski.pl\/wp-content\/uploads\/2017\/12\/w3.jpg\"><img decoding=\"async\" class=\"alignnone size-full wp-image-8022\" src=\"https:\/\/marekkuchcinski.pl\/wp-content\/uploads\/2017\/12\/w3.jpg\" alt=\"w3\" width=\"800\" height=\"532\" srcset=\"https:\/\/marekkuchcinski.pl\/wp-content\/uploads\/2017\/12\/w3.jpg 800w, https:\/\/marekkuchcinski.pl\/wp-content\/uploads\/2017\/12\/w3-300x200.jpg 300w, https:\/\/marekkuchcinski.pl\/wp-content\/uploads\/2017\/12\/w3-768x511.jpg 768w\" sizes=\"(max-width: 800px) 100vw, 800px\" \/><\/a><\/p>\n<p>&nbsp;<\/p>","protected":false},"excerpt":{"rendered":"<p>Koncerty, wystawy, filmy, literatura, muzyka znad Dunaju przez rok zape\u0142nia\u0142y polsk\u0105 przestrze\u0144 kulturaln\u0105. Mo\u017cna by\u0142o zobaczy\u0107 formy mniej znane, cz\u0119sto niszowe, oryginalne, ale i ekspozycje po\u015bwi\u0119cone wydarzeniom znanym i wa\u017cnym z punktu widzenia wsp\u00f3lnej, polsko-w\u0119gierskiej historii, jak cho\u0107by rok 1956 czy Holokaust. Rok Kultury W\u0119gierskiej dobiega ko\u0144ca. Imprezy na najwy\u017cszym poziomie, du\u017ca dawka talentu i [&hellip;]<\/p>\n","protected":false},"author":6,"featured_media":8020,"comment_status":"open","ping_status":"open","sticky":false,"template":"","format":"standard","meta":{"ngg_post_thumbnail":0,"footnotes":""},"categories":[50,3],"tags":[],"class_list":["post-8019","post","type-post","status-publish","format-standard","has-post-thumbnail","hentry","category-wspolpraca-miedzynarodowa","category-wydarzenia"],"_links":{"self":[{"href":"https:\/\/marekkuchcinski.pl\/cs\/wp-json\/wp\/v2\/posts\/8019","targetHints":{"allow":["GET"]}}],"collection":[{"href":"https:\/\/marekkuchcinski.pl\/cs\/wp-json\/wp\/v2\/posts"}],"about":[{"href":"https:\/\/marekkuchcinski.pl\/cs\/wp-json\/wp\/v2\/types\/post"}],"author":[{"embeddable":true,"href":"https:\/\/marekkuchcinski.pl\/cs\/wp-json\/wp\/v2\/users\/6"}],"replies":[{"embeddable":true,"href":"https:\/\/marekkuchcinski.pl\/cs\/wp-json\/wp\/v2\/comments?post=8019"}],"version-history":[{"count":5,"href":"https:\/\/marekkuchcinski.pl\/cs\/wp-json\/wp\/v2\/posts\/8019\/revisions"}],"predecessor-version":[{"id":8050,"href":"https:\/\/marekkuchcinski.pl\/cs\/wp-json\/wp\/v2\/posts\/8019\/revisions\/8050"}],"wp:featuredmedia":[{"embeddable":true,"href":"https:\/\/marekkuchcinski.pl\/cs\/wp-json\/wp\/v2\/media\/8020"}],"wp:attachment":[{"href":"https:\/\/marekkuchcinski.pl\/cs\/wp-json\/wp\/v2\/media?parent=8019"}],"wp:term":[{"taxonomy":"category","embeddable":true,"href":"https:\/\/marekkuchcinski.pl\/cs\/wp-json\/wp\/v2\/categories?post=8019"},{"taxonomy":"post_tag","embeddable":true,"href":"https:\/\/marekkuchcinski.pl\/cs\/wp-json\/wp\/v2\/tags?post=8019"}],"curies":[{"name":"wp","href":"https:\/\/api.w.org\/{rel}","templated":true}]}}