{"id":7999,"date":"2017-12-08T09:27:21","date_gmt":"2017-12-08T08:27:21","guid":{"rendered":"https:\/\/marekkuchcinski.pl\/?p=7999"},"modified":"2017-12-08T15:44:40","modified_gmt":"2017-12-08T14:44:40","slug":"53-posiedzenie-sejmu","status":"publish","type":"post","link":"https:\/\/marekkuchcinski.pl\/cs\/wiesci-z-sejmu\/53-posiedzenie-sejmu\/","title":{"rendered":"53. zased\u00e1n\u00ed Sejmu"},"content":{"rendered":"<div>\n<p>Sejm na sv\u00e9m 53. zased\u00e1n\u00ed zam\u00edtl <strong>hlasov\u00e1n\u00ed o ned\u016fv\u011b\u0159e<\/strong> proti vl\u00e1d\u011b premi\u00e9rky Beaty Szy\u0142o.<\/p>\n<p>Poslanci Evropsk\u00e9ho parlamentu mimo jin\u00e9 schv\u00e1lili:<\/p>\n<p><strong> rozpo\u010dtov\u00e9 zm\u011bny.<\/strong> N\u00e1rodn\u00ed zdravotn\u00ed fond obdr\u017e\u00ed dotaci ze st\u00e1tn\u00edho rozpo\u010dtu na financov\u00e1n\u00ed garantovan\u00fdch slu\u017eeb, v\u010detn\u011b vysoce specializovan\u00fdch slu\u017eeb, poskytovan\u00fdch nad r\u00e1mec z\u00e1vazk\u016f vypl\u00fdvaj\u00edc\u00edch ze smluv uzav\u0159en\u00fdch na poskytov\u00e1n\u00ed zdravotn\u00edch slu\u017eeb jednotliv\u00fdm poskytovatel\u016fm zdravotn\u00edch slu\u017eeb v dan\u00e9m rozsahu, a to a\u017e do v\u00fd\u0161e 1 mld. Dal\u0161\u00ed finan\u010dn\u00ed prost\u0159edky ve form\u011b \u00fa\u010delov\u00e9 dotace a\u017e do v\u00fd\u0161e 100 milion\u016f PLN m\u00e1 dostat Agentura pro restrukturalizaci a modernizaci zem\u011bd\u011blstv\u00ed na realizaci finan\u010dn\u00ed pomoci zem\u011bd\u011blsk\u00fdm producent\u016fm, kte\u0159\u00ed utrp\u011bli \u0161kody na \u00farod\u011b, les\u00edch nebo budov\u00e1ch vyu\u017e\u00edvan\u00fdch k zem\u011bd\u011blsk\u00e9 \u010dinnosti, zp\u016fsoben\u00e9 v\u00fdskytem ork\u00e1nu, p\u0159\u00edvalov\u00e9ho de\u0161t\u011b nebo krupobit\u00ed v srpnu 2017.<\/p>\n<div><strong>z\u00e1kon o trhu s elekt\u0159inou, kter\u00fd<\/strong>\u00a0zav\u00e1d\u00ed v Polsku trh s elekt\u0159inou se dv\u011bma komoditami. Komoditou bude jak energie, tak ochota ji dod\u00e1vat.<\/div>\n<div>Byl rovn\u011b\u017e novelizov\u00e1n z\u00e1kon o restrukturalizaci a spr\u00e1vn\u00ed \u0159\u00e1d.<\/div>\n<\/div>\n<div><\/div>\n<div><strong>Z\u00e1kon o st\u00e1tn\u00ed ochrann\u00e9 slu\u017eb\u011b<\/strong>, v jeho\u017e r\u00e1mci bude vytvo\u0159ena nov\u00e1 bezpe\u010dnostn\u00ed formace. Projekt se sna\u017e\u00ed reagovat na \u010detn\u00e9 obavy a nedostatky, na kter\u00e9 upozornil audit z prosince 2015. Pot\u0159ebu p\u0159edlo\u017eit projekt od\u016fvod\u0148uje i povaha sou\u010dasn\u00fdch bezpe\u010dnostn\u00edch hrozeb, mimo jin\u00e9 mezin\u00e1rodn\u00edho terorismu.<\/div>\n<div>Novelizoval z\u00e1kon o organizaci a prov\u00e1d\u011bn\u00ed kulturn\u00edch \u010dinnost\u00ed.<\/div>\n<div>Sejm schv\u00e1lil novelu trestn\u00edho z\u00e1kon\u00edku, kter\u00e1 roz\u0161i\u0159uje meze nutn\u00e9 obrany.<\/div>\n<div>\u00da\u010del: pln\u011b realizovat pr\u00e1vo na nutnou obranu, zejm\u00e9na v situac\u00edch naru\u0161en\u00ed domovn\u00ed svobody; upustit od postoupen\u00ed v\u011bci soudu a potrest\u00e1n\u00ed ob\u010dana, pokud p\u0159ekro\u010d\u00ed meze nutn\u00e9 obrany p\u0159i napaden\u00ed \u00fato\u010dn\u00edkem, kter\u00fd vnikne do jeho domu, bytu nebo na pozemek.<\/div>\n<div>Poslanci rozhodli o ud\u011blen\u00ed grantu na obnovu \u017eidovsk\u00e9ho h\u0159bitova na ulici Okopowa ve Wole.<\/div>\n<div><\/div>\n<div>\n<div><b>N\u00e1vrh z\u00e1kona o Nejvy\u0161\u0161\u00edm soudu. <\/b>Je reakc\u00ed na \u0161irok\u00e9 obavy ve\u0159ejnosti z reformy justice. Jeho c\u00edlem je obnovit d\u016fv\u011bru ob\u010dan\u016f v soudnictv\u00ed. Jej\u00edm c\u00edlem je napravit chybnou realitu soudnictv\u00ed, dekomunizovat a p\u0159ibl\u00ed\u017eit soudn\u00ed komunitu pot\u0159eb\u00e1m ob\u010dan\u016f, kter\u00e9 se projevuj\u00ed nejen ve form\u00e1ln\u00ed spravedlnosti, ale tak\u00e9 v porozum\u011bn\u00ed a spravedliv\u00e9m \u0159e\u0161en\u00ed p\u0159\u00edpad\u016f. Nejvy\u0161\u0161\u00ed soud bude od roku 1997 za \u00fa\u010dasti porotc\u016f projedn\u00e1vat mimo\u0159\u00e1dn\u00e9 st\u00ed\u017enosti proti pravomocn\u00fdm soudn\u00edm rozhodnut\u00edm a bude m\u00edt samostatn\u00fd k\u00e1rn\u00fd sen\u00e1t, rovn\u011b\u017e za \u00fa\u010dasti porotc\u016f.<\/div>\n<div><\/div>\n<div>\n<div><b>projekt N\u00e1rodn\u00ed rady soudnictv\u00ed,\u00a0\u00a0<\/b>jeho\u017e c\u00edlem je mimo jin\u00e9 zlep\u0161it reprezentativnost NSS zv\u00fd\u0161en\u00edm \u00fa\u010dasti soudc\u016f ni\u017e\u0161\u00edch stup\u0148\u016f v Rad\u011b, jako\u017e i v\u011bt\u0161\u00ed transparentnost pr\u00e1ce Rady. Soudce vol\u00ed Sejm<\/div>\n<\/div>\n<\/div>\n<p><a href=\"https:\/\/marekkuchcinski.pl\/wp-content\/uploads\/2017\/12\/KKB_5511.jpg\"><img fetchpriority=\"high\" decoding=\"async\" class=\"alignnone size-full wp-image-8007\" src=\"https:\/\/marekkuchcinski.pl\/wp-content\/uploads\/2017\/12\/KKB_5511.jpg\" alt=\"KKB_5511\" width=\"2880\" height=\"1920\" srcset=\"https:\/\/marekkuchcinski.pl\/wp-content\/uploads\/2017\/12\/KKB_5511.jpg 2048w, https:\/\/marekkuchcinski.pl\/wp-content\/uploads\/2017\/12\/KKB_5511-300x200.jpg 300w, https:\/\/marekkuchcinski.pl\/wp-content\/uploads\/2017\/12\/KKB_5511-768x512.jpg 768w, https:\/\/marekkuchcinski.pl\/wp-content\/uploads\/2017\/12\/KKB_5511-1024x683.jpg 1024w\" sizes=\"(max-width: 2880px) 100vw, 2880px\" \/><\/a><\/p>\n<p>&nbsp;<\/p>","protected":false},"excerpt":{"rendered":"<p>Podczas 53. posiedzenia Sejm odrzuci\u0142 wotum nieufno\u015bci wobec rz\u0105du premier Beaty Szy\u0142o. Pos\u0142owie uchwalili m.in.: zmiany w bud\u017cecie. Narodowy Fundusz Zdrowia otrzyma z bud\u017cetu pa\u0144stwa dotacj\u0119 na finansowanie \u015bwiadcze\u0144 gwarantowanych, w tym \u015bwiadcze\u0144 wysokospecjalistycznych, udzielonych ponad kwoty zobowi\u0105za\u0144 wynikaj\u0105cych z zawartych um\u00f3w o udzielanie \u015bwiadcze\u0144 opieki zdrowotnej wobec poszczeg\u00f3lnych \u015bwiadczeniodawc\u00f3w w danym zakresie do wysoko\u015bci [&hellip;]<\/p>","protected":false},"author":6,"featured_media":8007,"comment_status":"open","ping_status":"open","sticky":false,"template":"","format":"standard","meta":{"ngg_post_thumbnail":0,"footnotes":""},"categories":[81],"tags":[],"class_list":["post-7999","post","type-post","status-publish","format-standard","has-post-thumbnail","hentry","category-wiesci-z-sejmu"],"yoast_head":"<!-- This site is optimized with the Yoast SEO plugin v24.7 - https:\/\/yoast.com\/wordpress\/plugins\/seo\/ -->\n<title>53. posiedzenie Sejmu &#8211; Marek Kuchci\u0144ski<\/title>\n<meta name=\"robots\" content=\"index, follow, max-snippet:-1, max-image-preview:large, max-video-preview:-1\" \/>\n<link rel=\"canonical\" href=\"https:\/\/marekkuchcinski.pl\/cs\/wiesci-z-sejmu\/53-posiedzenie-sejmu\/\" \/>\n<meta property=\"og:locale\" content=\"cs_CZ\" \/>\n<meta property=\"og:type\" content=\"article\" \/>\n<meta property=\"og:title\" content=\"53. posiedzenie Sejmu &#8211; Marek Kuchci\u0144ski\" \/>\n<meta property=\"og:description\" content=\"Podczas 53. posiedzenia Sejm odrzuci\u0142 wotum nieufno\u015bci wobec rz\u0105du premier Beaty Szy\u0142o. Pos\u0142owie uchwalili m.in.: zmiany w bud\u017cecie. Narodowy Fundusz Zdrowia otrzyma z bud\u017cetu pa\u0144stwa dotacj\u0119 na finansowanie \u015bwiadcze\u0144 gwarantowanych, w tym \u015bwiadcze\u0144 wysokospecjalistycznych, udzielonych ponad kwoty zobowi\u0105za\u0144 wynikaj\u0105cych z zawartych um\u00f3w o udzielanie \u015bwiadcze\u0144 opieki zdrowotnej wobec poszczeg\u00f3lnych \u015bwiadczeniodawc\u00f3w w danym zakresie do wysoko\u015bci [&hellip;]\" \/>\n<meta property=\"og:url\" content=\"https:\/\/marekkuchcinski.pl\/cs\/wiesci-z-sejmu\/53-posiedzenie-sejmu\/\" \/>\n<meta property=\"og:site_name\" content=\"Marek Kuchci\u0144ski\" \/>\n<meta property=\"article:published_time\" content=\"2017-12-08T08:27:21+00:00\" \/>\n<meta property=\"article:modified_time\" content=\"2017-12-08T14:44:40+00:00\" \/>\n<meta property=\"og:image\" content=\"https:\/\/marekkuchcinski.pl\/wp-content\/uploads\/2017\/12\/KKB_5511.jpg\" \/>\n\t<meta property=\"og:image:width\" content=\"2048\" \/>\n\t<meta property=\"og:image:height\" content=\"1365\" \/>\n\t<meta property=\"og:image:type\" content=\"image\/jpeg\" \/>\n<meta name=\"author\" content=\"admin\" \/>\n<meta name=\"twitter:card\" content=\"summary_large_image\" \/>\n<meta name=\"twitter:label1\" content=\"Napsal(a)\" \/>\n\t<meta name=\"twitter:data1\" content=\"admin\" \/>\n\t<meta name=\"twitter:label2\" content=\"Odhadovan\u00e1 doba \u010dten\u00ed\" \/>\n\t<meta name=\"twitter:data2\" content=\"2 minuty\" \/>\n<script type=\"application\/ld+json\" class=\"yoast-schema-graph\">{\"@context\":\"https:\/\/schema.org\",\"@graph\":[{\"@type\":\"Article\",\"@id\":\"https:\/\/marekkuchcinski.pl\/ro\/wiesci-z-sejmu\/53-posiedzenie-sejmu\/#article\",\"isPartOf\":{\"@id\":\"https:\/\/marekkuchcinski.pl\/ro\/wiesci-z-sejmu\/53-posiedzenie-sejmu\/\"},\"author\":{\"name\":\"admin\",\"@id\":\"https:\/\/marekkuchcinski.pl\/#\/schema\/person\/6f62700996b4d950b6ea2d1183b6c6be\"},\"headline\":\"53. posiedzenie Sejmu\",\"datePublished\":\"2017-12-08T08:27:21+00:00\",\"dateModified\":\"2017-12-08T14:44:40+00:00\",\"mainEntityOfPage\":{\"@id\":\"https:\/\/marekkuchcinski.pl\/ro\/wiesci-z-sejmu\/53-posiedzenie-sejmu\/\"},\"wordCount\":455,\"commentCount\":0,\"publisher\":{\"@id\":\"https:\/\/marekkuchcinski.pl\/#organization\"},\"image\":{\"@id\":\"https:\/\/marekkuchcinski.pl\/ro\/wiesci-z-sejmu\/53-posiedzenie-sejmu\/#primaryimage\"},\"thumbnailUrl\":\"https:\/\/marekkuchcinski.pl\/wp-content\/uploads\/2017\/12\/KKB_5511.jpg\",\"articleSection\":[\"Wie\u015bci z Sejmu\"],\"inLanguage\":\"cs\",\"potentialAction\":[{\"@type\":\"CommentAction\",\"name\":\"Comment\",\"target\":[\"https:\/\/marekkuchcinski.pl\/ro\/wiesci-z-sejmu\/53-posiedzenie-sejmu\/#respond\"]}]},{\"@type\":\"WebPage\",\"@id\":\"https:\/\/marekkuchcinski.pl\/ro\/wiesci-z-sejmu\/53-posiedzenie-sejmu\/\",\"url\":\"https:\/\/marekkuchcinski.pl\/ro\/wiesci-z-sejmu\/53-posiedzenie-sejmu\/\",\"name\":\"53. posiedzenie Sejmu &#8211; Marek Kuchci\u0144ski\",\"isPartOf\":{\"@id\":\"https:\/\/marekkuchcinski.pl\/#website\"},\"primaryImageOfPage\":{\"@id\":\"https:\/\/marekkuchcinski.pl\/ro\/wiesci-z-sejmu\/53-posiedzenie-sejmu\/#primaryimage\"},\"image\":{\"@id\":\"https:\/\/marekkuchcinski.pl\/ro\/wiesci-z-sejmu\/53-posiedzenie-sejmu\/#primaryimage\"},\"thumbnailUrl\":\"https:\/\/marekkuchcinski.pl\/wp-content\/uploads\/2017\/12\/KKB_5511.jpg\",\"datePublished\":\"2017-12-08T08:27:21+00:00\",\"dateModified\":\"2017-12-08T14:44:40+00:00\",\"breadcrumb\":{\"@id\":\"https:\/\/marekkuchcinski.pl\/ro\/wiesci-z-sejmu\/53-posiedzenie-sejmu\/#breadcrumb\"},\"inLanguage\":\"cs\",\"potentialAction\":[{\"@type\":\"ReadAction\",\"target\":[\"https:\/\/marekkuchcinski.pl\/ro\/wiesci-z-sejmu\/53-posiedzenie-sejmu\/\"]}]},{\"@type\":\"ImageObject\",\"inLanguage\":\"cs\",\"@id\":\"https:\/\/marekkuchcinski.pl\/ro\/wiesci-z-sejmu\/53-posiedzenie-sejmu\/#primaryimage\",\"url\":\"https:\/\/marekkuchcinski.pl\/wp-content\/uploads\/2017\/12\/KKB_5511.jpg\",\"contentUrl\":\"https:\/\/marekkuchcinski.pl\/wp-content\/uploads\/2017\/12\/KKB_5511.jpg\",\"width\":2048,\"height\":1365},{\"@type\":\"BreadcrumbList\",\"@id\":\"https:\/\/marekkuchcinski.pl\/ro\/wiesci-z-sejmu\/53-posiedzenie-sejmu\/#breadcrumb\",\"itemListElement\":[{\"@type\":\"ListItem\",\"position\":1,\"name\":\"Strona g\u0142\u00f3wna\",\"item\":\"https:\/\/marekkuchcinski.pl\/\"},{\"@type\":\"ListItem\",\"position\":2,\"name\":\"53. posiedzenie Sejmu\"}]},{\"@type\":\"WebSite\",\"@id\":\"https:\/\/marekkuchcinski.pl\/#website\",\"url\":\"https:\/\/marekkuchcinski.pl\/\",\"name\":\"Marek Kuchci\u0144ski\",\"description\":\"Pose\u0142 na sejm RP &ndash; okr\u0119g nr 22\",\"publisher\":{\"@id\":\"https:\/\/marekkuchcinski.pl\/#organization\"},\"potentialAction\":[{\"@type\":\"SearchAction\",\"target\":{\"@type\":\"EntryPoint\",\"urlTemplate\":\"https:\/\/marekkuchcinski.pl\/?s={search_term_string}\"},\"query-input\":{\"@type\":\"PropertyValueSpecification\",\"valueRequired\":true,\"valueName\":\"search_term_string\"}}],\"inLanguage\":\"cs\"},{\"@type\":\"Organization\",\"@id\":\"https:\/\/marekkuchcinski.pl\/#organization\",\"name\":\"Marek Kuchci\u0144ski\",\"url\":\"https:\/\/marekkuchcinski.pl\/\",\"logo\":{\"@type\":\"ImageObject\",\"inLanguage\":\"cs\",\"@id\":\"https:\/\/marekkuchcinski.pl\/#\/schema\/logo\/image\/\",\"url\":\"https:\/\/marekkuchcinski.pl\/wp-content\/uploads\/2022\/09\/Marek.jpg\",\"contentUrl\":\"https:\/\/marekkuchcinski.pl\/wp-content\/uploads\/2022\/09\/Marek.jpg\",\"width\":1600,\"height\":971,\"caption\":\"Marek Kuchci\u0144ski\"},\"image\":{\"@id\":\"https:\/\/marekkuchcinski.pl\/#\/schema\/logo\/image\/\"}},{\"@type\":\"Person\",\"@id\":\"https:\/\/marekkuchcinski.pl\/#\/schema\/person\/6f62700996b4d950b6ea2d1183b6c6be\",\"name\":\"admin\",\"image\":{\"@type\":\"ImageObject\",\"inLanguage\":\"cs\",\"@id\":\"https:\/\/marekkuchcinski.pl\/#\/schema\/person\/image\/\",\"url\":\"https:\/\/secure.gravatar.com\/avatar\/4bab693b9d55c3d6b52c0296a8765085?s=96&d=mm&r=g\",\"contentUrl\":\"https:\/\/secure.gravatar.com\/avatar\/4bab693b9d55c3d6b52c0296a8765085?s=96&d=mm&r=g\",\"caption\":\"admin\"},\"url\":\"https:\/\/marekkuchcinski.pl\/cs\/author\/marta-olejnik\/\"}]}<\/script>\n<!-- \/ Yoast SEO plugin. -->","yoast_head_json":{"title":"53. posiedzenie Sejmu &#8211; Marek Kuchci\u0144ski","robots":{"index":"index","follow":"follow","max-snippet":"max-snippet:-1","max-image-preview":"max-image-preview:large","max-video-preview":"max-video-preview:-1"},"canonical":"https:\/\/marekkuchcinski.pl\/cs\/wiesci-z-sejmu\/53-posiedzenie-sejmu\/","og_locale":"cs_CZ","og_type":"article","og_title":"53. posiedzenie Sejmu &#8211; Marek Kuchci\u0144ski","og_description":"Podczas 53. posiedzenia Sejm odrzuci\u0142 wotum nieufno\u015bci wobec rz\u0105du premier Beaty Szy\u0142o. Pos\u0142owie uchwalili m.in.: zmiany w bud\u017cecie. Narodowy Fundusz Zdrowia otrzyma z bud\u017cetu pa\u0144stwa dotacj\u0119 na finansowanie \u015bwiadcze\u0144 gwarantowanych, w tym \u015bwiadcze\u0144 wysokospecjalistycznych, udzielonych ponad kwoty zobowi\u0105za\u0144 wynikaj\u0105cych z zawartych um\u00f3w o udzielanie \u015bwiadcze\u0144 opieki zdrowotnej wobec poszczeg\u00f3lnych \u015bwiadczeniodawc\u00f3w w danym zakresie do wysoko\u015bci [&hellip;]","og_url":"https:\/\/marekkuchcinski.pl\/cs\/wiesci-z-sejmu\/53-posiedzenie-sejmu\/","og_site_name":"Marek Kuchci\u0144ski","article_published_time":"2017-12-08T08:27:21+00:00","article_modified_time":"2017-12-08T14:44:40+00:00","og_image":[{"width":2048,"height":1365,"url":"https:\/\/marekkuchcinski.pl\/wp-content\/uploads\/2017\/12\/KKB_5511.jpg","type":"image\/jpeg"}],"author":"admin","twitter_card":"summary_large_image","twitter_misc":{"Napsal(a)":"admin","Odhadovan\u00e1 doba \u010dten\u00ed":"2 minuty"},"schema":{"@context":"https:\/\/schema.org","@graph":[{"@type":"Article","@id":"https:\/\/marekkuchcinski.pl\/ro\/wiesci-z-sejmu\/53-posiedzenie-sejmu\/#article","isPartOf":{"@id":"https:\/\/marekkuchcinski.pl\/ro\/wiesci-z-sejmu\/53-posiedzenie-sejmu\/"},"author":{"name":"admin","@id":"https:\/\/marekkuchcinski.pl\/#\/schema\/person\/6f62700996b4d950b6ea2d1183b6c6be"},"headline":"53. posiedzenie Sejmu","datePublished":"2017-12-08T08:27:21+00:00","dateModified":"2017-12-08T14:44:40+00:00","mainEntityOfPage":{"@id":"https:\/\/marekkuchcinski.pl\/ro\/wiesci-z-sejmu\/53-posiedzenie-sejmu\/"},"wordCount":455,"commentCount":0,"publisher":{"@id":"https:\/\/marekkuchcinski.pl\/#organization"},"image":{"@id":"https:\/\/marekkuchcinski.pl\/ro\/wiesci-z-sejmu\/53-posiedzenie-sejmu\/#primaryimage"},"thumbnailUrl":"https:\/\/marekkuchcinski.pl\/wp-content\/uploads\/2017\/12\/KKB_5511.jpg","articleSection":["Wie\u015bci z Sejmu"],"inLanguage":"cs","potentialAction":[{"@type":"CommentAction","name":"Comment","target":["https:\/\/marekkuchcinski.pl\/ro\/wiesci-z-sejmu\/53-posiedzenie-sejmu\/#respond"]}]},{"@type":"WebPage","@id":"https:\/\/marekkuchcinski.pl\/ro\/wiesci-z-sejmu\/53-posiedzenie-sejmu\/","url":"https:\/\/marekkuchcinski.pl\/ro\/wiesci-z-sejmu\/53-posiedzenie-sejmu\/","name":"53. posiedzenie Sejmu &#8211; Marek Kuchci\u0144ski","isPartOf":{"@id":"https:\/\/marekkuchcinski.pl\/#website"},"primaryImageOfPage":{"@id":"https:\/\/marekkuchcinski.pl\/ro\/wiesci-z-sejmu\/53-posiedzenie-sejmu\/#primaryimage"},"image":{"@id":"https:\/\/marekkuchcinski.pl\/ro\/wiesci-z-sejmu\/53-posiedzenie-sejmu\/#primaryimage"},"thumbnailUrl":"https:\/\/marekkuchcinski.pl\/wp-content\/uploads\/2017\/12\/KKB_5511.jpg","datePublished":"2017-12-08T08:27:21+00:00","dateModified":"2017-12-08T14:44:40+00:00","breadcrumb":{"@id":"https:\/\/marekkuchcinski.pl\/ro\/wiesci-z-sejmu\/53-posiedzenie-sejmu\/#breadcrumb"},"inLanguage":"cs","potentialAction":[{"@type":"ReadAction","target":["https:\/\/marekkuchcinski.pl\/ro\/wiesci-z-sejmu\/53-posiedzenie-sejmu\/"]}]},{"@type":"ImageObject","inLanguage":"cs","@id":"https:\/\/marekkuchcinski.pl\/ro\/wiesci-z-sejmu\/53-posiedzenie-sejmu\/#primaryimage","url":"https:\/\/marekkuchcinski.pl\/wp-content\/uploads\/2017\/12\/KKB_5511.jpg","contentUrl":"https:\/\/marekkuchcinski.pl\/wp-content\/uploads\/2017\/12\/KKB_5511.jpg","width":2048,"height":1365},{"@type":"BreadcrumbList","@id":"https:\/\/marekkuchcinski.pl\/ro\/wiesci-z-sejmu\/53-posiedzenie-sejmu\/#breadcrumb","itemListElement":[{"@type":"ListItem","position":1,"name":"Strona g\u0142\u00f3wna","item":"https:\/\/marekkuchcinski.pl\/"},{"@type":"ListItem","position":2,"name":"53. posiedzenie Sejmu"}]},{"@type":"WebSite","@id":"https:\/\/marekkuchcinski.pl\/#website","url":"https:\/\/marekkuchcinski.pl\/","name":"Marek Kuchci\u0144ski","description":"Pose\u0142 na sejm RP &ndash; okr\u0119g nr 22","publisher":{"@id":"https:\/\/marekkuchcinski.pl\/#organization"},"potentialAction":[{"@type":"SearchAction","target":{"@type":"EntryPoint","urlTemplate":"https:\/\/marekkuchcinski.pl\/?s={search_term_string}"},"query-input":{"@type":"PropertyValueSpecification","valueRequired":true,"valueName":"search_term_string"}}],"inLanguage":"cs"},{"@type":"Organization","@id":"https:\/\/marekkuchcinski.pl\/#organization","name":"Marek Kuchci\u0144ski","url":"https:\/\/marekkuchcinski.pl\/","logo":{"@type":"ImageObject","inLanguage":"cs","@id":"https:\/\/marekkuchcinski.pl\/#\/schema\/logo\/image\/","url":"https:\/\/marekkuchcinski.pl\/wp-content\/uploads\/2022\/09\/Marek.jpg","contentUrl":"https:\/\/marekkuchcinski.pl\/wp-content\/uploads\/2022\/09\/Marek.jpg","width":1600,"height":971,"caption":"Marek Kuchci\u0144ski"},"image":{"@id":"https:\/\/marekkuchcinski.pl\/#\/schema\/logo\/image\/"}},{"@type":"Person","@id":"https:\/\/marekkuchcinski.pl\/#\/schema\/person\/6f62700996b4d950b6ea2d1183b6c6be","name":"admin","image":{"@type":"ImageObject","inLanguage":"cs","@id":"https:\/\/marekkuchcinski.pl\/#\/schema\/person\/image\/","url":"https:\/\/secure.gravatar.com\/avatar\/4bab693b9d55c3d6b52c0296a8765085?s=96&d=mm&r=g","contentUrl":"https:\/\/secure.gravatar.com\/avatar\/4bab693b9d55c3d6b52c0296a8765085?s=96&d=mm&r=g","caption":"admin"},"url":"https:\/\/marekkuchcinski.pl\/cs\/author\/marta-olejnik\/"}]}},"_links":{"self":[{"href":"https:\/\/marekkuchcinski.pl\/cs\/wp-json\/wp\/v2\/posts\/7999","targetHints":{"allow":["GET"]}}],"collection":[{"href":"https:\/\/marekkuchcinski.pl\/cs\/wp-json\/wp\/v2\/posts"}],"about":[{"href":"https:\/\/marekkuchcinski.pl\/cs\/wp-json\/wp\/v2\/types\/post"}],"author":[{"embeddable":true,"href":"https:\/\/marekkuchcinski.pl\/cs\/wp-json\/wp\/v2\/users\/6"}],"replies":[{"embeddable":true,"href":"https:\/\/marekkuchcinski.pl\/cs\/wp-json\/wp\/v2\/comments?post=7999"}],"version-history":[{"count":10,"href":"https:\/\/marekkuchcinski.pl\/cs\/wp-json\/wp\/v2\/posts\/7999\/revisions"}],"predecessor-version":[{"id":8018,"href":"https:\/\/marekkuchcinski.pl\/cs\/wp-json\/wp\/v2\/posts\/7999\/revisions\/8018"}],"wp:featuredmedia":[{"embeddable":true,"href":"https:\/\/marekkuchcinski.pl\/cs\/wp-json\/wp\/v2\/media\/8007"}],"wp:attachment":[{"href":"https:\/\/marekkuchcinski.pl\/cs\/wp-json\/wp\/v2\/media?parent=7999"}],"wp:term":[{"taxonomy":"category","embeddable":true,"href":"https:\/\/marekkuchcinski.pl\/cs\/wp-json\/wp\/v2\/categories?post=7999"},{"taxonomy":"post_tag","embeddable":true,"href":"https:\/\/marekkuchcinski.pl\/cs\/wp-json\/wp\/v2\/tags?post=7999"}],"curies":[{"name":"wp","href":"https:\/\/api.w.org\/{rel}","templated":true}]}}