{"id":7967,"date":"2017-12-04T13:38:26","date_gmt":"2017-12-04T12:38:26","guid":{"rendered":"https:\/\/marekkuchcinski.pl\/?p=7967"},"modified":"2017-12-04T13:38:26","modified_gmt":"2017-12-04T12:38:26","slug":"list-marszalka-sejmu-okazji-75-lecia-powstania-zegoty","status":"publish","type":"post","link":"https:\/\/marekkuchcinski.pl\/cs\/wydarzenia\/list-marszalka-sejmu-okazji-75-lecia-powstania-zegoty\/","title":{"rendered":"Dopis p\u0159edsedy Sejmu k 75. v\u00fdro\u010d\u00ed \u017begoty"},"content":{"rendered":"<p style=\"text-align: center;\">\n<p style=\"text-align: center;\"><em>\u00a0\u00a0\u00a0\u00a0\u00a0\u00a0\u00a0\u00a0\u00a0\u00a0\u00a0 V\u0161ichni zn\u00e1me moudr\u00e1 a kr\u00e1sn\u00e1 slova Talmudu: \"Kdo zachr\u00e1n\u00ed jeden \u017eivot, zachr\u00e1n\u00ed cel\u00fd sv\u011bt\". Dnes jsme napln\u011bni vd\u011b\u010dnost\u00ed za v\u0161echny, kte\u0159\u00ed v dob\u011b holocaustu riskovali z\u00e1chranu \u010dlov\u011bka, i kdy\u017e za to mohli zaplatit \u017eivotem sv\u00fdm i sv\u00fdch bl\u00edzk\u00fdch. Letos si je p\u0159ipom\u00edn\u00e1me 75. v\u00fdro\u010d\u00edm zalo\u017een\u00ed Rady pro pomoc \u017did\u016fm \"\u017begota\". Prvn\u00ed a jedin\u00e1 institucion\u00e1ln\u00ed forma pomoci \u017did\u016fm b\u011bhem druh\u00e9 sv\u011btov\u00e9 v\u00e1lky. Tuto jedine\u010dnou aktivitu prov\u00e1d\u011bli lid\u00e9<\/em><em>kte\u0159\u00ed m\u011bli tv\u00e1\u0159\u00ed v tv\u00e1\u0159 totalit\u011b a genocid\u011b odvahu br\u00e1nit lidskou d\u016fstojnost, pom\u00e1hat ob\u011btem nebo se postavit za pravdu. Jejich p\u0159\u00edklad je pro n\u00e1s nesm\u00edrn\u011b d\u016fle\u017eit\u00fdm referen\u010dn\u00edm bodem. Proto srde\u010dn\u011b blahop\u0159eji nositel\u016fm st\u00e1tn\u00edch vyznamen\u00e1n\u00ed ud\u011blovan\u00fdch prezidentem republiky a ze srdce d\u011bkuji v\u0161em, kte\u0159\u00ed v tak t\u011b\u017ek\u00e9 dob\u011b dok\u00e1zali, \u017ee bez ohledu na okolnosti a nep\u0159\u00edze\u0148 osudu se v\u017edy vyplat\u00ed b\u00fdt \u010dlov\u011bkem.<\/em><\/p>\n<p style=\"text-align: center;\"><em>Pr\u00e1v\u011b v t\u011bchto v\u00fdjime\u010dn\u00fdch chv\u00edl\u00edch si toti\u017e velmi dob\u0159e uv\u011bdomujeme, \u017ee z\u00e1kladem na\u0161\u00ed existence by m\u011bla b\u00fdt d\u016fstojnost a lidskost, otev\u0159enost a tolerance, spravedlnost a m\u00edr. Toto nesm\u00edrn\u011b d\u016fle\u017eit\u00e9 a nad\u010dasov\u00e9 poselstv\u00ed vych\u00e1z\u00ed z historie \"\u017begoty\" a v\u00fdjime\u010dn\u00e9ho p\u0159\u00edstupu lid\u00ed, kte\u0159\u00ed ji vytvo\u0159ili.<\/em><\/p>\n<p style=\"text-align: right;\">\n<p style=\"text-align: right;\"><em>Marek Kuchci\u0144ski<\/em><\/p>","protected":false},"excerpt":{"rendered":"<p>\u00a0\u00a0\u00a0\u00a0\u00a0\u00a0\u00a0\u00a0\u00a0\u00a0\u00a0 Wszyscy znamy m\u0105dre i pi\u0119kne s\u0142owa Talmudu: \u201eKto ratuje jedno \u017cycie, ratuje ca\u0142y \u015bwiat\u201d. Dzisiaj przepe\u0142nia nas wdzi\u0119czno\u015b\u0107 dla tych wszystkich, kt\u00f3rzy w czasach Zag\u0142ady podejmowali ryzyko ratowania cz\u0142owieka, cho\u0107 cen\u0105 mog\u0142o by\u0107 ich w\u0142asne \u017cycie i \u017cycie ich bliskich. W tym roku przypomina o nich 75. rocznica powo\u0142ania Rady Pomocy \u017bydom \u201e\u017begota\u201d. Pierwszej [&hellip;]<\/p>\n","protected":false},"author":6,"featured_media":7968,"comment_status":"open","ping_status":"open","sticky":false,"template":"","format":"standard","meta":{"ngg_post_thumbnail":0,"footnotes":""},"categories":[77,3],"tags":[],"class_list":["post-7967","post","type-post","status-publish","format-standard","has-post-thumbnail","hentry","category-wazne-daty","category-wydarzenia"],"_links":{"self":[{"href":"https:\/\/marekkuchcinski.pl\/cs\/wp-json\/wp\/v2\/posts\/7967","targetHints":{"allow":["GET"]}}],"collection":[{"href":"https:\/\/marekkuchcinski.pl\/cs\/wp-json\/wp\/v2\/posts"}],"about":[{"href":"https:\/\/marekkuchcinski.pl\/cs\/wp-json\/wp\/v2\/types\/post"}],"author":[{"embeddable":true,"href":"https:\/\/marekkuchcinski.pl\/cs\/wp-json\/wp\/v2\/users\/6"}],"replies":[{"embeddable":true,"href":"https:\/\/marekkuchcinski.pl\/cs\/wp-json\/wp\/v2\/comments?post=7967"}],"version-history":[{"count":1,"href":"https:\/\/marekkuchcinski.pl\/cs\/wp-json\/wp\/v2\/posts\/7967\/revisions"}],"predecessor-version":[{"id":7969,"href":"https:\/\/marekkuchcinski.pl\/cs\/wp-json\/wp\/v2\/posts\/7967\/revisions\/7969"}],"wp:featuredmedia":[{"embeddable":true,"href":"https:\/\/marekkuchcinski.pl\/cs\/wp-json\/wp\/v2\/media\/7968"}],"wp:attachment":[{"href":"https:\/\/marekkuchcinski.pl\/cs\/wp-json\/wp\/v2\/media?parent=7967"}],"wp:term":[{"taxonomy":"category","embeddable":true,"href":"https:\/\/marekkuchcinski.pl\/cs\/wp-json\/wp\/v2\/categories?post=7967"},{"taxonomy":"post_tag","embeddable":true,"href":"https:\/\/marekkuchcinski.pl\/cs\/wp-json\/wp\/v2\/tags?post=7967"}],"curies":[{"name":"wp","href":"https:\/\/api.w.org\/{rel}","templated":true}]}}