{"id":7850,"date":"2017-11-14T09:44:17","date_gmt":"2017-11-14T08:44:17","guid":{"rendered":"https:\/\/marekkuchcinski.pl\/?p=7850"},"modified":"2017-11-15T17:13:39","modified_gmt":"2017-11-15T16:13:39","slug":"lubaczow-przekazanie-kopii-sztandaru-brygady-legionow-marszalka-sejmu","status":"publish","type":"post","link":"https:\/\/marekkuchcinski.pl\/cs\/wydarzenia\/lubaczow-przekazanie-kopii-sztandaru-brygady-legionow-marszalka-sejmu\/","title":{"rendered":"Lubacz\u00f3w: p\u0159ed\u00e1n\u00ed kopie praporu 1. brig\u00e1dy legi\u00ed p\u0159edsedou Sejmu"},"content":{"rendered":"<p><strong>- Lubacz\u00f3w se st\u00e1v\u00e1 d\u011bdictv\u00edm lvovsk\u00e9 tradice - \u0159ekl p\u0159edseda Sejmu po m\u0161i, kter\u00e1 se konala v r\u00e1mci XVII. celost\u00e1tn\u00edho polsk\u00e9ho festivalu vlasteneck\u00e9 p\u00edsn\u011b, p\u00edsn\u011b a poezie \"Bohu a vlasti\", pojmenovan\u00e9ho po kardin\u00e1lu W\u0142adys\u0142awu Rubinovi.<\/strong><\/p>\n<p>Mar\u0161\u00e1l tak\u00e9 hovo\u0159il o mimo\u0159\u00e1dn\u00e9m prol\u00edn\u00e1n\u00ed historie a symboliky, o cest\u011b, kterou nastoupili velc\u00ed Pol\u00e1ci jako Pi\u0142sudski a Dmowski. - V den st\u00e9ho v\u00fdro\u010d\u00ed znovuz\u00edsk\u00e1n\u00ed nez\u00e1vislosti jsme v podobn\u00e9 situaci jako na\u0161i p\u0159edkov\u00e9. Mus\u00edme se sjednotit p\u0159ed dal\u0161\u00edm \u00fakolem, kter\u00fdm je obnoven\u00ed vlastenectv\u00ed, svobody a pocitu soun\u00e1le\u017eitosti. Mus\u00edme sjednotit v\u0161echny kolem budov\u00e1n\u00ed st\u00e1tu - siln\u00e9ho, solid\u00e1rn\u00edho a bezpe\u010dn\u00e9ho Polska - \u0159ekl. Zd\u016fraznil tak\u00e9, \u017ee bez v\u00edry generac\u00ed Pol\u00e1k\u016f, velk\u00fdch i nezn\u00e1m\u00fdch, by nebylo \u00fasp\u011bch\u016f a v\u00edt\u011bzstv\u00ed. - D\u00edky nim jsme Pol\u00e1ci - hrd\u00fd, svobodn\u00fd n\u00e1rod \u017eij\u00edc\u00ed ve vlastn\u00edm st\u00e1t\u011b, na\u0161\u00ed republice, kter\u00e1 se rozv\u00edj\u00ed a posiluje - \u0159ekl Marek Kuchci\u0144ski.<\/p>\n<p>B\u011bhem m\u0161e p\u0159edal mluv\u010d\u00ed lubaczowsk\u00fdm st\u0159elc\u016fm kopii praporu 1. brig\u00e1dy legi\u00ed, kter\u00fd financoval Sejm a kter\u00fd m\u00e1 trvale sv\u00e9 m\u00edsto v lubaczowsk\u00e9 svatyni. - V\u010dera jsme oslavili 99. v\u00fdro\u010d\u00ed znovuz\u00edsk\u00e1n\u00ed nez\u00e1vislosti. 6. srpna 1914 vyrazila z Krakova prvn\u00ed k\u00e1drov\u00e1 rota. To byl za\u010d\u00e1tek historie prvn\u00ed brig\u00e1dy legi\u00ed, kter\u00e1 vznikla o n\u011bkolik m\u011bs\u00edc\u016f pozd\u011bji. Jeho prapor, jeho\u017e kopii p\u0159ed chv\u00edl\u00ed posv\u011btil biskup, nesl n\u00e1pisy \"Svobodn\u00fd \u010dlov\u011bk ve svobodn\u00e9m Polsku\" a \"Polsk\u00fd voj\u00e1k obnovil \u010dest Polska\" - \u0159ekl mar\u0161\u00e1l.<\/p>\n<p>So\u0161ku \"B\u016fh a vlast\", vyznamen\u00e1n\u00ed ud\u011blovan\u00e9 organiz\u00e1tory festivalu za mimo\u0159\u00e1dn\u00e9 z\u00e1sluhy o propagaci polsk\u00e9 kultury, p\u0159edal mar\u0161\u00e1lek Sejmu Adamu Bujakovi. Fotograf po l\u00e9ta dokumentoval \u017eivot a pontifik\u00e1t Jana Pavla II. Mar\u0161\u00e1l upozornil na shodu data narozen\u00ed fotografa - 12. kv\u011btna - s datem, kdy jsme se lou\u010dili s J\u00f3zefem Pi\u0142sudsk\u00fdm (zem\u0159el v roce 1935). Adam Bujak je dr\u017eitelem mnoha polsk\u00fdch i zahrani\u010dn\u00edch ocen\u011bn\u00ed, autorem stovek alb, knih a plak\u00e1t\u016f. Letos obdr\u017eel od prezidenta Polsk\u00e9 republiky \u0158\u00e1d b\u00edl\u00e9ho orla.<\/p>\n<p><a href=\"https:\/\/marekkuchcinski.pl\/wp-content\/uploads\/2017\/11\/KU236764.jpg\"><img fetchpriority=\"high\" decoding=\"async\" class=\"alignnone size-full wp-image-7851\" src=\"https:\/\/marekkuchcinski.pl\/wp-content\/uploads\/2017\/11\/KU236764.jpg\" alt=\"KU236764\" width=\"800\" height=\"606\" srcset=\"https:\/\/marekkuchcinski.pl\/wp-content\/uploads\/2017\/11\/KU236764.jpg 800w, https:\/\/marekkuchcinski.pl\/wp-content\/uploads\/2017\/11\/KU236764-300x227.jpg 300w, https:\/\/marekkuchcinski.pl\/wp-content\/uploads\/2017\/11\/KU236764-768x582.jpg 768w\" sizes=\"(max-width: 800px) 100vw, 800px\" \/><\/a> <a href=\"https:\/\/marekkuchcinski.pl\/wp-content\/uploads\/2017\/11\/DSCF7327.jpg\"><img decoding=\"async\" class=\"alignnone size-full wp-image-7853\" src=\"https:\/\/marekkuchcinski.pl\/wp-content\/uploads\/2017\/11\/DSCF7327.jpg\" alt=\"DSCF7327\" width=\"800\" height=\"476\" srcset=\"https:\/\/marekkuchcinski.pl\/wp-content\/uploads\/2017\/11\/DSCF7327.jpg 800w, https:\/\/marekkuchcinski.pl\/wp-content\/uploads\/2017\/11\/DSCF7327-300x179.jpg 300w, https:\/\/marekkuchcinski.pl\/wp-content\/uploads\/2017\/11\/DSCF7327-768x457.jpg 768w\" sizes=\"(max-width: 800px) 100vw, 800px\" \/><\/a> <a href=\"https:\/\/marekkuchcinski.pl\/wp-content\/uploads\/2017\/11\/DSCF7326.jpg\"><img decoding=\"async\" class=\"alignnone size-full wp-image-7854\" src=\"https:\/\/marekkuchcinski.pl\/wp-content\/uploads\/2017\/11\/DSCF7326.jpg\" alt=\"DSCF7326\" width=\"800\" height=\"534\" srcset=\"https:\/\/marekkuchcinski.pl\/wp-content\/uploads\/2017\/11\/DSCF7326.jpg 800w, https:\/\/marekkuchcinski.pl\/wp-content\/uploads\/2017\/11\/DSCF7326-300x200.jpg 300w, https:\/\/marekkuchcinski.pl\/wp-content\/uploads\/2017\/11\/DSCF7326-768x513.jpg 768w\" sizes=\"(max-width: 800px) 100vw, 800px\" \/><\/a> <a href=\"https:\/\/marekkuchcinski.pl\/wp-content\/uploads\/2017\/11\/KU236646.jpg\"><img loading=\"lazy\" decoding=\"async\" class=\"alignnone size-full wp-image-7855\" src=\"https:\/\/marekkuchcinski.pl\/wp-content\/uploads\/2017\/11\/KU236646.jpg\" alt=\"KU236646\" width=\"800\" height=\"534\" srcset=\"https:\/\/marekkuchcinski.pl\/wp-content\/uploads\/2017\/11\/KU236646.jpg 800w, https:\/\/marekkuchcinski.pl\/wp-content\/uploads\/2017\/11\/KU236646-300x200.jpg 300w, https:\/\/marekkuchcinski.pl\/wp-content\/uploads\/2017\/11\/KU236646-768x513.jpg 768w\" sizes=\"(max-width: 800px) 100vw, 800px\" \/><\/a> <a href=\"https:\/\/marekkuchcinski.pl\/wp-content\/uploads\/2017\/11\/KU236110.jpg\"><img loading=\"lazy\" decoding=\"async\" class=\"alignnone size-full wp-image-7856\" src=\"https:\/\/marekkuchcinski.pl\/wp-content\/uploads\/2017\/11\/KU236110.jpg\" alt=\"KU236110\" width=\"2736\" height=\"1824\" srcset=\"https:\/\/marekkuchcinski.pl\/wp-content\/uploads\/2017\/11\/KU236110.jpg 2048w, https:\/\/marekkuchcinski.pl\/wp-content\/uploads\/2017\/11\/KU236110-300x200.jpg 300w, https:\/\/marekkuchcinski.pl\/wp-content\/uploads\/2017\/11\/KU236110-768x512.jpg 768w, https:\/\/marekkuchcinski.pl\/wp-content\/uploads\/2017\/11\/KU236110-1024x683.jpg 1024w\" sizes=\"(max-width: 2736px) 100vw, 2736px\" \/><\/a> <a href=\"https:\/\/marekkuchcinski.pl\/wp-content\/uploads\/2017\/11\/KU236179.jpg\"><img loading=\"lazy\" decoding=\"async\" class=\"alignnone size-full wp-image-7857\" src=\"https:\/\/marekkuchcinski.pl\/wp-content\/uploads\/2017\/11\/KU236179.jpg\" alt=\"KU236179\" width=\"2736\" height=\"1824\" srcset=\"https:\/\/marekkuchcinski.pl\/wp-content\/uploads\/2017\/11\/KU236179.jpg 2048w, https:\/\/marekkuchcinski.pl\/wp-content\/uploads\/2017\/11\/KU236179-300x200.jpg 300w, https:\/\/marekkuchcinski.pl\/wp-content\/uploads\/2017\/11\/KU236179-768x512.jpg 768w, https:\/\/marekkuchcinski.pl\/wp-content\/uploads\/2017\/11\/KU236179-1024x683.jpg 1024w\" sizes=\"(max-width: 2736px) 100vw, 2736px\" \/><\/a> <a href=\"https:\/\/marekkuchcinski.pl\/wp-content\/uploads\/2017\/11\/KU236395.jpg\"><img loading=\"lazy\" decoding=\"async\" class=\"alignnone size-full wp-image-7858\" src=\"https:\/\/marekkuchcinski.pl\/wp-content\/uploads\/2017\/11\/KU236395.jpg\" alt=\"KU236395\" width=\"2736\" height=\"1824\" srcset=\"https:\/\/marekkuchcinski.pl\/wp-content\/uploads\/2017\/11\/KU236395.jpg 2048w, https:\/\/marekkuchcinski.pl\/wp-content\/uploads\/2017\/11\/KU236395-300x200.jpg 300w, https:\/\/marekkuchcinski.pl\/wp-content\/uploads\/2017\/11\/KU236395-768x512.jpg 768w, https:\/\/marekkuchcinski.pl\/wp-content\/uploads\/2017\/11\/KU236395-1024x683.jpg 1024w\" sizes=\"(max-width: 2736px) 100vw, 2736px\" \/><\/a> <a href=\"https:\/\/marekkuchcinski.pl\/wp-content\/uploads\/2017\/11\/KU236411.jpg\"><img loading=\"lazy\" decoding=\"async\" class=\"alignnone size-full wp-image-7859\" src=\"https:\/\/marekkuchcinski.pl\/wp-content\/uploads\/2017\/11\/KU236411.jpg\" alt=\"KU236411\" width=\"2736\" height=\"1824\" srcset=\"https:\/\/marekkuchcinski.pl\/wp-content\/uploads\/2017\/11\/KU236411.jpg 2048w, https:\/\/marekkuchcinski.pl\/wp-content\/uploads\/2017\/11\/KU236411-300x200.jpg 300w, https:\/\/marekkuchcinski.pl\/wp-content\/uploads\/2017\/11\/KU236411-768x512.jpg 768w, https:\/\/marekkuchcinski.pl\/wp-content\/uploads\/2017\/11\/KU236411-1024x683.jpg 1024w\" sizes=\"(max-width: 2736px) 100vw, 2736px\" \/><\/a> <a href=\"https:\/\/marekkuchcinski.pl\/wp-content\/uploads\/2017\/11\/KU236470.jpg\"><img loading=\"lazy\" decoding=\"async\" class=\"alignnone size-full wp-image-7861\" src=\"https:\/\/marekkuchcinski.pl\/wp-content\/uploads\/2017\/11\/KU236470.jpg\" alt=\"KU236470\" width=\"2736\" height=\"1824\" srcset=\"https:\/\/marekkuchcinski.pl\/wp-content\/uploads\/2017\/11\/KU236470.jpg 2048w, https:\/\/marekkuchcinski.pl\/wp-content\/uploads\/2017\/11\/KU236470-300x200.jpg 300w, https:\/\/marekkuchcinski.pl\/wp-content\/uploads\/2017\/11\/KU236470-768x512.jpg 768w, https:\/\/marekkuchcinski.pl\/wp-content\/uploads\/2017\/11\/KU236470-1024x683.jpg 1024w\" sizes=\"(max-width: 2736px) 100vw, 2736px\" \/><\/a> <a href=\"https:\/\/marekkuchcinski.pl\/wp-content\/uploads\/2017\/11\/KU237094.jpg\"><img loading=\"lazy\" decoding=\"async\" class=\"alignnone size-full wp-image-7869\" src=\"https:\/\/marekkuchcinski.pl\/wp-content\/uploads\/2017\/11\/KU237094.jpg\" alt=\"KU237094\" width=\"2736\" height=\"1824\" srcset=\"https:\/\/marekkuchcinski.pl\/wp-content\/uploads\/2017\/11\/KU237094.jpg 2048w, https:\/\/marekkuchcinski.pl\/wp-content\/uploads\/2017\/11\/KU237094-300x200.jpg 300w, https:\/\/marekkuchcinski.pl\/wp-content\/uploads\/2017\/11\/KU237094-768x512.jpg 768w, https:\/\/marekkuchcinski.pl\/wp-content\/uploads\/2017\/11\/KU237094-1024x683.jpg 1024w\" sizes=\"(max-width: 2736px) 100vw, 2736px\" \/><\/a> <a href=\"https:\/\/marekkuchcinski.pl\/wp-content\/uploads\/2017\/11\/KU237083.jpg\"><img loading=\"lazy\" decoding=\"async\" class=\"alignnone size-full wp-image-7872\" src=\"https:\/\/marekkuchcinski.pl\/wp-content\/uploads\/2017\/11\/KU237083.jpg\" alt=\"KU237083\" width=\"2736\" height=\"1824\" srcset=\"https:\/\/marekkuchcinski.pl\/wp-content\/uploads\/2017\/11\/KU237083.jpg 2048w, https:\/\/marekkuchcinski.pl\/wp-content\/uploads\/2017\/11\/KU237083-300x200.jpg 300w, https:\/\/marekkuchcinski.pl\/wp-content\/uploads\/2017\/11\/KU237083-768x512.jpg 768w, https:\/\/marekkuchcinski.pl\/wp-content\/uploads\/2017\/11\/KU237083-1024x683.jpg 1024w\" sizes=\"(max-width: 2736px) 100vw, 2736px\" \/><\/a><a href=\"https:\/\/marekkuchcinski.pl\/wp-content\/uploads\/2017\/11\/DSCF7322-001.jpg\"><img loading=\"lazy\" decoding=\"async\" class=\"alignnone size-full wp-image-7871\" src=\"https:\/\/marekkuchcinski.pl\/wp-content\/uploads\/2017\/11\/DSCF7322-001.jpg\" alt=\"DSCF7322-001\" width=\"800\" height=\"534\" srcset=\"https:\/\/marekkuchcinski.pl\/wp-content\/uploads\/2017\/11\/DSCF7322-001.jpg 800w, https:\/\/marekkuchcinski.pl\/wp-content\/uploads\/2017\/11\/DSCF7322-001-300x200.jpg 300w, https:\/\/marekkuchcinski.pl\/wp-content\/uploads\/2017\/11\/DSCF7322-001-768x513.jpg 768w\" sizes=\"(max-width: 800px) 100vw, 800px\" \/><\/a><a href=\"https:\/\/marekkuchcinski.pl\/wp-content\/uploads\/2017\/11\/DSCF7348.jpg\"><img loading=\"lazy\" decoding=\"async\" class=\"alignnone size-full wp-image-7873\" src=\"https:\/\/marekkuchcinski.pl\/wp-content\/uploads\/2017\/11\/DSCF7348.jpg\" alt=\"DSCF7348\" width=\"4896\" height=\"2760\" srcset=\"https:\/\/marekkuchcinski.pl\/wp-content\/uploads\/2017\/11\/DSCF7348.jpg 2048w, https:\/\/marekkuchcinski.pl\/wp-content\/uploads\/2017\/11\/DSCF7348-300x169.jpg 300w, https:\/\/marekkuchcinski.pl\/wp-content\/uploads\/2017\/11\/DSCF7348-768x433.jpg 768w, https:\/\/marekkuchcinski.pl\/wp-content\/uploads\/2017\/11\/DSCF7348-1024x577.jpg 1024w\" sizes=\"(max-width: 4896px) 100vw, 4896px\" \/><\/a><\/p>","protected":false},"excerpt":{"rendered":"<p>\u2013 Lubacz\u00f3w staje si\u0119 dziedzictwem tradycji lwowskiej \u2013 powiedzia\u0142 marsza\u0142ek Sejmu po mszy \u015bwi\u0119tej, kt\u00f3ra odby\u0142a si\u0119 \u00a0w ramach XVII Narodowego Polskiego Festiwalu Pie\u015bni, Piosenki i Poezji Patriotycznej \u201eBogu i Ojczy\u017anie\u201d im. ks. kard. W\u0142adys\u0142awa Rubina. Marsza\u0142ek m\u00f3wi\u0142 tak\u017ce o niezwyk\u0142ych splotach historii i symbolice, o drodze wyznaczonej przez wielkich Polak\u00f3w, takich jak Pi\u0142sudski czy [&hellip;]<\/p>\n","protected":false},"author":6,"featured_media":7861,"comment_status":"open","ping_status":"open","sticky":false,"template":"","format":"standard","meta":{"ngg_post_thumbnail":0,"footnotes":""},"categories":[49,77,3],"tags":[],"class_list":["post-7850","post","type-post","status-publish","format-standard","has-post-thumbnail","hentry","category-podkarpacie","category-wazne-daty","category-wydarzenia"],"_links":{"self":[{"href":"https:\/\/marekkuchcinski.pl\/cs\/wp-json\/wp\/v2\/posts\/7850","targetHints":{"allow":["GET"]}}],"collection":[{"href":"https:\/\/marekkuchcinski.pl\/cs\/wp-json\/wp\/v2\/posts"}],"about":[{"href":"https:\/\/marekkuchcinski.pl\/cs\/wp-json\/wp\/v2\/types\/post"}],"author":[{"embeddable":true,"href":"https:\/\/marekkuchcinski.pl\/cs\/wp-json\/wp\/v2\/users\/6"}],"replies":[{"embeddable":true,"href":"https:\/\/marekkuchcinski.pl\/cs\/wp-json\/wp\/v2\/comments?post=7850"}],"version-history":[{"count":3,"href":"https:\/\/marekkuchcinski.pl\/cs\/wp-json\/wp\/v2\/posts\/7850\/revisions"}],"predecessor-version":[{"id":7882,"href":"https:\/\/marekkuchcinski.pl\/cs\/wp-json\/wp\/v2\/posts\/7850\/revisions\/7882"}],"wp:featuredmedia":[{"embeddable":true,"href":"https:\/\/marekkuchcinski.pl\/cs\/wp-json\/wp\/v2\/media\/7861"}],"wp:attachment":[{"href":"https:\/\/marekkuchcinski.pl\/cs\/wp-json\/wp\/v2\/media?parent=7850"}],"wp:term":[{"taxonomy":"category","embeddable":true,"href":"https:\/\/marekkuchcinski.pl\/cs\/wp-json\/wp\/v2\/categories?post=7850"},{"taxonomy":"post_tag","embeddable":true,"href":"https:\/\/marekkuchcinski.pl\/cs\/wp-json\/wp\/v2\/tags?post=7850"}],"curies":[{"name":"wp","href":"https:\/\/api.w.org\/{rel}","templated":true}]}}