{"id":7805,"date":"2017-11-13T10:46:30","date_gmt":"2017-11-13T09:46:30","guid":{"rendered":"https:\/\/marekkuchcinski.pl\/?p=7805"},"modified":"2017-11-13T11:02:27","modified_gmt":"2017-11-13T10:02:27","slug":"99-rocznica-odzyskania-niepodleglosci","status":"publish","type":"post","link":"https:\/\/marekkuchcinski.pl\/cs\/wydarzenia\/99-rocznica-odzyskania-niepodleglosci\/","title":{"rendered":"99. v\u00fdro\u010d\u00ed nez\u00e1vislosti"},"content":{"rendered":"<p dir=\"ltr\">Chr\u00e1m Bo\u017e\u00ed proz\u0159etelnosti, prezidentsk\u00fd pal\u00e1c, n\u00e1m\u011bst\u00ed mar\u0161\u00e1la Pi\u0142sudsk\u00e9ho - to byla hlavn\u00ed m\u00edsta sobotn\u00edch oslav Dne nez\u00e1vislosti ve Var\u0161av\u011b. Nejvy\u0161\u0161\u00ed vl\u00e1dn\u00ed p\u0159edstavitel\u00e9 - v\u010detn\u011b p\u0159edsedy Sejmu Marka Kuchci\u0144sk\u00e9ho - vzdali hold zakladatel\u016fm svobodn\u00e9ho polsk\u00e9ho st\u00e1tu, kter\u00fd se p\u0159ed sto lety vr\u00e1til na mapu Evropy. \"D\u00edky hrdinstv\u00ed, l\u00e1sce k vlasti, krvi, modlitb\u00e1m a moudrosti z\u00edskali Pol\u00e1ci p\u0159ed 99 lety zp\u011bt svou svobodu. Milujeme ji a v\u00e1\u017e\u00edme si j\u00ed jako m\u00e1lokter\u00e1 zem\u011b na sv\u011bt\u011b. Je to kr\u00e1sn\u00fd sv\u00e1tek, proka\u017eme \u00factu na\u0161emu Polsku a va\u017eme si j\u00ed. - Marek Kuchci\u0144ski napsal na Twitteru a ozn\u00e1mil oslavy. - Nesm\u00edme zapom\u00ednat, \u017ee nez\u00e1vislost nen\u00ed d\u00e1na jednou prov\u017edy. V politick\u00e9m procesu je nejd\u016fle\u017eit\u011bj\u0161\u00ed jeho pos\u00edlen\u00ed,\" \u0159ekl b\u011bhem oslav prezident Andrzej Duda.<\/p>\n<p dir=\"ltr\">Dopoledne se v Chr\u00e1mu Bo\u017e\u00ed proz\u0159etelnosti konala m\u0161e svat\u00e1 za vlast, kter\u00e1 byla spln\u011bn\u00edm z\u00e1vazku p\u0159ijat\u00e9ho Velk\u00fdm sejmem a kter\u00e9 p\u0159edsedal var\u0161avsk\u00fd metropolita arcibiskup kardin\u00e1l Kazimierz Nycz. Ze strany org\u00e1n\u016f Sejmu se j\u00ed z\u00fa\u010dastnili mar\u0161\u00e1lek Marek Kuchci\u0144ski a z\u00e1stupkyn\u011b mar\u0161\u00e1lka Ma\u0142gorzata Kidawa-B\u0142o\u0144ska. P\u0159ed slavnostn\u00ed m\u0161\u00ed svatou v Panteonu velk\u00fdch Pol\u00e1k\u016f uctil Marek Kuchci\u0144ski pam\u00e1tku Ryszarda Kaczorowsk\u00e9ho, posledn\u00edho prezidenta Polsk\u00e9 republiky v exilu, kter\u00fd je zde poh\u0159ben, a v\u0161ech ob\u011bt\u00ed smolensk\u00e9 katastrofy.<\/p>\n<p dir=\"ltr\">- Budov\u00e1n\u00ed spole\u010denstv\u00ed je z\u00e1kladn\u00edm \u00fakolem pro sou\u010dasnost i budoucnost - \u0159ekl poln\u00ed biskup Polsk\u00e9 arm\u00e1dy J\u00f3zef Guzdek v homilii, kterou pronesl p\u0159i m\u0161i svat\u00e9 v Chr\u00e1mu Bo\u017e\u00ed Proz\u0159etelnosti. - Je t\u0159eba d\u016fsledn\u011b odstra\u0148ovat to, co komunitu rozd\u011bluje, a n\u00e1sobit to, co ji spojuje. Je t\u0159eba solidarity, pokory, vz\u00e1jemn\u00e9 d\u016fv\u011bry, odpov\u011bdnosti za ka\u017ed\u00e9 vy\u0159\u010den\u00e9 slovo, vz\u00e1jemn\u00e9ho respektu a slu\u017eby pravd\u011b - \u0159ekl hierarcha. Zd\u016fraznil, \u017ee kl\u00ed\u010dov\u00fdm slovem pro pochopen\u00ed fenom\u00e9nu znovuzrozen\u00ed nez\u00e1visl\u00e9ho Polska je komunita. - Tak jako privatizace a rozd\u011blen\u00ed zp\u016fsobily rozpad polsk\u00e9ho st\u00e1tu, tak sjednocen\u00ed cel\u00e9ho n\u00e1roda kolem my\u0161lenky nez\u00e1vislosti vedlo k jeho vzk\u0159\u00ed\u0161en\u00ed - p\u0159ipomn\u011bl.<\/p>\n<p dir=\"ltr\">V r\u00e1mci oslav Dne nez\u00e1vislosti ve Var\u0161av\u011b polo\u017eil mar\u0161\u00e1lek Sejmu Marek Kuchci\u0144ski v\u011bnec k pomn\u00edku mar\u0161\u00e1la J\u00f3zefa Pi\u0142sudsk\u00e9ho na Belvederu. Z\u00fa\u010dastnil se tak\u00e9 slavnostn\u00edho p\u0159ed\u00e1v\u00e1n\u00ed st\u00e1tn\u00edch vyznamen\u00e1n\u00ed v\u00fdznamn\u00fdm osobnostem prezidentem Andrzejem Dudou. Ocen\u011bn\u00ed z\u00edskali mimo jin\u00e9 herec Franciszek Pieczka, teolog a publicista otec Jacek Salij, publicista a report\u00e9r Jerzy Jachowicz a atlet a olympijsk\u00fd v\u00edt\u011bz Tomasz Majewski.<\/p>\n<p dir=\"ltr\"><em>text: Kancel\u00e1\u0159 Sejmu<\/em><\/p>\n<p dir=\"ltr\"><em>foto: Pawe\u0142 Kula, Krzysztof Bia\u0142osk\u00f3rski, Rafa\u0142 Zambrzycki<\/em><\/p>\n<p dir=\"ltr\"><a href=\"https:\/\/marekkuchcinski.pl\/wp-content\/uploads\/2017\/11\/RZ__2447.jpg\"><img fetchpriority=\"high\" decoding=\"async\" class=\"alignnone size-full wp-image-7809\" src=\"https:\/\/marekkuchcinski.pl\/wp-content\/uploads\/2017\/11\/RZ__2447.jpg\" alt=\"RZ__2447\" width=\"800\" height=\"534\" srcset=\"https:\/\/marekkuchcinski.pl\/wp-content\/uploads\/2017\/11\/RZ__2447.jpg 800w, https:\/\/marekkuchcinski.pl\/wp-content\/uploads\/2017\/11\/RZ__2447-300x200.jpg 300w, https:\/\/marekkuchcinski.pl\/wp-content\/uploads\/2017\/11\/RZ__2447-768x513.jpg 768w\" sizes=\"(max-width: 800px) 100vw, 800px\" \/><\/a> <a href=\"https:\/\/marekkuchcinski.pl\/wp-content\/uploads\/2017\/11\/RZ__1914.jpg\"><img decoding=\"async\" class=\"alignnone size-full wp-image-7810\" src=\"https:\/\/marekkuchcinski.pl\/wp-content\/uploads\/2017\/11\/RZ__1914.jpg\" alt=\"RZ__1914\" width=\"800\" height=\"534\" srcset=\"https:\/\/marekkuchcinski.pl\/wp-content\/uploads\/2017\/11\/RZ__1914.jpg 800w, https:\/\/marekkuchcinski.pl\/wp-content\/uploads\/2017\/11\/RZ__1914-300x200.jpg 300w, https:\/\/marekkuchcinski.pl\/wp-content\/uploads\/2017\/11\/RZ__1914-768x513.jpg 768w\" sizes=\"(max-width: 800px) 100vw, 800px\" \/><\/a> <a href=\"https:\/\/marekkuchcinski.pl\/wp-content\/uploads\/2017\/11\/RZ__1804.jpg\"><img decoding=\"async\" class=\"alignnone size-full wp-image-7811\" src=\"https:\/\/marekkuchcinski.pl\/wp-content\/uploads\/2017\/11\/RZ__1804.jpg\" alt=\"RZ__1804\" width=\"800\" height=\"534\" srcset=\"https:\/\/marekkuchcinski.pl\/wp-content\/uploads\/2017\/11\/RZ__1804.jpg 800w, https:\/\/marekkuchcinski.pl\/wp-content\/uploads\/2017\/11\/RZ__1804-300x200.jpg 300w, https:\/\/marekkuchcinski.pl\/wp-content\/uploads\/2017\/11\/RZ__1804-768x513.jpg 768w\" sizes=\"(max-width: 800px) 100vw, 800px\" \/><\/a> <a href=\"https:\/\/marekkuchcinski.pl\/wp-content\/uploads\/2017\/11\/RZ__1677.jpg\"><img loading=\"lazy\" decoding=\"async\" class=\"alignnone size-full wp-image-7812\" src=\"https:\/\/marekkuchcinski.pl\/wp-content\/uploads\/2017\/11\/RZ__1677.jpg\" alt=\"RZ__1677\" width=\"800\" height=\"535\" srcset=\"https:\/\/marekkuchcinski.pl\/wp-content\/uploads\/2017\/11\/RZ__1677.jpg 800w, https:\/\/marekkuchcinski.pl\/wp-content\/uploads\/2017\/11\/RZ__1677-300x201.jpg 300w, https:\/\/marekkuchcinski.pl\/wp-content\/uploads\/2017\/11\/RZ__1677-768x514.jpg 768w\" sizes=\"(max-width: 800px) 100vw, 800px\" \/><\/a> <a href=\"https:\/\/marekkuchcinski.pl\/wp-content\/uploads\/2017\/11\/RZ__1187.jpg\"><img loading=\"lazy\" decoding=\"async\" class=\"alignnone size-full wp-image-7813\" src=\"https:\/\/marekkuchcinski.pl\/wp-content\/uploads\/2017\/11\/RZ__1187.jpg\" alt=\"RZ__1187\" width=\"800\" height=\"534\" srcset=\"https:\/\/marekkuchcinski.pl\/wp-content\/uploads\/2017\/11\/RZ__1187.jpg 800w, https:\/\/marekkuchcinski.pl\/wp-content\/uploads\/2017\/11\/RZ__1187-300x200.jpg 300w, https:\/\/marekkuchcinski.pl\/wp-content\/uploads\/2017\/11\/RZ__1187-768x513.jpg 768w\" sizes=\"(max-width: 800px) 100vw, 800px\" \/><\/a> <a href=\"https:\/\/marekkuchcinski.pl\/wp-content\/uploads\/2017\/11\/KU234807.jpg\"><img loading=\"lazy\" decoding=\"async\" class=\"alignnone size-full wp-image-7814\" src=\"https:\/\/marekkuchcinski.pl\/wp-content\/uploads\/2017\/11\/KU234807.jpg\" alt=\"KU234807\" width=\"800\" height=\"534\" srcset=\"https:\/\/marekkuchcinski.pl\/wp-content\/uploads\/2017\/11\/KU234807.jpg 800w, https:\/\/marekkuchcinski.pl\/wp-content\/uploads\/2017\/11\/KU234807-300x200.jpg 300w, https:\/\/marekkuchcinski.pl\/wp-content\/uploads\/2017\/11\/KU234807-768x513.jpg 768w\" sizes=\"(max-width: 800px) 100vw, 800px\" \/><\/a> <a href=\"https:\/\/marekkuchcinski.pl\/wp-content\/uploads\/2017\/11\/KU234514.jpg\"><img loading=\"lazy\" decoding=\"async\" class=\"alignnone size-full wp-image-7815\" src=\"https:\/\/marekkuchcinski.pl\/wp-content\/uploads\/2017\/11\/KU234514.jpg\" alt=\"KU234514\" width=\"800\" height=\"534\" srcset=\"https:\/\/marekkuchcinski.pl\/wp-content\/uploads\/2017\/11\/KU234514.jpg 800w, https:\/\/marekkuchcinski.pl\/wp-content\/uploads\/2017\/11\/KU234514-300x200.jpg 300w, https:\/\/marekkuchcinski.pl\/wp-content\/uploads\/2017\/11\/KU234514-768x513.jpg 768w\" sizes=\"(max-width: 800px) 100vw, 800px\" \/><\/a> <a href=\"https:\/\/marekkuchcinski.pl\/wp-content\/uploads\/2017\/11\/maro3.jpg\"><img loading=\"lazy\" decoding=\"async\" class=\"alignnone size-full wp-image-7816\" src=\"https:\/\/marekkuchcinski.pl\/wp-content\/uploads\/2017\/11\/maro3.jpg\" alt=\"maro3\" width=\"800\" height=\"534\" srcset=\"https:\/\/marekkuchcinski.pl\/wp-content\/uploads\/2017\/11\/maro3.jpg 800w, https:\/\/marekkuchcinski.pl\/wp-content\/uploads\/2017\/11\/maro3-300x200.jpg 300w, https:\/\/marekkuchcinski.pl\/wp-content\/uploads\/2017\/11\/maro3-768x513.jpg 768w\" sizes=\"(max-width: 800px) 100vw, 800px\" \/><\/a><\/p>\n<p dir=\"ltr\"><a href=\"https:\/\/marekkuchcinski.pl\/wp-content\/uploads\/2017\/11\/RZ__2233.view_.jpg\"><img loading=\"lazy\" decoding=\"async\" class=\"alignnone size-full wp-image-7826\" src=\"https:\/\/marekkuchcinski.pl\/wp-content\/uploads\/2017\/11\/RZ__2233.view_.jpg\" alt=\"RZ__2233.view\" width=\"800\" height=\"533\" srcset=\"https:\/\/marekkuchcinski.pl\/wp-content\/uploads\/2017\/11\/RZ__2233.view_.jpg 800w, https:\/\/marekkuchcinski.pl\/wp-content\/uploads\/2017\/11\/RZ__2233.view_-300x200.jpg 300w, https:\/\/marekkuchcinski.pl\/wp-content\/uploads\/2017\/11\/RZ__2233.view_-768x512.jpg 768w\" sizes=\"(max-width: 800px) 100vw, 800px\" \/><\/a><a href=\"https:\/\/marekkuchcinski.pl\/wp-content\/uploads\/2017\/11\/DOV_gmrW0AMDpCP.jpg\"><img loading=\"lazy\" decoding=\"async\" class=\"alignnone size-full wp-image-7817\" src=\"https:\/\/marekkuchcinski.pl\/wp-content\/uploads\/2017\/11\/DOV_gmrW0AMDpCP.jpg\" alt=\"DOV_gmrW0AMDpCP\" width=\"800\" height=\"533\" srcset=\"https:\/\/marekkuchcinski.pl\/wp-content\/uploads\/2017\/11\/DOV_gmrW0AMDpCP.jpg 800w, https:\/\/marekkuchcinski.pl\/wp-content\/uploads\/2017\/11\/DOV_gmrW0AMDpCP-300x200.jpg 300w, https:\/\/marekkuchcinski.pl\/wp-content\/uploads\/2017\/11\/DOV_gmrW0AMDpCP-768x512.jpg 768w\" sizes=\"(max-width: 800px) 100vw, 800px\" \/><\/a> <a href=\"https:\/\/marekkuchcinski.pl\/wp-content\/uploads\/2017\/11\/KU234205.jpg\"><img loading=\"lazy\" decoding=\"async\" class=\"alignnone size-full wp-image-7818\" src=\"https:\/\/marekkuchcinski.pl\/wp-content\/uploads\/2017\/11\/KU234205.jpg\" alt=\"KU234205\" width=\"800\" height=\"535\" srcset=\"https:\/\/marekkuchcinski.pl\/wp-content\/uploads\/2017\/11\/KU234205.jpg 800w, https:\/\/marekkuchcinski.pl\/wp-content\/uploads\/2017\/11\/KU234205-300x201.jpg 300w, https:\/\/marekkuchcinski.pl\/wp-content\/uploads\/2017\/11\/KU234205-768x514.jpg 768w\" sizes=\"(max-width: 800px) 100vw, 800px\" \/><\/a><a href=\"https:\/\/marekkuchcinski.pl\/wp-content\/uploads\/2017\/11\/KU234842.jpg\"><img loading=\"lazy\" decoding=\"async\" class=\"alignnone size-full wp-image-7823\" src=\"https:\/\/marekkuchcinski.pl\/wp-content\/uploads\/2017\/11\/KU234842.jpg\" alt=\"KU234842\" width=\"2736\" height=\"1824\" srcset=\"https:\/\/marekkuchcinski.pl\/wp-content\/uploads\/2017\/11\/KU234842.jpg 2048w, https:\/\/marekkuchcinski.pl\/wp-content\/uploads\/2017\/11\/KU234842-300x200.jpg 300w, https:\/\/marekkuchcinski.pl\/wp-content\/uploads\/2017\/11\/KU234842-768x512.jpg 768w, https:\/\/marekkuchcinski.pl\/wp-content\/uploads\/2017\/11\/KU234842-1024x683.jpg 1024w\" sizes=\"(max-width: 2736px) 100vw, 2736px\" \/><\/a> <a href=\"https:\/\/marekkuchcinski.pl\/wp-content\/uploads\/2017\/11\/KU234596.jpg\"><img loading=\"lazy\" decoding=\"async\" class=\"alignnone size-full wp-image-7824\" src=\"https:\/\/marekkuchcinski.pl\/wp-content\/uploads\/2017\/11\/KU234596.jpg\" alt=\"KU234596\" width=\"2736\" height=\"1824\" srcset=\"https:\/\/marekkuchcinski.pl\/wp-content\/uploads\/2017\/11\/KU234596.jpg 2048w, https:\/\/marekkuchcinski.pl\/wp-content\/uploads\/2017\/11\/KU234596-300x200.jpg 300w, https:\/\/marekkuchcinski.pl\/wp-content\/uploads\/2017\/11\/KU234596-768x512.jpg 768w, https:\/\/marekkuchcinski.pl\/wp-content\/uploads\/2017\/11\/KU234596-1024x683.jpg 1024w\" sizes=\"(max-width: 2736px) 100vw, 2736px\" \/><\/a> <a href=\"https:\/\/marekkuchcinski.pl\/wp-content\/uploads\/2017\/11\/KU234680.jpg\"><img loading=\"lazy\" decoding=\"async\" class=\"alignnone size-full wp-image-7825\" src=\"https:\/\/marekkuchcinski.pl\/wp-content\/uploads\/2017\/11\/KU234680.jpg\" alt=\"KU234680\" width=\"2736\" height=\"1824\" srcset=\"https:\/\/marekkuchcinski.pl\/wp-content\/uploads\/2017\/11\/KU234680.jpg 2048w, https:\/\/marekkuchcinski.pl\/wp-content\/uploads\/2017\/11\/KU234680-300x200.jpg 300w, https:\/\/marekkuchcinski.pl\/wp-content\/uploads\/2017\/11\/KU234680-768x512.jpg 768w, https:\/\/marekkuchcinski.pl\/wp-content\/uploads\/2017\/11\/KU234680-1024x683.jpg 1024w\" sizes=\"(max-width: 2736px) 100vw, 2736px\" \/><\/a><\/p>","protected":false},"excerpt":{"rendered":"<p>\u015awi\u0105tynia Opatrzno\u015bci Bo\u017cej, Pa\u0142ac Prezydencki, Plac Marsza\u0142ka Pi\u0142sudskiego &#8211; to g\u0142\u00f3wne miejsca sobotnich obchod\u00f3w \u015awi\u0119ta Niepodleg\u0142o\u015bci w Warszawie. Najwy\u017csi rang\u0105 urz\u0119dnicy pa\u0144stwowi &#8211; w\u015br\u00f3d nich marsza\u0142ek Sejmu Marek Kuchci\u0144ski &#8211; oddali ho\u0142d ojcom za\u0142o\u017cycielom wolnego pa\u0144stwa polskiego, kt\u00f3re przed wiekiem wr\u00f3ci\u0142o na map\u0119 Europy. &#8222;Heroizmem, mi\u0142o\u015bci\u0105 do ojczyzny, krwi\u0105, modlitw\u0105 i m\u0105dro\u015bci\u0105 99 lat temu [&hellip;]<\/p>\n","protected":false},"author":6,"featured_media":7810,"comment_status":"open","ping_status":"open","sticky":false,"template":"","format":"standard","meta":{"ngg_post_thumbnail":0,"footnotes":""},"categories":[77,3],"tags":[88,101,124,123],"class_list":["post-7805","post","type-post","status-publish","format-standard","has-post-thumbnail","hentry","category-wazne-daty","category-wydarzenia","tag-marszalek-sejmu","tag-niepodleglosc","tag-pilsudski","tag-swiatynia-opatrznosci"],"_links":{"self":[{"href":"https:\/\/marekkuchcinski.pl\/cs\/wp-json\/wp\/v2\/posts\/7805","targetHints":{"allow":["GET"]}}],"collection":[{"href":"https:\/\/marekkuchcinski.pl\/cs\/wp-json\/wp\/v2\/posts"}],"about":[{"href":"https:\/\/marekkuchcinski.pl\/cs\/wp-json\/wp\/v2\/types\/post"}],"author":[{"embeddable":true,"href":"https:\/\/marekkuchcinski.pl\/cs\/wp-json\/wp\/v2\/users\/6"}],"replies":[{"embeddable":true,"href":"https:\/\/marekkuchcinski.pl\/cs\/wp-json\/wp\/v2\/comments?post=7805"}],"version-history":[{"count":4,"href":"https:\/\/marekkuchcinski.pl\/cs\/wp-json\/wp\/v2\/posts\/7805\/revisions"}],"predecessor-version":[{"id":7827,"href":"https:\/\/marekkuchcinski.pl\/cs\/wp-json\/wp\/v2\/posts\/7805\/revisions\/7827"}],"wp:featuredmedia":[{"embeddable":true,"href":"https:\/\/marekkuchcinski.pl\/cs\/wp-json\/wp\/v2\/media\/7810"}],"wp:attachment":[{"href":"https:\/\/marekkuchcinski.pl\/cs\/wp-json\/wp\/v2\/media?parent=7805"}],"wp:term":[{"taxonomy":"category","embeddable":true,"href":"https:\/\/marekkuchcinski.pl\/cs\/wp-json\/wp\/v2\/categories?post=7805"},{"taxonomy":"post_tag","embeddable":true,"href":"https:\/\/marekkuchcinski.pl\/cs\/wp-json\/wp\/v2\/tags?post=7805"}],"curies":[{"name":"wp","href":"https:\/\/api.w.org\/{rel}","templated":true}]}}