{"id":7750,"date":"2017-11-08T11:29:47","date_gmt":"2017-11-08T10:29:47","guid":{"rendered":"https:\/\/marekkuchcinski.pl\/?p=7750"},"modified":"2017-12-04T09:53:28","modified_gmt":"2017-12-04T08:53:28","slug":"marszalek-kuchcinski-pokonanie-terroryzmu-iraku-daje-nadzieje-bezpieczenstwo-naszej-czesci-swiata","status":"publish","type":"post","link":"https:\/\/marekkuchcinski.pl\/cs\/wydarzenia\/marszalek-kuchcinski-pokonanie-terroryzmu-iraku-daje-nadzieje-bezpieczenstwo-naszej-czesci-swiata\/","title":{"rendered":"P\u0159edseda Kuchci\u0144ski: Por\u00e1\u017eka terorismu v Ir\u00e1ku d\u00e1v\u00e1 nad\u011bji na bezpe\u010dnost v na\u0161\u00ed \u010d\u00e1sti sv\u011bta"},"content":{"rendered":"<p><strong>P\u0159edseda Sejmu Marek Kuchci\u0144ski se setkal s ir\u00e1ck\u00fdm prezidentem Mohammedem Fuadem Masumem Khaderem. Hlavn\u00edmi t\u00e9maty jedn\u00e1n\u00ed byly boj proti terorismu, pos\u00edlen\u00ed bezpe\u010dnosti, spolupr\u00e1ce parlamentn\u00edch skupin, rozvoj a dal\u0161\u00ed ekonomick\u00e9 vztahy.<\/strong><\/p>\n<p>\u00da\u010dastn\u00edci rozhovoru nepochybovali o tom, \u017ee zastaven\u00ed terorismu v Ir\u00e1ku se prom\u00edtne do bezpe\u010dnosti ve zbytku sv\u011bta. - EU by m\u011bla spole\u010dn\u011b monitorovat teroristick\u00e1 hnut\u00ed a bojovat proti nim, uvedl prezident Khader. Pod\u011bkoval tak\u00e9 Polsku za jeho vojenskou a humanit\u00e1rn\u00ed podporu Ir\u00e1ku.<\/p>\n<p><a href=\"https:\/\/marekkuchcinski.pl\/wp-content\/uploads\/2017\/11\/KU231340.jpg\"><img fetchpriority=\"high\" decoding=\"async\" class=\"alignnone size-full wp-image-7751\" src=\"https:\/\/marekkuchcinski.pl\/wp-content\/uploads\/2017\/11\/KU231340.jpg\" alt=\"KU231340\" width=\"1800\" height=\"1200\" srcset=\"https:\/\/marekkuchcinski.pl\/wp-content\/uploads\/2017\/11\/KU231340.jpg 1800w, https:\/\/marekkuchcinski.pl\/wp-content\/uploads\/2017\/11\/KU231340-300x200.jpg 300w, https:\/\/marekkuchcinski.pl\/wp-content\/uploads\/2017\/11\/KU231340-768x512.jpg 768w, https:\/\/marekkuchcinski.pl\/wp-content\/uploads\/2017\/11\/KU231340-1024x683.jpg 1024w\" sizes=\"(max-width: 1800px) 100vw, 1800px\" \/><\/a> <a href=\"https:\/\/marekkuchcinski.pl\/wp-content\/uploads\/2017\/11\/KU231261.jpg\"><img decoding=\"async\" class=\"alignnone size-full wp-image-7752\" src=\"https:\/\/marekkuchcinski.pl\/wp-content\/uploads\/2017\/11\/KU231261.jpg\" alt=\"KU231261\" width=\"1800\" height=\"1200\" srcset=\"https:\/\/marekkuchcinski.pl\/wp-content\/uploads\/2017\/11\/KU231261.jpg 1800w, https:\/\/marekkuchcinski.pl\/wp-content\/uploads\/2017\/11\/KU231261-300x200.jpg 300w, https:\/\/marekkuchcinski.pl\/wp-content\/uploads\/2017\/11\/KU231261-768x512.jpg 768w, https:\/\/marekkuchcinski.pl\/wp-content\/uploads\/2017\/11\/KU231261-1024x683.jpg 1024w\" sizes=\"(max-width: 1800px) 100vw, 1800px\" \/><\/a><\/p>\n<p><em>Foto: Pawe\u0142 Kula<\/em><\/p>","protected":false},"excerpt":{"rendered":"<p>Marsza\u0142ek Sejmu Marek Kuchci\u0144ski spotka\u0142 si\u0119 z prezydentem\u00a0Iraku Mohammedem Fuad Masum Khaderem. G\u0142\u00f3wnymi tematami rozm\u00f3w by\u0142o przeciwdzia\u0142anie terroryzmowi, wzmacnianie bezpiecze\u0144stwa, wsp\u00f3\u0142pracy grup parlamentarnych, rozwoju, m.in. relacji gospodarczych. Rozm\u00f3wcy nie mieli w\u0105tpliwo\u015bci, \u017ce powstrzymanie ogniska terroryzmu w Iraku prze\u0142o\u017cy si\u0119 na bezpiecze\u0144stwo w pozosta\u0142ych cz\u0119\u015bciach \u015bwiata. \u2013 UE powinna wsp\u00f3lnie \u015bledzi\u0107 ruchy terrorystyczne i im przeciwdzia\u0142a\u0107 [&hellip;]<\/p>\n","protected":false},"author":6,"featured_media":7752,"comment_status":"open","ping_status":"open","sticky":false,"template":"","format":"standard","meta":{"ngg_post_thumbnail":0,"footnotes":""},"categories":[81,50,3],"tags":[],"class_list":["post-7750","post","type-post","status-publish","format-standard","has-post-thumbnail","hentry","category-wiesci-z-sejmu","category-wspolpraca-miedzynarodowa","category-wydarzenia"],"_links":{"self":[{"href":"https:\/\/marekkuchcinski.pl\/cs\/wp-json\/wp\/v2\/posts\/7750","targetHints":{"allow":["GET"]}}],"collection":[{"href":"https:\/\/marekkuchcinski.pl\/cs\/wp-json\/wp\/v2\/posts"}],"about":[{"href":"https:\/\/marekkuchcinski.pl\/cs\/wp-json\/wp\/v2\/types\/post"}],"author":[{"embeddable":true,"href":"https:\/\/marekkuchcinski.pl\/cs\/wp-json\/wp\/v2\/users\/6"}],"replies":[{"embeddable":true,"href":"https:\/\/marekkuchcinski.pl\/cs\/wp-json\/wp\/v2\/comments?post=7750"}],"version-history":[{"count":2,"href":"https:\/\/marekkuchcinski.pl\/cs\/wp-json\/wp\/v2\/posts\/7750\/revisions"}],"predecessor-version":[{"id":7966,"href":"https:\/\/marekkuchcinski.pl\/cs\/wp-json\/wp\/v2\/posts\/7750\/revisions\/7966"}],"wp:featuredmedia":[{"embeddable":true,"href":"https:\/\/marekkuchcinski.pl\/cs\/wp-json\/wp\/v2\/media\/7752"}],"wp:attachment":[{"href":"https:\/\/marekkuchcinski.pl\/cs\/wp-json\/wp\/v2\/media?parent=7750"}],"wp:term":[{"taxonomy":"category","embeddable":true,"href":"https:\/\/marekkuchcinski.pl\/cs\/wp-json\/wp\/v2\/categories?post=7750"},{"taxonomy":"post_tag","embeddable":true,"href":"https:\/\/marekkuchcinski.pl\/cs\/wp-json\/wp\/v2\/tags?post=7750"}],"curies":[{"name":"wp","href":"https:\/\/api.w.org\/{rel}","templated":true}]}}