{"id":7622,"date":"2017-10-27T13:37:56","date_gmt":"2017-10-27T11:37:56","guid":{"rendered":"https:\/\/marekkuchcinski.pl\/?p=7622"},"modified":"2017-10-31T14:17:01","modified_gmt":"2017-10-31T13:17:01","slug":"spotkanie-komitetu-narodowych-obchodow-100-rocznicy-odzyskania-niepodleglosci","status":"publish","type":"post","link":"https:\/\/marekkuchcinski.pl\/cs\/wydarzenia\/spotkanie-komitetu-narodowych-obchodow-100-rocznicy-odzyskania-niepodleglosci\/","title":{"rendered":"Zased\u00e1n\u00ed V\u00fdboru pro n\u00e1rodn\u00ed oslavy 100. v\u00fdro\u010d\u00ed nez\u00e1vislosti"},"content":{"rendered":"<p>Ve \u010dtvrtek se v Prezidentsk\u00e9m pal\u00e1ci konalo prvn\u00ed pracovn\u00ed zased\u00e1n\u00ed V\u00fdboru pro n\u00e1rodn\u00ed oslavy st\u00e9ho v\u00fdro\u010d\u00ed z\u00edsk\u00e1n\u00ed nez\u00e1vislosti Polsk\u00e9 republiky.<\/p>\n<p>Prezident Polsk\u00e9 republiky Andrzej Duda a z\u00e1rove\u0148 p\u0159edseda v\u00fdboru v \u00favodn\u00edm projevu pod\u011bkoval shrom\u00e1\u017ed\u011bn\u00fdm za pokra\u010dov\u00e1n\u00ed debaty o p\u0159\u00edprav\u00e1ch na rok st\u00e9ho v\u00fdro\u010d\u00ed znovuz\u00edsk\u00e1n\u00ed nez\u00e1vislosti. P\u0159edseda rovn\u011b\u017e ozn\u00e1mil, \u017ee slo\u017een\u00ed v\u00fdboru bude roz\u0161\u00ed\u0159eno o z\u00e1stupce kruh\u016f spojen\u00fdch s Pochodem nez\u00e1vislosti a z\u00e1stupce klub\u016f \"Gazeta Polska\" p\u016fsob\u00edc\u00edch po cel\u00e9m sv\u011bt\u011b.<\/p>\n<p>Prezident Andrzej Duda rovn\u011b\u017e ozn\u00e1mil\u00a0<strong><a tabindex=\"132\" href=\"http:\/\/www.prezydent.pl\/aktualnosci\/wydarzenia\/art,760,prezydent-wnioskuje-o-zwolanie-na-5-grudnia-zgromadzenia-narodowego.html\">se uskute\u010dn\u00ed 5. prosince 2017 v N\u00e1rodn\u00edm shrom\u00e1\u017ed\u011bn\u00ed,<\/a>\u00a0<\/strong>p\u0159i zah\u00e1jen\u00ed st\u00e1tn\u00edho rozm\u011bru oslav st\u00e9ho v\u00fdro\u010d\u00ed. Zased\u00e1n\u00ed bylo svol\u00e1no za \u00fa\u010delem vyslechnut\u00ed projevu prezidenta Polsk\u00e9 republiky ke 150. v\u00fdro\u010d\u00ed narozen\u00ed jednoho z otc\u016f nez\u00e1vislosti - J\u00f3zefa Pi\u0142sudsk\u00e9ho. Prezident pod\u011bkoval p\u0159edsed\u016fm Sejmu a Sen\u00e1tu za podporu t\u00e9to iniciativy a vyzval v\u0161echny \u010dleny v\u00fdboru k \u00fa\u010dasti v N\u00e1rodn\u00edm shrom\u00e1\u017ed\u011bn\u00ed.<\/p>\n<p>B\u011bhem zased\u00e1n\u00ed v\u00fdbor jednomysln\u011b p\u0159ijal jednac\u00ed \u0159\u00e1d, kter\u00fd vymezuje zp\u016fsob jeho pr\u00e1ce, a tak\u00e9 p\u0159ijal program oslav na rok 2017, kter\u00fd krom\u011b v\u00fd\u0161e zm\u00edn\u011bn\u00e9ho N\u00e1rodn\u00edho shrom\u00e1\u017ed\u011bn\u00ed zahrnuje mimo jin\u00e9 slavnostn\u00ed koncert k 99. v\u00fdro\u010d\u00ed znovuz\u00edsk\u00e1n\u00ed nez\u00e1vislosti Polsk\u00e9 republiky \"Vr\u00e1t\u00edme se plni sl\u00e1vy\", kter\u00fd se uskute\u010dn\u00ed 9. listopadu 2017, vernis\u00e1\u017e v\u00fdstavy \"Wyspia\u0144ski\" realizovan\u00e9 v r\u00e1mci v\u00edcelet\u00e9ho programu \"Niepodleg\u0142a\" 2017-2021 v N\u00e1rodn\u00edm muzeu v Krakov\u011b dne 27. listopadu 2017 a slavnostn\u00ed koncert u p\u0159\u00edle\u017eitosti 150. v\u00fdro\u010d\u00ed narozen\u00ed mar\u0161\u00e1la J\u00f3zefa Pi\u0142sudsk\u00e9ho dne 27. prosince 2017.<\/p>\n<p><em>text: president.pl<\/em><\/p>\n<p><em>Foto: M. Olejnik<\/em><\/p>\n<p><a href=\"https:\/\/marekkuchcinski.pl\/wp-content\/uploads\/2017\/10\/23114821_1690187114370937_845194446_n.jpg\"><img fetchpriority=\"high\" decoding=\"async\" class=\"alignnone wp-image-7623\" src=\"https:\/\/marekkuchcinski.pl\/wp-content\/uploads\/2017\/10\/23114821_1690187114370937_845194446_n.jpg\" alt=\"23114821_1690187114370937_845194446_n\" width=\"857\" height=\"602\" srcset=\"https:\/\/marekkuchcinski.pl\/wp-content\/uploads\/2017\/10\/23114821_1690187114370937_845194446_n.jpg 642w, https:\/\/marekkuchcinski.pl\/wp-content\/uploads\/2017\/10\/23114821_1690187114370937_845194446_n-300x211.jpg 300w\" sizes=\"(max-width: 857px) 100vw, 857px\" \/><\/a> <a href=\"https:\/\/marekkuchcinski.pl\/wp-content\/uploads\/2017\/10\/Niepodleg\u0142a_edited.jpg\"><img decoding=\"async\" class=\"alignnone size-full wp-image-7636\" src=\"https:\/\/marekkuchcinski.pl\/wp-content\/uploads\/2017\/10\/Niepodleg\u0142a_edited.jpg\" alt=\"Niepodleg\u0142a_edited\" width=\"4896\" height=\"2760\" srcset=\"https:\/\/marekkuchcinski.pl\/wp-content\/uploads\/2017\/10\/Niepodleg\u0142a_edited.jpg 2048w, https:\/\/marekkuchcinski.pl\/wp-content\/uploads\/2017\/10\/Niepodleg\u0142a_edited-300x169.jpg 300w, https:\/\/marekkuchcinski.pl\/wp-content\/uploads\/2017\/10\/Niepodleg\u0142a_edited-768x433.jpg 768w, https:\/\/marekkuchcinski.pl\/wp-content\/uploads\/2017\/10\/Niepodleg\u0142a_edited-1024x577.jpg 1024w\" sizes=\"(max-width: 4896px) 100vw, 4896px\" \/><\/a> <a href=\"https:\/\/marekkuchcinski.pl\/wp-content\/uploads\/2017\/10\/DSCF7048.jpg\"><img decoding=\"async\" class=\"alignnone size-full wp-image-7626\" src=\"https:\/\/marekkuchcinski.pl\/wp-content\/uploads\/2017\/10\/DSCF7048.jpg\" alt=\"DSCF7048\" width=\"4896\" height=\"2760\" srcset=\"https:\/\/marekkuchcinski.pl\/wp-content\/uploads\/2017\/10\/DSCF7048.jpg 2048w, https:\/\/marekkuchcinski.pl\/wp-content\/uploads\/2017\/10\/DSCF7048-300x169.jpg 300w, https:\/\/marekkuchcinski.pl\/wp-content\/uploads\/2017\/10\/DSCF7048-768x433.jpg 768w, https:\/\/marekkuchcinski.pl\/wp-content\/uploads\/2017\/10\/DSCF7048-1024x577.jpg 1024w\" sizes=\"(max-width: 4896px) 100vw, 4896px\" \/><\/a> <a href=\"https:\/\/marekkuchcinski.pl\/wp-content\/uploads\/2017\/10\/DSCF7036.jpg\"><img loading=\"lazy\" decoding=\"async\" class=\"alignnone size-full wp-image-7627\" src=\"https:\/\/marekkuchcinski.pl\/wp-content\/uploads\/2017\/10\/DSCF7036.jpg\" alt=\"DSCF7036\" width=\"4896\" height=\"2760\" srcset=\"https:\/\/marekkuchcinski.pl\/wp-content\/uploads\/2017\/10\/DSCF7036.jpg 2048w, https:\/\/marekkuchcinski.pl\/wp-content\/uploads\/2017\/10\/DSCF7036-300x169.jpg 300w, https:\/\/marekkuchcinski.pl\/wp-content\/uploads\/2017\/10\/DSCF7036-768x433.jpg 768w, https:\/\/marekkuchcinski.pl\/wp-content\/uploads\/2017\/10\/DSCF7036-1024x577.jpg 1024w\" sizes=\"(max-width: 4896px) 100vw, 4896px\" \/><\/a> <a href=\"https:\/\/marekkuchcinski.pl\/wp-content\/uploads\/2017\/10\/DSCF7033.jpg\"><img loading=\"lazy\" decoding=\"async\" class=\"alignnone size-full wp-image-7628\" src=\"https:\/\/marekkuchcinski.pl\/wp-content\/uploads\/2017\/10\/DSCF7033.jpg\" alt=\"DSCF7033\" width=\"4896\" height=\"2760\" srcset=\"https:\/\/marekkuchcinski.pl\/wp-content\/uploads\/2017\/10\/DSCF7033.jpg 2048w, https:\/\/marekkuchcinski.pl\/wp-content\/uploads\/2017\/10\/DSCF7033-300x169.jpg 300w, https:\/\/marekkuchcinski.pl\/wp-content\/uploads\/2017\/10\/DSCF7033-768x433.jpg 768w, https:\/\/marekkuchcinski.pl\/wp-content\/uploads\/2017\/10\/DSCF7033-1024x577.jpg 1024w\" sizes=\"(max-width: 4896px) 100vw, 4896px\" \/><\/a> <a href=\"https:\/\/marekkuchcinski.pl\/wp-content\/uploads\/2017\/10\/DSCF7007.jpg\"><img loading=\"lazy\" decoding=\"async\" class=\"alignnone size-full wp-image-7630\" src=\"https:\/\/marekkuchcinski.pl\/wp-content\/uploads\/2017\/10\/DSCF7007.jpg\" alt=\"DSCF7007\" width=\"4896\" height=\"2760\" srcset=\"https:\/\/marekkuchcinski.pl\/wp-content\/uploads\/2017\/10\/DSCF7007.jpg 2048w, https:\/\/marekkuchcinski.pl\/wp-content\/uploads\/2017\/10\/DSCF7007-300x169.jpg 300w, https:\/\/marekkuchcinski.pl\/wp-content\/uploads\/2017\/10\/DSCF7007-768x433.jpg 768w, https:\/\/marekkuchcinski.pl\/wp-content\/uploads\/2017\/10\/DSCF7007-1024x577.jpg 1024w\" sizes=\"(max-width: 4896px) 100vw, 4896px\" \/><\/a> <a href=\"https:\/\/marekkuchcinski.pl\/wp-content\/uploads\/2017\/10\/DSCF6999.jpg\"><img loading=\"lazy\" decoding=\"async\" class=\"alignnone size-full wp-image-7632\" src=\"https:\/\/marekkuchcinski.pl\/wp-content\/uploads\/2017\/10\/DSCF6999.jpg\" alt=\"DSCF6999\" width=\"4896\" height=\"2760\" srcset=\"https:\/\/marekkuchcinski.pl\/wp-content\/uploads\/2017\/10\/DSCF6999.jpg 2048w, https:\/\/marekkuchcinski.pl\/wp-content\/uploads\/2017\/10\/DSCF6999-300x169.jpg 300w, https:\/\/marekkuchcinski.pl\/wp-content\/uploads\/2017\/10\/DSCF6999-768x433.jpg 768w, https:\/\/marekkuchcinski.pl\/wp-content\/uploads\/2017\/10\/DSCF6999-1024x577.jpg 1024w\" sizes=\"(max-width: 4896px) 100vw, 4896px\" \/><\/a><\/p>","protected":false},"excerpt":{"rendered":"<p>Pierwsze robocze posiedzenie Komitetu Narodowych Obchod\u00f3w Setnej Rocznicy Odzyskania Niepodleg\u0142o\u015bci Rzeczypospolitej Polskiej odby\u0142o si\u0119 w czwartek w Pa\u0142acu Prezydenckim. Prezydent Rzeczypospolitej Polskiej Andrzej Duda, a jednocze\u015bnie Przewodnicz\u0105cy Komitetu, w wyst\u0105pieniu otwieraj\u0105cym, podzi\u0119kowa\u0142 zebranym za kontynuowanie debaty, dotycz\u0105cej przygotowa\u0144 do roku stulecia odzyskania niepodleg\u0142o\u015bci. Prezydent zapowiedzia\u0142 tak\u017ce, \u017ce sk\u0142ad Komitetu zostanie poszerzony o przedstawicieli \u015brodowisk zwi\u0105zanych [&hellip;]<\/p>\n","protected":false},"author":6,"featured_media":7623,"comment_status":"open","ping_status":"open","sticky":false,"template":"","format":"standard","meta":{"ngg_post_thumbnail":0,"footnotes":""},"categories":[77,3],"tags":[],"class_list":["post-7622","post","type-post","status-publish","format-standard","has-post-thumbnail","hentry","category-wazne-daty","category-wydarzenia"],"_links":{"self":[{"href":"https:\/\/marekkuchcinski.pl\/cs\/wp-json\/wp\/v2\/posts\/7622","targetHints":{"allow":["GET"]}}],"collection":[{"href":"https:\/\/marekkuchcinski.pl\/cs\/wp-json\/wp\/v2\/posts"}],"about":[{"href":"https:\/\/marekkuchcinski.pl\/cs\/wp-json\/wp\/v2\/types\/post"}],"author":[{"embeddable":true,"href":"https:\/\/marekkuchcinski.pl\/cs\/wp-json\/wp\/v2\/users\/6"}],"replies":[{"embeddable":true,"href":"https:\/\/marekkuchcinski.pl\/cs\/wp-json\/wp\/v2\/comments?post=7622"}],"version-history":[{"count":2,"href":"https:\/\/marekkuchcinski.pl\/cs\/wp-json\/wp\/v2\/posts\/7622\/revisions"}],"predecessor-version":[{"id":7637,"href":"https:\/\/marekkuchcinski.pl\/cs\/wp-json\/wp\/v2\/posts\/7622\/revisions\/7637"}],"wp:featuredmedia":[{"embeddable":true,"href":"https:\/\/marekkuchcinski.pl\/cs\/wp-json\/wp\/v2\/media\/7623"}],"wp:attachment":[{"href":"https:\/\/marekkuchcinski.pl\/cs\/wp-json\/wp\/v2\/media?parent=7622"}],"wp:term":[{"taxonomy":"category","embeddable":true,"href":"https:\/\/marekkuchcinski.pl\/cs\/wp-json\/wp\/v2\/categories?post=7622"},{"taxonomy":"post_tag","embeddable":true,"href":"https:\/\/marekkuchcinski.pl\/cs\/wp-json\/wp\/v2\/tags?post=7622"}],"curies":[{"name":"wp","href":"https:\/\/api.w.org\/{rel}","templated":true}]}}