{"id":7548,"date":"2017-10-29T22:15:24","date_gmt":"2017-10-29T21:15:24","guid":{"rendered":"https:\/\/marekkuchcinski.pl\/?p=7548"},"modified":"2017-10-31T21:30:37","modified_gmt":"2017-10-31T20:30:37","slug":"marszalek-sejmu-zapalil-znicze-przemyskich-cmentarzach-zlozyl-hold-bohaterom","status":"publish","type":"post","link":"https:\/\/marekkuchcinski.pl\/cs\/wydarzenia\/marszalek-sejmu-zapalil-znicze-przemyskich-cmentarzach-zlozyl-hold-bohaterom\/","title":{"rendered":"P\u0159edseda Sejmu zap\u00e1lil sv\u00ed\u010dky a polo\u017eil kv\u011btiny na Przemy\u0161lsk\u00fdch h\u0159bitovech. Vzdal hold hrdin\u016fm"},"content":{"rendered":"<p class=\"hyphenate\" data-scroll=\"paragraph_1\">Mar\u0161\u00e1lek Marek Kuchci\u0144ski a jeho doprovod, v\u010detn\u011b starosty m\u011bsta Przemy\u015bl Roberta Chomy, zah\u00e1jili slavnostn\u00ed n\u00e1v\u0161t\u011bvu poh\u0159ebi\u0161\u0165 polo\u017een\u00edm kv\u011btin na hrob arcibiskupa Ignacyho Tokarczuka v krypt\u00e1ch p\u0159emyslovsk\u00e9 katedr\u00e1ly. Odtud se vydal na rakousko-uhersk\u00fd h\u0159bitov, kde uctil pam\u00e1tku rakousko-uhersk\u00fdch voj\u00e1k\u016f, kte\u0159\u00ed bojovali v letech 1914-1918 o pevnost Przemy\u015bl. Mezi nimi je i d\u011bde\u010dek sou\u010dasn\u00e9ho p\u0159edsedy ma\u010farsk\u00e9ho parlamentu L\u00e1szl\u00f3 K\u00f6v\u00e9ra a d\u011bde\u010dek J\u00f3zsefa Antalla.<\/p>\n<p class=\"hyphenate\" data-scroll=\"paragraph_2\">Mar\u0161\u00e1l a jeho asistenti tak\u00e9 zap\u00e1lili sv\u00ed\u010dky a polo\u017eili kytice k pam\u00e1tn\u00edk\u016fm, v\u010detn\u011b: Arm\u00e1dy Krajowej, pam\u00e1tn\u00edku Pol\u00e1k\u016f z v\u00fdchodn\u00edho pohrani\u010d\u00ed zavra\u017ed\u011bn\u00fdch OUN-UPA a zavra\u017ed\u011bn\u00fdch NKVD (tzv. Katy\u0148sk\u00fd pam\u00e1tn\u00edk), legion\u00e1\u0159\u016f a u Hrobu nezn\u00e1m\u00e9ho voj\u00edna.<\/p>\n<p class=\"hyphenate\" data-scroll=\"paragraph_3\">Kuchci\u0144ski a jeho doprovod nav\u0161t\u00edvili mimo jin\u00e9 tak\u00e9 hrob voj\u00e1k\u016f Polsk\u00e9 arm\u00e1dy padl\u00fdch v roce 1946 v boji proti Ukrajinsk\u00e9 povstaleck\u00e9 arm\u00e1d\u011b (UPA), kter\u00fd se nach\u00e1z\u00ed na h\u0159bitov\u011b Zasa\u0144ski. Na Hlavn\u00edm h\u0159bitov\u011b zase mar\u0161\u00e1l nav\u0161t\u00edvil hrob sv\u00e9ho otce Zbigniewa Kuchci\u0144sk\u00e9ho, kter\u00fd byl p\u0159edsedou Spole\u010dnosti milovn\u00edk\u016f Lvova a ji\u017en\u00edho a v\u00fdchodn\u00edho pohrani\u010d\u00ed, d\u00e1le hroby \u00fa\u010dastn\u00edk\u016f listopadov\u00e9ho a lednov\u00e9ho povst\u00e1n\u00ed a hrob obr\u00e1nc\u016f P\u0159emy\u0161lu.<\/p>\n<p class=\"hyphenate\" data-scroll=\"paragraph_4\">Sv\u00ed\u010dky byly zap\u00e1leny tak\u00e9 na hrobech jednotliv\u00fdch hrdin\u016f - voj\u00e1k\u016f Armie Krajowej a zn\u00e1m\u00fdch obyvatel Przemy\u015blu, mezi nimi\u017e byli Ryszard Siwiec, major W\u0142adys\u0142aw Koba, Alicja Wronowska a Jerzy Mi\u015bkiewicz, dlouholet\u00fd p\u0159edseda Polonie Przemy\u015bl.<\/p>\n<p class=\"hyphenate\" data-scroll=\"paragraph_5\">Den p\u0159edt\u00edm v\u0161ak zam\u011bstnanci kancel\u00e1\u0159e poslance a m\u011bstsk\u00e9 str\u00e1\u017ee polo\u017eili z pov\u011b\u0159en\u00ed mar\u0161\u00e1la Kuchci\u0144sk\u00e9ho a starosty kytice kv\u011btin a zap\u00e1lili sv\u00ed\u010dky u hrob\u016f v\u00fdznamn\u00fdch przemy\u015blsk\u00fdch ob\u010dan\u016f a u pam\u011btn\u00ed desky p\u0159ipom\u00ednaj\u00edc\u00ed polsk\u00e9 a americk\u00e9 letce, kte\u0159\u00ed v roce 1920 bojovali za nez\u00e1vislost.<\/p>\n<p class=\"hyphenate\" data-scroll=\"paragraph_5\"><em>PAP<\/em><\/p>\n<p class=\"hyphenate\" data-scroll=\"paragraph_5\"><em>Foto: A. Czereba<\/em><\/p>\n<p class=\"hyphenate\" data-scroll=\"paragraph_5\"><a href=\"https:\/\/marekkuchcinski.pl\/wp-content\/uploads\/2017\/10\/Przy-Pomniku-Ofiar-UPA-2.jpg\"><img fetchpriority=\"high\" decoding=\"async\" class=\"alignnone size-full wp-image-7549\" src=\"https:\/\/marekkuchcinski.pl\/wp-content\/uploads\/2017\/10\/Przy-Pomniku-Ofiar-UPA-2.jpg\" alt=\"Przy Pomniku Ofiar UPA (2)\" width=\"4109\" height=\"2753\" srcset=\"https:\/\/marekkuchcinski.pl\/wp-content\/uploads\/2017\/10\/Przy-Pomniku-Ofiar-UPA-2.jpg 2048w, https:\/\/marekkuchcinski.pl\/wp-content\/uploads\/2017\/10\/Przy-Pomniku-Ofiar-UPA-2-300x201.jpg 300w, https:\/\/marekkuchcinski.pl\/wp-content\/uploads\/2017\/10\/Przy-Pomniku-Ofiar-UPA-2-768x515.jpg 768w, https:\/\/marekkuchcinski.pl\/wp-content\/uploads\/2017\/10\/Przy-Pomniku-Ofiar-UPA-2-1024x686.jpg 1024w\" sizes=\"(max-width: 4109px) 100vw, 4109px\" \/><\/a> <a href=\"https:\/\/marekkuchcinski.pl\/wp-content\/uploads\/2017\/10\/29.11.2017_fot.-A-59.jpg\"><img decoding=\"async\" class=\"alignnone size-full wp-image-7551\" src=\"https:\/\/marekkuchcinski.pl\/wp-content\/uploads\/2017\/10\/29.11.2017_fot.-A-59.jpg\" alt=\"29.11.2017_fot. A (59)\" width=\"4021\" height=\"2422\" srcset=\"https:\/\/marekkuchcinski.pl\/wp-content\/uploads\/2017\/10\/29.11.2017_fot.-A-59.jpg 2048w, https:\/\/marekkuchcinski.pl\/wp-content\/uploads\/2017\/10\/29.11.2017_fot.-A-59-300x181.jpg 300w, https:\/\/marekkuchcinski.pl\/wp-content\/uploads\/2017\/10\/29.11.2017_fot.-A-59-768x463.jpg 768w, https:\/\/marekkuchcinski.pl\/wp-content\/uploads\/2017\/10\/29.11.2017_fot.-A-59-1024x617.jpg 1024w\" sizes=\"(max-width: 4021px) 100vw, 4021px\" \/><\/a> <a href=\"https:\/\/marekkuchcinski.pl\/wp-content\/uploads\/2017\/10\/29.11.2017_fot.-A-57.jpg\"><img decoding=\"async\" class=\"alignnone size-full wp-image-7552\" src=\"https:\/\/marekkuchcinski.pl\/wp-content\/uploads\/2017\/10\/29.11.2017_fot.-A-57.jpg\" alt=\"29.11.2017_fot. A (57)\" width=\"3765\" height=\"2452\" srcset=\"https:\/\/marekkuchcinski.pl\/wp-content\/uploads\/2017\/10\/29.11.2017_fot.-A-57.jpg 2048w, https:\/\/marekkuchcinski.pl\/wp-content\/uploads\/2017\/10\/29.11.2017_fot.-A-57-300x195.jpg 300w, https:\/\/marekkuchcinski.pl\/wp-content\/uploads\/2017\/10\/29.11.2017_fot.-A-57-768x500.jpg 768w, https:\/\/marekkuchcinski.pl\/wp-content\/uploads\/2017\/10\/29.11.2017_fot.-A-57-1024x667.jpg 1024w\" sizes=\"(max-width: 3765px) 100vw, 3765px\" \/><\/a> <a href=\"https:\/\/marekkuchcinski.pl\/wp-content\/uploads\/2017\/10\/29.11.2017_fot.-A-45.jpg\"><img loading=\"lazy\" decoding=\"async\" class=\"alignnone size-full wp-image-7554\" src=\"https:\/\/marekkuchcinski.pl\/wp-content\/uploads\/2017\/10\/29.11.2017_fot.-A-45.jpg\" alt=\"29.11.2017_fot. A (45)\" width=\"4170\" height=\"2709\" srcset=\"https:\/\/marekkuchcinski.pl\/wp-content\/uploads\/2017\/10\/29.11.2017_fot.-A-45.jpg 2048w, https:\/\/marekkuchcinski.pl\/wp-content\/uploads\/2017\/10\/29.11.2017_fot.-A-45-300x195.jpg 300w, https:\/\/marekkuchcinski.pl\/wp-content\/uploads\/2017\/10\/29.11.2017_fot.-A-45-768x499.jpg 768w, https:\/\/marekkuchcinski.pl\/wp-content\/uploads\/2017\/10\/29.11.2017_fot.-A-45-1024x665.jpg 1024w\" sizes=\"(max-width: 4170px) 100vw, 4170px\" \/><\/a> <a href=\"https:\/\/marekkuchcinski.pl\/wp-content\/uploads\/2017\/10\/29.11.2017_fot.-A-27.jpg\"><img loading=\"lazy\" decoding=\"async\" class=\"alignnone size-full wp-image-7557\" src=\"https:\/\/marekkuchcinski.pl\/wp-content\/uploads\/2017\/10\/29.11.2017_fot.-A-27.jpg\" alt=\"29.11.2017_fot. A (27)\" width=\"3888\" height=\"2632\" srcset=\"https:\/\/marekkuchcinski.pl\/wp-content\/uploads\/2017\/10\/29.11.2017_fot.-A-27.jpg 2048w, https:\/\/marekkuchcinski.pl\/wp-content\/uploads\/2017\/10\/29.11.2017_fot.-A-27-300x203.jpg 300w, https:\/\/marekkuchcinski.pl\/wp-content\/uploads\/2017\/10\/29.11.2017_fot.-A-27-768x520.jpg 768w, https:\/\/marekkuchcinski.pl\/wp-content\/uploads\/2017\/10\/29.11.2017_fot.-A-27-1024x693.jpg 1024w\" sizes=\"(max-width: 3888px) 100vw, 3888px\" \/><\/a> <a href=\"https:\/\/marekkuchcinski.pl\/wp-content\/uploads\/2017\/10\/29.11.2017_fot.-A-24.jpg\"><img loading=\"lazy\" decoding=\"async\" class=\"alignnone size-full wp-image-7559\" src=\"https:\/\/marekkuchcinski.pl\/wp-content\/uploads\/2017\/10\/29.11.2017_fot.-A-24.jpg\" alt=\"29.11.2017_fot. A (24)\" width=\"3476\" height=\"2447\" srcset=\"https:\/\/marekkuchcinski.pl\/wp-content\/uploads\/2017\/10\/29.11.2017_fot.-A-24.jpg 2048w, https:\/\/marekkuchcinski.pl\/wp-content\/uploads\/2017\/10\/29.11.2017_fot.-A-24-300x211.jpg 300w, https:\/\/marekkuchcinski.pl\/wp-content\/uploads\/2017\/10\/29.11.2017_fot.-A-24-768x541.jpg 768w, https:\/\/marekkuchcinski.pl\/wp-content\/uploads\/2017\/10\/29.11.2017_fot.-A-24-1024x721.jpg 1024w\" sizes=\"(max-width: 3476px) 100vw, 3476px\" \/><\/a> <a href=\"https:\/\/marekkuchcinski.pl\/wp-content\/uploads\/2017\/10\/29.11.2017_fot.-A-30.jpg\"><img loading=\"lazy\" decoding=\"async\" class=\"alignnone size-full wp-image-7562\" src=\"https:\/\/marekkuchcinski.pl\/wp-content\/uploads\/2017\/10\/29.11.2017_fot.-A-30.jpg\" alt=\"29.11.2017_fot. A (30)\" width=\"3656\" height=\"2797\" srcset=\"https:\/\/marekkuchcinski.pl\/wp-content\/uploads\/2017\/10\/29.11.2017_fot.-A-30.jpg 2048w, https:\/\/marekkuchcinski.pl\/wp-content\/uploads\/2017\/10\/29.11.2017_fot.-A-30-300x230.jpg 300w, https:\/\/marekkuchcinski.pl\/wp-content\/uploads\/2017\/10\/29.11.2017_fot.-A-30-768x588.jpg 768w, https:\/\/marekkuchcinski.pl\/wp-content\/uploads\/2017\/10\/29.11.2017_fot.-A-30-1024x783.jpg 1024w\" sizes=\"(max-width: 3656px) 100vw, 3656px\" \/><\/a> <a href=\"https:\/\/marekkuchcinski.pl\/wp-content\/uploads\/2017\/10\/29.11.2017_fot.-A-49.jpg\"><img loading=\"lazy\" decoding=\"async\" class=\"alignnone size-full wp-image-7564\" src=\"https:\/\/marekkuchcinski.pl\/wp-content\/uploads\/2017\/10\/29.11.2017_fot.-A-49.jpg\" alt=\"29.11.2017_fot. A (49)\" width=\"3605\" height=\"2709\" srcset=\"https:\/\/marekkuchcinski.pl\/wp-content\/uploads\/2017\/10\/29.11.2017_fot.-A-49.jpg 2048w, https:\/\/marekkuchcinski.pl\/wp-content\/uploads\/2017\/10\/29.11.2017_fot.-A-49-300x225.jpg 300w, https:\/\/marekkuchcinski.pl\/wp-content\/uploads\/2017\/10\/29.11.2017_fot.-A-49-768x577.jpg 768w, https:\/\/marekkuchcinski.pl\/wp-content\/uploads\/2017\/10\/29.11.2017_fot.-A-49-1024x769.jpg 1024w\" sizes=\"(max-width: 3605px) 100vw, 3605px\" \/><\/a> <a href=\"https:\/\/marekkuchcinski.pl\/wp-content\/uploads\/2017\/10\/29.11.2017_fot.-A-37.jpg\"><img loading=\"lazy\" decoding=\"async\" class=\"alignnone size-full wp-image-7565\" src=\"https:\/\/marekkuchcinski.pl\/wp-content\/uploads\/2017\/10\/29.11.2017_fot.-A-37.jpg\" alt=\"29.11.2017_fot. A (37)\" width=\"3394\" height=\"2560\" srcset=\"https:\/\/marekkuchcinski.pl\/wp-content\/uploads\/2017\/10\/29.11.2017_fot.-A-37.jpg 2048w, https:\/\/marekkuchcinski.pl\/wp-content\/uploads\/2017\/10\/29.11.2017_fot.-A-37-300x226.jpg 300w, https:\/\/marekkuchcinski.pl\/wp-content\/uploads\/2017\/10\/29.11.2017_fot.-A-37-768x579.jpg 768w, https:\/\/marekkuchcinski.pl\/wp-content\/uploads\/2017\/10\/29.11.2017_fot.-A-37-1024x772.jpg 1024w\" sizes=\"(max-width: 3394px) 100vw, 3394px\" \/><\/a> <a href=\"https:\/\/marekkuchcinski.pl\/wp-content\/uploads\/2017\/10\/g3.jpg\"><img loading=\"lazy\" decoding=\"async\" class=\"alignnone size-full wp-image-7574\" src=\"https:\/\/marekkuchcinski.pl\/wp-content\/uploads\/2017\/10\/g3.jpg\" alt=\"g3\" width=\"4036\" height=\"2493\" srcset=\"https:\/\/marekkuchcinski.pl\/wp-content\/uploads\/2017\/10\/g3.jpg 2048w, https:\/\/marekkuchcinski.pl\/wp-content\/uploads\/2017\/10\/g3-300x185.jpg 300w, https:\/\/marekkuchcinski.pl\/wp-content\/uploads\/2017\/10\/g3-768x474.jpg 768w, https:\/\/marekkuchcinski.pl\/wp-content\/uploads\/2017\/10\/g3-1024x633.jpg 1024w\" sizes=\"(max-width: 4036px) 100vw, 4036px\" \/><\/a> <a href=\"https:\/\/marekkuchcinski.pl\/wp-content\/uploads\/2017\/10\/G1.jpg\"><img loading=\"lazy\" decoding=\"async\" class=\"alignnone size-full wp-image-7575\" src=\"https:\/\/marekkuchcinski.pl\/wp-content\/uploads\/2017\/10\/G1.jpg\" alt=\"G1\" width=\"3990\" height=\"2534\" srcset=\"https:\/\/marekkuchcinski.pl\/wp-content\/uploads\/2017\/10\/G1.jpg 2048w, https:\/\/marekkuchcinski.pl\/wp-content\/uploads\/2017\/10\/G1-300x191.jpg 300w, https:\/\/marekkuchcinski.pl\/wp-content\/uploads\/2017\/10\/G1-768x488.jpg 768w, https:\/\/marekkuchcinski.pl\/wp-content\/uploads\/2017\/10\/G1-1024x650.jpg 1024w\" sizes=\"(max-width: 3990px) 100vw, 3990px\" \/><\/a><\/p>","protected":false},"excerpt":{"rendered":"<p>Uroczyste odwiedzanie miejsc poch\u00f3wku marsza\u0142ek Marek Kuchci\u0144ski wraz z towarzysz\u0105cymi mu osobami, w tym\u00a0m.in. z prezydentem Przemy\u015bla Robertem Chom\u0105, rozpocz\u0105\u0142 od z\u0142o\u017cenia kwiat\u00f3w na grobie ks. abp. Ignacego Tokarczuka w kryptach Archikatedry Przemyskiej. Stamt\u0105d uda\u0142 si\u0119 na Cmentarz Austro-W\u0119gierski, gdzie upami\u0119tni\u0142 Austro-W\u0119gr\u00f3w walcz\u0105cych w latach 1914-1918 w walkach o Twierdz\u0119 Przemy\u015bl. W\u015br\u00f3d nich spoczywa dziadek [&hellip;]<\/p>\n","protected":false},"author":6,"featured_media":7551,"comment_status":"open","ping_status":"open","sticky":false,"template":"","format":"standard","meta":{"ngg_post_thumbnail":0,"footnotes":""},"categories":[49,77,3],"tags":[],"class_list":["post-7548","post","type-post","status-publish","format-standard","has-post-thumbnail","hentry","category-podkarpacie","category-wazne-daty","category-wydarzenia"],"_links":{"self":[{"href":"https:\/\/marekkuchcinski.pl\/cs\/wp-json\/wp\/v2\/posts\/7548","targetHints":{"allow":["GET"]}}],"collection":[{"href":"https:\/\/marekkuchcinski.pl\/cs\/wp-json\/wp\/v2\/posts"}],"about":[{"href":"https:\/\/marekkuchcinski.pl\/cs\/wp-json\/wp\/v2\/types\/post"}],"author":[{"embeddable":true,"href":"https:\/\/marekkuchcinski.pl\/cs\/wp-json\/wp\/v2\/users\/6"}],"replies":[{"embeddable":true,"href":"https:\/\/marekkuchcinski.pl\/cs\/wp-json\/wp\/v2\/comments?post=7548"}],"version-history":[{"count":5,"href":"https:\/\/marekkuchcinski.pl\/cs\/wp-json\/wp\/v2\/posts\/7548\/revisions"}],"predecessor-version":[{"id":7640,"href":"https:\/\/marekkuchcinski.pl\/cs\/wp-json\/wp\/v2\/posts\/7548\/revisions\/7640"}],"wp:featuredmedia":[{"embeddable":true,"href":"https:\/\/marekkuchcinski.pl\/cs\/wp-json\/wp\/v2\/media\/7551"}],"wp:attachment":[{"href":"https:\/\/marekkuchcinski.pl\/cs\/wp-json\/wp\/v2\/media?parent=7548"}],"wp:term":[{"taxonomy":"category","embeddable":true,"href":"https:\/\/marekkuchcinski.pl\/cs\/wp-json\/wp\/v2\/categories?post=7548"},{"taxonomy":"post_tag","embeddable":true,"href":"https:\/\/marekkuchcinski.pl\/cs\/wp-json\/wp\/v2\/tags?post=7548"}],"curies":[{"name":"wp","href":"https:\/\/api.w.org\/{rel}","templated":true}]}}