{"id":7510,"date":"2017-10-18T09:52:20","date_gmt":"2017-10-18T07:52:20","guid":{"rendered":"https:\/\/marekkuchcinski.pl\/?p=7510"},"modified":"2017-10-18T13:45:04","modified_gmt":"2017-10-18T11:45:04","slug":"marszalek-sejmu-tej-czesci-swiata-bez-turcji-mozliwosci-zapewnienia-bezpieczenstwa-obywatelom","status":"publish","type":"post","link":"https:\/\/marekkuchcinski.pl\/cs\/wydarzenia\/marszalek-sejmu-tej-czesci-swiata-bez-turcji-mozliwosci-zapewnienia-bezpieczenstwa-obywatelom\/","title":{"rendered":"P\u0159edseda Sejmu: V t\u00e9to \u010d\u00e1sti sv\u011bta nen\u00ed mo\u017en\u00e9 zajistit bezpe\u010dnost ob\u010dan\u016f bez Turecka."},"content":{"rendered":"<p><strong>Hlavn\u00edmi t\u00e9maty jedn\u00e1n\u00ed p\u0159edsedy Sejmu s tureck\u00fdm prezidentem jsou region\u00e1ln\u00ed spolupr\u00e1ce na obou stran\u00e1ch Schengenu, hospod\u00e1\u0159sk\u00e1 a pr\u016fmyslov\u00e1 spolupr\u00e1ce, spolupr\u00e1ce v r\u00e1mci NATO, spolupr\u00e1ce v oblasti cestovn\u00edho ruchu a infrastruktury.<\/strong><\/p>\n<p>P\u0159ed rokem byl p\u0159edseda parlamentu Marek Kuchci\u0144ski p\u0159ijat v Anka\u0159e prezidentem Erdoganem, tak\u017ee se d\u00e1 \u0159\u00edci, \u017ee \u0161lo o prezidentskou n\u00e1v\u0161t\u011bvu.<\/p>\n<p>Kuchci\u0144ski zd\u016fraznil, \u017ee obzvl\u00e1\u0161t\u011b d\u016fle\u017eit\u00e1 je spolupr\u00e1ce zem\u00ed mezi Baltsk\u00fdm, Kaspick\u00fdm, \u010cern\u00fdm a St\u0159edozemn\u00edm mo\u0159em nebo rozvoj severoji\u017en\u00ed dopravn\u00ed trasy, v\u010detn\u011b Via Carpatia. Prezident poznamenal, \u017ee v roce 2017 nav\u0161t\u00edvilo Turecko v\u00edce ne\u017e 200 000 Pol\u00e1k\u016f. Rozvoj komunikace v tomto regionu je proto obzvl\u00e1\u0161t\u011b d\u016fle\u017eit\u00fd.<\/p>\n<p>Politici se rovn\u011b\u017e shodli na tom, \u017ee by m\u011blo doj\u00edt k v\u00fdm\u011bn\u011b zku\u0161enost\u00ed t\u00fdkaj\u00edc\u00edch se n\u00e1rodnostn\u00edch men\u0161in \u017eij\u00edc\u00edch v zem\u00edch EU, lid\u00ed r\u016fzn\u00fdch kultur a n\u00e1bo\u017eenstv\u00ed.<\/p>\n<p>P\u0159edseda Sejmu ujistil o sv\u00e9 podpo\u0159e tureck\u00e9ho \u00fasil\u00ed o vstup do EU. - Jsme si v\u011bdomi toho, \u017ee v t\u00e9to \u010d\u00e1sti sv\u011bta bez Turecka nen\u00ed mo\u017en\u00e9 zajistit bezpe\u010dnost ob\u010dan\u016f,\" \u0159ekl. Podle p\u0159edsedy parlamentu je tak\u00e9 nutn\u00e1 dobr\u00e1 parlamentn\u00ed spolupr\u00e1ce.<\/p>\n<p>Recep Tayyip Erdogan zah\u00e1jil n\u00e1v\u0161t\u011bvu Polska setk\u00e1n\u00edm s prezidentem Andrzejem Dudou. Bylo podeps\u00e1no p\u011bt d\u016fle\u017eit\u00fdch mezivl\u00e1dn\u00edch dohod. Jak zd\u016fraznil p\u0159edseda Sejmu - tak po\u010detn\u00e1 delegace v jeho vl\u00e1d\u011b je\u0161t\u011b nebyla. Erdogana doprov\u00e1zeli mimo jin\u00e9 minist\u0159i zahrani\u010dn\u00edch v\u011bc\u00ed, obrany a hospod\u00e1\u0159stv\u00ed.<\/p>\n<p><em>foto, text. M. Olejnik<\/em><\/p>\n<p><a href=\"https:\/\/marekkuchcinski.pl\/wp-content\/uploads\/2017\/10\/Er1.jpg\"><img fetchpriority=\"high\" decoding=\"async\" class=\"alignnone size-full wp-image-7511\" src=\"https:\/\/marekkuchcinski.pl\/wp-content\/uploads\/2017\/10\/Er1.jpg\" alt=\"Er1\" width=\"4896\" height=\"2760\" srcset=\"https:\/\/marekkuchcinski.pl\/wp-content\/uploads\/2017\/10\/Er1.jpg 2048w, https:\/\/marekkuchcinski.pl\/wp-content\/uploads\/2017\/10\/Er1-300x169.jpg 300w, https:\/\/marekkuchcinski.pl\/wp-content\/uploads\/2017\/10\/Er1-768x433.jpg 768w, https:\/\/marekkuchcinski.pl\/wp-content\/uploads\/2017\/10\/Er1-1024x577.jpg 1024w\" sizes=\"(max-width: 4896px) 100vw, 4896px\" \/><\/a> <a href=\"https:\/\/marekkuchcinski.pl\/wp-content\/uploads\/2017\/10\/Er3.jpg\"><img decoding=\"async\" class=\"alignnone size-full wp-image-7512\" src=\"https:\/\/marekkuchcinski.pl\/wp-content\/uploads\/2017\/10\/Er3.jpg\" alt=\"Er3\" width=\"4896\" height=\"2760\" srcset=\"https:\/\/marekkuchcinski.pl\/wp-content\/uploads\/2017\/10\/Er3.jpg 2048w, https:\/\/marekkuchcinski.pl\/wp-content\/uploads\/2017\/10\/Er3-300x169.jpg 300w, https:\/\/marekkuchcinski.pl\/wp-content\/uploads\/2017\/10\/Er3-768x433.jpg 768w, https:\/\/marekkuchcinski.pl\/wp-content\/uploads\/2017\/10\/Er3-1024x577.jpg 1024w\" sizes=\"(max-width: 4896px) 100vw, 4896px\" \/><\/a> <a href=\"https:\/\/marekkuchcinski.pl\/wp-content\/uploads\/2017\/10\/Er4.jpg\"><img decoding=\"async\" class=\"alignnone size-full wp-image-7513\" src=\"https:\/\/marekkuchcinski.pl\/wp-content\/uploads\/2017\/10\/Er4.jpg\" alt=\"Er4\" width=\"4188\" height=\"2558\" srcset=\"https:\/\/marekkuchcinski.pl\/wp-content\/uploads\/2017\/10\/Er4.jpg 2048w, https:\/\/marekkuchcinski.pl\/wp-content\/uploads\/2017\/10\/Er4-300x183.jpg 300w, https:\/\/marekkuchcinski.pl\/wp-content\/uploads\/2017\/10\/Er4-768x469.jpg 768w, https:\/\/marekkuchcinski.pl\/wp-content\/uploads\/2017\/10\/Er4-1024x625.jpg 1024w\" sizes=\"(max-width: 4188px) 100vw, 4188px\" \/><\/a> <a href=\"https:\/\/marekkuchcinski.pl\/wp-content\/uploads\/2017\/10\/Er5.jpg\"><img loading=\"lazy\" decoding=\"async\" class=\"alignnone size-full wp-image-7514\" src=\"https:\/\/marekkuchcinski.pl\/wp-content\/uploads\/2017\/10\/Er5.jpg\" alt=\"Er5\" width=\"3786\" height=\"2291\" srcset=\"https:\/\/marekkuchcinski.pl\/wp-content\/uploads\/2017\/10\/Er5.jpg 2048w, https:\/\/marekkuchcinski.pl\/wp-content\/uploads\/2017\/10\/Er5-300x182.jpg 300w, https:\/\/marekkuchcinski.pl\/wp-content\/uploads\/2017\/10\/Er5-768x465.jpg 768w, https:\/\/marekkuchcinski.pl\/wp-content\/uploads\/2017\/10\/Er5-1024x620.jpg 1024w\" sizes=\"(max-width: 3786px) 100vw, 3786px\" \/><\/a><\/p>\n<p><iframe title=\"N\u00e1v\u0161t\u011bva tureck\u00e9ho prezidenta v Polsku. Recep Tayyip Erdo\u011fan se setkal s p\u0159edsedou Sejmu\" width=\"800\" height=\"450\" src=\"https:\/\/www.youtube.com\/embed\/JGzQ-hXXdqw?feature=oembed\" frameborder=\"0\" allow=\"accelerometer; autoplay; clipboard-write; encrypted-media; gyroscope; picture-in-picture\" allowfullscreen><\/iframe><\/p>","protected":false},"excerpt":{"rendered":"<p>Wsp\u00f3\u0142praca regionalna po obu stronach Schengen, wsp\u00f3\u0142praca gospodarcza, przemys\u0142owa, w ramach NATO, turystyki i infrastruktury to g\u0142\u00f3wne tematy rozm\u00f3w marsza\u0142ka Sejmu z prezydentem Turcji. Rok temu marsza\u0142ek Marek Kuchci\u0144ski zosta\u0142 przyj\u0119ty przez Recipa Erdo\u011fana w Ankarze, mo\u017cna wi\u0119c powiedzie\u0107, \u017ce by\u0142a to rewizyta prezydenta. Kuchci\u0144ski podkre\u015bla\u0142, \u017ce szczeg\u00f3lnie wa\u017cna jest wsp\u00f3\u0142praca kraj\u00f3w mi\u0119dzy morzami: Ba\u0142tyckim, [&hellip;]<\/p>\n","protected":false},"author":6,"featured_media":7511,"comment_status":"open","ping_status":"open","sticky":false,"template":"","format":"standard","meta":{"ngg_post_thumbnail":0,"footnotes":""},"categories":[81,50,3],"tags":[],"class_list":["post-7510","post","type-post","status-publish","format-standard","has-post-thumbnail","hentry","category-wiesci-z-sejmu","category-wspolpraca-miedzynarodowa","category-wydarzenia"],"_links":{"self":[{"href":"https:\/\/marekkuchcinski.pl\/cs\/wp-json\/wp\/v2\/posts\/7510","targetHints":{"allow":["GET"]}}],"collection":[{"href":"https:\/\/marekkuchcinski.pl\/cs\/wp-json\/wp\/v2\/posts"}],"about":[{"href":"https:\/\/marekkuchcinski.pl\/cs\/wp-json\/wp\/v2\/types\/post"}],"author":[{"embeddable":true,"href":"https:\/\/marekkuchcinski.pl\/cs\/wp-json\/wp\/v2\/users\/6"}],"replies":[{"embeddable":true,"href":"https:\/\/marekkuchcinski.pl\/cs\/wp-json\/wp\/v2\/comments?post=7510"}],"version-history":[{"count":2,"href":"https:\/\/marekkuchcinski.pl\/cs\/wp-json\/wp\/v2\/posts\/7510\/revisions"}],"predecessor-version":[{"id":7517,"href":"https:\/\/marekkuchcinski.pl\/cs\/wp-json\/wp\/v2\/posts\/7510\/revisions\/7517"}],"wp:featuredmedia":[{"embeddable":true,"href":"https:\/\/marekkuchcinski.pl\/cs\/wp-json\/wp\/v2\/media\/7511"}],"wp:attachment":[{"href":"https:\/\/marekkuchcinski.pl\/cs\/wp-json\/wp\/v2\/media?parent=7510"}],"wp:term":[{"taxonomy":"category","embeddable":true,"href":"https:\/\/marekkuchcinski.pl\/cs\/wp-json\/wp\/v2\/categories?post=7510"},{"taxonomy":"post_tag","embeddable":true,"href":"https:\/\/marekkuchcinski.pl\/cs\/wp-json\/wp\/v2\/tags?post=7510"}],"curies":[{"name":"wp","href":"https:\/\/api.w.org\/{rel}","templated":true}]}}