{"id":7484,"date":"2017-10-14T11:03:09","date_gmt":"2017-10-14T09:03:09","guid":{"rendered":"https:\/\/marekkuchcinski.pl\/?p=7484"},"modified":"2017-10-14T11:03:09","modified_gmt":"2017-10-14T09:03:09","slug":"zyczenia-okazji-edukacji-narodowej","status":"publish","type":"post","link":"https:\/\/marekkuchcinski.pl\/cs\/wydarzenia\/zyczenia-okazji-edukacji-narodowej\/","title":{"rendered":"Pozdravy u p\u0159\u00edle\u017eitosti N\u00e1rodn\u00edho dne vzd\u011bl\u00e1v\u00e1n\u00ed"},"content":{"rendered":"<p style=\"text-align: center;\"><em>U p\u0159\u00edle\u017eitosti N\u00e1rodn\u00edho dne vzd\u011blanosti se v\u0161ichni u\u010ditel\u00e9 a \u017e\u00e1ci\u00a0<\/em><br \/>\n<em>a \u017e\u00e1k\u016fm p\u0159eji, aby va\u0161e vztahy byly pln\u00e9 vz\u00e1jemn\u00e9ho respektu a porozum\u011bn\u00ed, aby \u0161koly byly spojeny s m\u00edstem pozitivn\u00ed energie, kter\u00e1 v\u00e1m p\u0159in\u00e1\u0161\u00ed radost a uspokojen\u00ed z va\u0161eho pozn\u00e1n\u00ed a rozvoje. A\u0165 v\u00e1\u0161 rann\u00ed bud\u00edk symbolizuje za\u010d\u00e1tek nov\u00e9 kapitoly knihy, kter\u00e1 v\u00e1s vt\u00e1hne, zapamatuje si ji, pobav\u00ed v\u00e1s, pou\u010d\u00ed a probud\u00ed ve v\u00e1s chu\u0165 k dal\u0161\u00edmu pozn\u00e1v\u00e1n\u00ed. St\u00e1le p\u00ed\u0161eme knihu, p\u0159id\u00e1v\u00e1me nov\u00e9 str\u00e1nky, roz\u0161i\u0159ujeme sv\u00e9 obzory - to je to, co znamen\u00e1 pokrok. A za toto objeven\u00ed dal\u0161\u00edch kapitol up\u0159\u00edmn\u011b d\u011bkuji t\u011bm, kte\u0159\u00ed u\u010d\u00ed a jsou u\u010deni.<\/em><\/p>\n<p><em>Marek Kuchci\u0144ski<\/em><\/p>","protected":false},"excerpt":{"rendered":"<p>Z okazji Dnia Edukacji Narodowej wszystkim nauczycielkom i nauczycielom oraz uczniom\u00a0 i uczennicom \u017cycz\u0119, by Wasze relacje by\u0142y pe\u0142ne wzajemnego szacunku i zrozumienia, szko\u0142y kojarzy\u0142y si\u0119 z miejscem pozytywnej energii, daj\u0105cym rado\u015b\u0107\u00a0i satysfakcj\u0119 ze zdobywanej wiedzy i rozwoju. Niech poranny budzik b\u0119dzie symbolem pocz\u0105tku nowego rozdzia\u0142u ksi\u0105\u017cki, kt\u00f3ra wci\u0105ga, zapada w pami\u0119\u0107, bawi, uczy i [&hellip;]<\/p>\n","protected":false},"author":6,"featured_media":7485,"comment_status":"open","ping_status":"open","sticky":false,"template":"","format":"standard","meta":{"ngg_post_thumbnail":0,"footnotes":""},"categories":[3],"tags":[],"class_list":["post-7484","post","type-post","status-publish","format-standard","has-post-thumbnail","hentry","category-wydarzenia"],"_links":{"self":[{"href":"https:\/\/marekkuchcinski.pl\/cs\/wp-json\/wp\/v2\/posts\/7484","targetHints":{"allow":["GET"]}}],"collection":[{"href":"https:\/\/marekkuchcinski.pl\/cs\/wp-json\/wp\/v2\/posts"}],"about":[{"href":"https:\/\/marekkuchcinski.pl\/cs\/wp-json\/wp\/v2\/types\/post"}],"author":[{"embeddable":true,"href":"https:\/\/marekkuchcinski.pl\/cs\/wp-json\/wp\/v2\/users\/6"}],"replies":[{"embeddable":true,"href":"https:\/\/marekkuchcinski.pl\/cs\/wp-json\/wp\/v2\/comments?post=7484"}],"version-history":[{"count":1,"href":"https:\/\/marekkuchcinski.pl\/cs\/wp-json\/wp\/v2\/posts\/7484\/revisions"}],"predecessor-version":[{"id":7486,"href":"https:\/\/marekkuchcinski.pl\/cs\/wp-json\/wp\/v2\/posts\/7484\/revisions\/7486"}],"wp:featuredmedia":[{"embeddable":true,"href":"https:\/\/marekkuchcinski.pl\/cs\/wp-json\/wp\/v2\/media\/7485"}],"wp:attachment":[{"href":"https:\/\/marekkuchcinski.pl\/cs\/wp-json\/wp\/v2\/media?parent=7484"}],"wp:term":[{"taxonomy":"category","embeddable":true,"href":"https:\/\/marekkuchcinski.pl\/cs\/wp-json\/wp\/v2\/categories?post=7484"},{"taxonomy":"post_tag","embeddable":true,"href":"https:\/\/marekkuchcinski.pl\/cs\/wp-json\/wp\/v2\/tags?post=7484"}],"curies":[{"name":"wp","href":"https:\/\/api.w.org\/{rel}","templated":true}]}}