{"id":7410,"date":"2017-09-27T19:48:30","date_gmt":"2017-09-27T17:48:30","guid":{"rendered":"https:\/\/marekkuchcinski.pl\/?p=7410"},"modified":"2017-09-28T14:00:08","modified_gmt":"2017-09-28T12:00:08","slug":"list-marszalka-sejmu-okazji-podziemnego-panstwa-polskiego","status":"publish","type":"post","link":"https:\/\/marekkuchcinski.pl\/cs\/wydarzenia\/list-marszalka-sejmu-okazji-podziemnego-panstwa-polskiego\/","title":{"rendered":"Dopis p\u0159edsedy Sejmu u p\u0159\u00edle\u017eitosti Dne polsk\u00e9ho podzem\u00ed"},"content":{"rendered":"<p>Kdy\u017e se \u0159ekne \"polsk\u00fd podzemn\u00ed st\u00e1t\", okam\u017eit\u011b se n\u00e1m vybav\u00ed Arm\u00e1da Krajowa, Var\u0161avsk\u00e9 povst\u00e1n\u00ed a cel\u00fd neuv\u011b\u0159iteln\u00fd odpor polsk\u00e9ho lidu, kter\u00fd se ani na okam\u017eik nesm\u00ed\u0159il s n\u011bmeckou a sov\u011btskou okupac\u00ed. Polsk\u00fd podzemn\u00ed st\u00e1t byl v Evrop\u011b jedine\u010dn\u00fdm fenom\u00e9nem, a to nejen d\u00edky hrdinstv\u00ed Pol\u00e1k\u016f, ale tak\u00e9 d\u00edky vynikaj\u00edc\u00ed sebeorganizaci, kter\u00e1 dok\u00e1zala, \u017ee n\u00e1\u0161 n\u00e1rod je ochoten a schopen b\u00fdt dobr\u00fdm hospod\u00e1\u0159em ve sv\u00e9 zemi i v t\u011bch nejt\u011b\u017e\u0161\u00edch podm\u00ednk\u00e1ch.<\/p>\n<p>Kdy\u017e uct\u00edv\u00e1me polsk\u00fd podzemn\u00ed st\u00e1t, m\u011bli bychom m\u00edt na pam\u011bti p\u0159edev\u0161\u00edm to, \u017ee ct\u00edme samotn\u00fd polsk\u00fd st\u00e1t - Polskou republiku.  Polsk\u00fd podzemn\u00ed st\u00e1t nebyl ni\u010d\u00edm jin\u00fdm ne\u017e neporu\u0161enou svobodnou a suver\u00e9nn\u00ed Polskou republikou, kter\u00e1, a\u010dkoli byla okupov\u00e1na, neodm\u00edtala \u017e\u00edt a plnit sv\u00e9 z\u00e1kladn\u00ed st\u00e1tn\u00ed funkce. Polsk\u00fd podzemn\u00ed st\u00e1t nefungoval jako partyz\u00e1nsk\u00fd podnik, ale op\u00edral se o pr\u00e1vn\u00ed org\u00e1ny v exilu a jimi vydan\u00e9 z\u00e1kony, kter\u00e9 byly zve\u0159ej\u0148ov\u00e1ny v \u00da\u0159edn\u00edch v\u011bstn\u00edc\u00edch z\u00e1kon\u016f v zahrani\u010d\u00ed. Org\u00e1ny Polsk\u00e9 republiky za v\u00e1lky trvaly nejen jako symbol, ale tak\u00e9 jako re\u00e1ln\u00e1, \u017eiv\u00e1 entita, kter\u00e1 jednala a \u0159\u00eddila boj proti okupantovi s pomoc\u00ed sv\u00e9 administrativy a arm\u00e1dy bojuj\u00edc\u00ed nej\u00faporn\u011bji od prvn\u00edho do posledn\u00edho dne druh\u00e9 sv\u011btov\u00e9 v\u00e1lky, a to jak mimo Polsko, tak doma - v podm\u00ednk\u00e1ch konspirace.<\/p>\n<p>Den polsk\u00e9ho podzemn\u00edho st\u00e1tu by m\u011bl b\u00fdt pro n\u00e1s v\u0161echny dnem n\u00e1rodn\u00ed hrdosti. Dok\u00e1zali jsme, ani ne tak sv\u011btu jako sami sob\u011b, \u017ee jsme tvo\u0159iv\u00fd n\u00e1rod a \u017ee n\u00e1\u0161 smysl pro svobodu a schopnost aktivity, charakteristick\u00e9 pro vysp\u011blou ob\u010danskou spole\u010dnost, n\u00e1m d\u00e1vaj\u00ed jedine\u010dnou schopnost zotavit se z historick\u00fdch katastrof, kter\u00fdch n\u00e1s d\u011bjiny neu\u0161et\u0159ily.<\/p>\n<p>&nbsp;<\/p>\n<p><a href=\"https:\/\/marekkuchcinski.pl\/wp-content\/uploads\/2017\/09\/DSCF6488.jpg\"><img fetchpriority=\"high\" decoding=\"async\" class=\"alignnone size-full wp-image-7414\" src=\"https:\/\/marekkuchcinski.pl\/wp-content\/uploads\/2017\/09\/DSCF6488.jpg\" alt=\"DSCF6488\" width=\"4499\" height=\"2622\" srcset=\"https:\/\/marekkuchcinski.pl\/wp-content\/uploads\/2017\/09\/DSCF6488.jpg 2048w, https:\/\/marekkuchcinski.pl\/wp-content\/uploads\/2017\/09\/DSCF6488-300x175.jpg 300w, https:\/\/marekkuchcinski.pl\/wp-content\/uploads\/2017\/09\/DSCF6488-768x448.jpg 768w, https:\/\/marekkuchcinski.pl\/wp-content\/uploads\/2017\/09\/DSCF6488-1024x597.jpg 1024w\" sizes=\"(max-width: 4499px) 100vw, 4499px\" \/><\/a><\/p>\n<p>&nbsp;<\/p>","protected":false},"excerpt":{"rendered":"<p>Kiedy pada termin: \u201ePolskie Pa\u0144stwo Podziemne\u201d, na my\u015bl przychodzi od razu Armia Krajowa, Powstanie Warszawskie i ca\u0142y niebywa\u0142y op\u00f3r Narodu Polskiego, kt\u00f3ry ani na chwil\u0119 nie pogodzi\u0142 si\u0119 z niemieck\u0105 i sowieck\u0105 okupacj\u0105. Polskie Pa\u0144stwo Podziemne by\u0142o niepowtarzalnym fenomenem w Europie, nie tylko z racji heroizmu Polak\u00f3w, ale tak\u017ce doskona\u0142ej samoorganizacji, kt\u00f3ra dowodzi, \u017ce nasz [&hellip;]<\/p>\n","protected":false},"author":6,"featured_media":7413,"comment_status":"open","ping_status":"open","sticky":false,"template":"","format":"standard","meta":{"ngg_post_thumbnail":0,"footnotes":""},"categories":[104,77,81,3],"tags":[],"class_list":["post-7410","post","type-post","status-publish","format-standard","has-post-thumbnail","hentry","category-lms","category-wazne-daty","category-wiesci-z-sejmu","category-wydarzenia"],"_links":{"self":[{"href":"https:\/\/marekkuchcinski.pl\/cs\/wp-json\/wp\/v2\/posts\/7410","targetHints":{"allow":["GET"]}}],"collection":[{"href":"https:\/\/marekkuchcinski.pl\/cs\/wp-json\/wp\/v2\/posts"}],"about":[{"href":"https:\/\/marekkuchcinski.pl\/cs\/wp-json\/wp\/v2\/types\/post"}],"author":[{"embeddable":true,"href":"https:\/\/marekkuchcinski.pl\/cs\/wp-json\/wp\/v2\/users\/6"}],"replies":[{"embeddable":true,"href":"https:\/\/marekkuchcinski.pl\/cs\/wp-json\/wp\/v2\/comments?post=7410"}],"version-history":[{"count":2,"href":"https:\/\/marekkuchcinski.pl\/cs\/wp-json\/wp\/v2\/posts\/7410\/revisions"}],"predecessor-version":[{"id":7417,"href":"https:\/\/marekkuchcinski.pl\/cs\/wp-json\/wp\/v2\/posts\/7410\/revisions\/7417"}],"wp:featuredmedia":[{"embeddable":true,"href":"https:\/\/marekkuchcinski.pl\/cs\/wp-json\/wp\/v2\/media\/7413"}],"wp:attachment":[{"href":"https:\/\/marekkuchcinski.pl\/cs\/wp-json\/wp\/v2\/media?parent=7410"}],"wp:term":[{"taxonomy":"category","embeddable":true,"href":"https:\/\/marekkuchcinski.pl\/cs\/wp-json\/wp\/v2\/categories?post=7410"},{"taxonomy":"post_tag","embeddable":true,"href":"https:\/\/marekkuchcinski.pl\/cs\/wp-json\/wp\/v2\/tags?post=7410"}],"curies":[{"name":"wp","href":"https:\/\/api.w.org\/{rel}","templated":true}]}}