{"id":7407,"date":"2017-09-28T13:48:19","date_gmt":"2017-09-28T11:48:19","guid":{"rendered":"https:\/\/marekkuchcinski.pl\/?p=7407"},"modified":"2017-09-28T13:48:19","modified_gmt":"2017-09-28T11:48:19","slug":"przemysl-naftowy-podkarpaciu-fotografii-sztuce-xix-xx-wieku","status":"publish","type":"post","link":"https:\/\/marekkuchcinski.pl\/cs\/bez-kategorii\/lms\/przemysl-naftowy-podkarpaciu-fotografii-sztuce-xix-xx-wieku\/","title":{"rendered":"\"Ropn\u00fd pr\u016fmysl na Podkarpatsku ve fotografii a um\u011bn\u00ed 19. a 20. stolet\u00ed\""},"content":{"rendered":"<p><em>D\u011bkujeme za pozv\u00e1n\u00ed na vernis\u00e1\u017e v\u00fdstavy \"Ropn\u00fd pr\u016fmysl na Podkarpatsku ve fotografii a um\u011bn\u00ed 19. a 20. stolet\u00ed\". \u00a0<\/em><\/p>\n<p><em>Jsem p\u0159esv\u011bd\u010den, \u017ee prezentace um\u011bleck\u00fdch d\u011bl a fotografi\u00ed z minul\u00fdch stolet\u00ed bude pro \u0161irokou ve\u0159ejnost velmi zaj\u00edmav\u00e1, proto\u017ee nem\u00e1me \u010dasto mo\u017enost obdivovat unik\u00e1tn\u00ed pam\u00e1tky na ropn\u00fd pr\u016fmysl na Podkarpatsku. Jsem p\u0159esv\u011bd\u010den, \u017ee v\u00fdstava bude jakousi cestou do minulosti, do sv\u011bta hmotn\u00e9 kultury a pr\u016fmyslov\u00e9 revoluce. A pro milovn\u00edky fotografov\u00e1n\u00ed to bude skv\u011bl\u00e1 lekce historie.<\/em><\/p>\n<p><em>Proto\u017ee nemohu pod\u011bkovat osobn\u011b, r\u00e1d bych vyj\u00e1d\u0159il sv\u00e9 uzn\u00e1n\u00ed v\u0161em, kte\u0159\u00ed se pod\u00edleli na p\u0159\u00edprav\u011b v\u00fdstavy. Cht\u011bl bych pod\u011bkovat za shrom\u00e1\u017ed\u011bn\u00ed star\u00fdch pam\u00e1tek v Podkarpatsk\u00e9m muzeu, proto\u017ee jejich \u0161irok\u00e1 prezentace m\u00e1 velkou hodnotu nejen vzd\u011bl\u00e1vac\u00ed, ale i historickou. <\/em><\/p>\n<p><em>\u00a0P\u0159eji v\u00e1m kr\u00e1snou atmosf\u00e9ru na vernis\u00e1\u017ei a v\u0161em n\u00e1v\u0161t\u011bvn\u00edk\u016fm p\u0159\u00edjemn\u00fd z\u00e1\u017eitek. <\/em><\/p>\n<p><em>Srde\u010dn\u011b v\u00e1s zdrav\u00edm a p\u0159eji v\u0161e nejlep\u0161\u00ed. <\/em><\/p>","protected":false},"excerpt":{"rendered":"<p>Serdecznie dzi\u0119kuj\u0119 za zaproszenie na otwarcie wystawy \u201ePrzemys\u0142 naftowy na Podkarpaciu w fotografii i sztuce XIX i XX wieku\u201d. \u00a0 Przekonany jestem, \u017ce prezentacja dzie\u0142 artystycznych oraz zdj\u0119\u0107 z ubieg\u0142ych stuleci\u00a0 cieszy\u0107 si\u0119 b\u0119dzie du\u017cym zainteresowaniem szerokiego kr\u0119gu odbiorc\u00f3w, jako \u017ce nie mamy okazji cz\u0119sto podziwia\u0107 unikatowych pami\u0105tek dotycz\u0105cych przemys\u0142u naftowego na Podkarpaciu. Przekonany jestem, [&hellip;]<\/p>","protected":false},"author":6,"featured_media":7408,"comment_status":"open","ping_status":"open","sticky":false,"template":"","format":"standard","meta":{"ngg_post_thumbnail":0,"footnotes":""},"categories":[104],"tags":[],"class_list":["post-7407","post","type-post","status-publish","format-standard","has-post-thumbnail","hentry","category-lms"],"yoast_head":"<!-- This site is optimized with the Yoast SEO plugin v24.7 - https:\/\/yoast.com\/wordpress\/plugins\/seo\/ -->\n<title>\u201ePrzemys\u0142 naftowy na Podkarpaciu w fotografii i sztuce XIX i XX wieku\u201d &#8211; Marek Kuchci\u0144ski<\/title>\n<meta name=\"robots\" content=\"index, follow, max-snippet:-1, max-image-preview:large, max-video-preview:-1\" \/>\n<link rel=\"canonical\" href=\"https:\/\/marekkuchcinski.pl\/cs\/bez-kategorii\/lms\/przemysl-naftowy-podkarpaciu-fotografii-sztuce-xix-xx-wieku\/\" \/>\n<meta property=\"og:locale\" content=\"cs_CZ\" \/>\n<meta property=\"og:type\" content=\"article\" \/>\n<meta property=\"og:title\" content=\"\u201ePrzemys\u0142 naftowy na Podkarpaciu w fotografii i sztuce XIX i XX wieku\u201d &#8211; Marek Kuchci\u0144ski\" \/>\n<meta property=\"og:description\" content=\"Serdecznie dzi\u0119kuj\u0119 za zaproszenie na otwarcie wystawy \u201ePrzemys\u0142 naftowy na Podkarpaciu w fotografii i sztuce XIX i XX wieku\u201d. \u00a0 Przekonany jestem, \u017ce prezentacja dzie\u0142 artystycznych oraz zdj\u0119\u0107 z ubieg\u0142ych stuleci\u00a0 cieszy\u0107 si\u0119 b\u0119dzie du\u017cym zainteresowaniem szerokiego kr\u0119gu odbiorc\u00f3w, jako \u017ce nie mamy okazji cz\u0119sto podziwia\u0107 unikatowych pami\u0105tek dotycz\u0105cych przemys\u0142u naftowego na Podkarpaciu. Przekonany jestem, [&hellip;]\" \/>\n<meta property=\"og:url\" content=\"https:\/\/marekkuchcinski.pl\/cs\/bez-kategorii\/lms\/przemysl-naftowy-podkarpaciu-fotografii-sztuce-xix-xx-wieku\/\" \/>\n<meta property=\"og:site_name\" content=\"Marek Kuchci\u0144ski\" \/>\n<meta property=\"article:published_time\" content=\"2017-09-28T11:48:19+00:00\" \/>\n<meta property=\"og:image\" content=\"https:\/\/marekkuchcinski.pl\/wp-content\/uploads\/2017\/09\/przemys\u0142-naftowy.jpg\" \/>\n\t<meta property=\"og:image:width\" content=\"650\" \/>\n\t<meta property=\"og:image:height\" content=\"214\" \/>\n\t<meta property=\"og:image:type\" content=\"image\/jpeg\" \/>\n<meta name=\"author\" content=\"admin\" \/>\n<meta name=\"twitter:card\" content=\"summary_large_image\" \/>\n<meta name=\"twitter:label1\" content=\"Napsal(a)\" \/>\n\t<meta name=\"twitter:data1\" content=\"admin\" \/>\n\t<meta name=\"twitter:label2\" content=\"Odhadovan\u00e1 doba \u010dten\u00ed\" \/>\n\t<meta name=\"twitter:data2\" content=\"1 minuta\" \/>\n<script type=\"application\/ld+json\" class=\"yoast-schema-graph\">{\"@context\":\"https:\/\/schema.org\",\"@graph\":[{\"@type\":\"Article\",\"@id\":\"https:\/\/marekkuchcinski.pl\/ro\/bez-kategorii\/lms\/przemysl-naftowy-podkarpaciu-fotografii-sztuce-xix-xx-wieku\/#article\",\"isPartOf\":{\"@id\":\"https:\/\/marekkuchcinski.pl\/ro\/bez-kategorii\/lms\/przemysl-naftowy-podkarpaciu-fotografii-sztuce-xix-xx-wieku\/\"},\"author\":{\"name\":\"admin\",\"@id\":\"https:\/\/marekkuchcinski.pl\/#\/schema\/person\/6f62700996b4d950b6ea2d1183b6c6be\"},\"headline\":\"\u201ePrzemys\u0142 naftowy na Podkarpaciu w fotografii i sztuce XIX i XX wieku\u201d\",\"datePublished\":\"2017-09-28T11:48:19+00:00\",\"mainEntityOfPage\":{\"@id\":\"https:\/\/marekkuchcinski.pl\/ro\/bez-kategorii\/lms\/przemysl-naftowy-podkarpaciu-fotografii-sztuce-xix-xx-wieku\/\"},\"wordCount\":173,\"commentCount\":0,\"publisher\":{\"@id\":\"https:\/\/marekkuchcinski.pl\/#organization\"},\"image\":{\"@id\":\"https:\/\/marekkuchcinski.pl\/ro\/bez-kategorii\/lms\/przemysl-naftowy-podkarpaciu-fotografii-sztuce-xix-xx-wieku\/#primaryimage\"},\"thumbnailUrl\":\"https:\/\/marekkuchcinski.pl\/wp-content\/uploads\/2017\/09\/przemys\u0142-naftowy.jpg\",\"articleSection\":[\"Listy Marsza\u0142ka Sejmu\"],\"inLanguage\":\"cs\",\"potentialAction\":[{\"@type\":\"CommentAction\",\"name\":\"Comment\",\"target\":[\"https:\/\/marekkuchcinski.pl\/ro\/bez-kategorii\/lms\/przemysl-naftowy-podkarpaciu-fotografii-sztuce-xix-xx-wieku\/#respond\"]}]},{\"@type\":\"WebPage\",\"@id\":\"https:\/\/marekkuchcinski.pl\/ro\/bez-kategorii\/lms\/przemysl-naftowy-podkarpaciu-fotografii-sztuce-xix-xx-wieku\/\",\"url\":\"https:\/\/marekkuchcinski.pl\/ro\/bez-kategorii\/lms\/przemysl-naftowy-podkarpaciu-fotografii-sztuce-xix-xx-wieku\/\",\"name\":\"\u201ePrzemys\u0142 naftowy na Podkarpaciu w fotografii i sztuce XIX i XX wieku\u201d &#8211; Marek Kuchci\u0144ski\",\"isPartOf\":{\"@id\":\"https:\/\/marekkuchcinski.pl\/#website\"},\"primaryImageOfPage\":{\"@id\":\"https:\/\/marekkuchcinski.pl\/ro\/bez-kategorii\/lms\/przemysl-naftowy-podkarpaciu-fotografii-sztuce-xix-xx-wieku\/#primaryimage\"},\"image\":{\"@id\":\"https:\/\/marekkuchcinski.pl\/ro\/bez-kategorii\/lms\/przemysl-naftowy-podkarpaciu-fotografii-sztuce-xix-xx-wieku\/#primaryimage\"},\"thumbnailUrl\":\"https:\/\/marekkuchcinski.pl\/wp-content\/uploads\/2017\/09\/przemys\u0142-naftowy.jpg\",\"datePublished\":\"2017-09-28T11:48:19+00:00\",\"breadcrumb\":{\"@id\":\"https:\/\/marekkuchcinski.pl\/ro\/bez-kategorii\/lms\/przemysl-naftowy-podkarpaciu-fotografii-sztuce-xix-xx-wieku\/#breadcrumb\"},\"inLanguage\":\"cs\",\"potentialAction\":[{\"@type\":\"ReadAction\",\"target\":[\"https:\/\/marekkuchcinski.pl\/ro\/bez-kategorii\/lms\/przemysl-naftowy-podkarpaciu-fotografii-sztuce-xix-xx-wieku\/\"]}]},{\"@type\":\"ImageObject\",\"inLanguage\":\"cs\",\"@id\":\"https:\/\/marekkuchcinski.pl\/ro\/bez-kategorii\/lms\/przemysl-naftowy-podkarpaciu-fotografii-sztuce-xix-xx-wieku\/#primaryimage\",\"url\":\"https:\/\/marekkuchcinski.pl\/wp-content\/uploads\/2017\/09\/przemys\u0142-naftowy.jpg\",\"contentUrl\":\"https:\/\/marekkuchcinski.pl\/wp-content\/uploads\/2017\/09\/przemys\u0142-naftowy.jpg\",\"width\":650,\"height\":214},{\"@type\":\"BreadcrumbList\",\"@id\":\"https:\/\/marekkuchcinski.pl\/ro\/bez-kategorii\/lms\/przemysl-naftowy-podkarpaciu-fotografii-sztuce-xix-xx-wieku\/#breadcrumb\",\"itemListElement\":[{\"@type\":\"ListItem\",\"position\":1,\"name\":\"Strona g\u0142\u00f3wna\",\"item\":\"https:\/\/marekkuchcinski.pl\/\"},{\"@type\":\"ListItem\",\"position\":2,\"name\":\"\u201ePrzemys\u0142 naftowy na Podkarpaciu w fotografii i sztuce XIX i XX wieku\u201d\"}]},{\"@type\":\"WebSite\",\"@id\":\"https:\/\/marekkuchcinski.pl\/#website\",\"url\":\"https:\/\/marekkuchcinski.pl\/\",\"name\":\"Marek Kuchci\u0144ski\",\"description\":\"Pose\u0142 na sejm RP &ndash; okr\u0119g nr 22\",\"publisher\":{\"@id\":\"https:\/\/marekkuchcinski.pl\/#organization\"},\"potentialAction\":[{\"@type\":\"SearchAction\",\"target\":{\"@type\":\"EntryPoint\",\"urlTemplate\":\"https:\/\/marekkuchcinski.pl\/?s={search_term_string}\"},\"query-input\":{\"@type\":\"PropertyValueSpecification\",\"valueRequired\":true,\"valueName\":\"search_term_string\"}}],\"inLanguage\":\"cs\"},{\"@type\":\"Organization\",\"@id\":\"https:\/\/marekkuchcinski.pl\/#organization\",\"name\":\"Marek Kuchci\u0144ski\",\"url\":\"https:\/\/marekkuchcinski.pl\/\",\"logo\":{\"@type\":\"ImageObject\",\"inLanguage\":\"cs\",\"@id\":\"https:\/\/marekkuchcinski.pl\/#\/schema\/logo\/image\/\",\"url\":\"https:\/\/marekkuchcinski.pl\/wp-content\/uploads\/2022\/09\/Marek.jpg\",\"contentUrl\":\"https:\/\/marekkuchcinski.pl\/wp-content\/uploads\/2022\/09\/Marek.jpg\",\"width\":1600,\"height\":971,\"caption\":\"Marek Kuchci\u0144ski\"},\"image\":{\"@id\":\"https:\/\/marekkuchcinski.pl\/#\/schema\/logo\/image\/\"}},{\"@type\":\"Person\",\"@id\":\"https:\/\/marekkuchcinski.pl\/#\/schema\/person\/6f62700996b4d950b6ea2d1183b6c6be\",\"name\":\"admin\",\"image\":{\"@type\":\"ImageObject\",\"inLanguage\":\"cs\",\"@id\":\"https:\/\/marekkuchcinski.pl\/#\/schema\/person\/image\/\",\"url\":\"https:\/\/secure.gravatar.com\/avatar\/4bab693b9d55c3d6b52c0296a8765085?s=96&d=mm&r=g\",\"contentUrl\":\"https:\/\/secure.gravatar.com\/avatar\/4bab693b9d55c3d6b52c0296a8765085?s=96&d=mm&r=g\",\"caption\":\"admin\"},\"url\":\"https:\/\/marekkuchcinski.pl\/cs\/author\/marta-olejnik\/\"}]}<\/script>\n<!-- \/ Yoast SEO plugin. -->","yoast_head_json":{"title":"\u201ePrzemys\u0142 naftowy na Podkarpaciu w fotografii i sztuce XIX i XX wieku\u201d &#8211; Marek Kuchci\u0144ski","robots":{"index":"index","follow":"follow","max-snippet":"max-snippet:-1","max-image-preview":"max-image-preview:large","max-video-preview":"max-video-preview:-1"},"canonical":"https:\/\/marekkuchcinski.pl\/cs\/bez-kategorii\/lms\/przemysl-naftowy-podkarpaciu-fotografii-sztuce-xix-xx-wieku\/","og_locale":"cs_CZ","og_type":"article","og_title":"\u201ePrzemys\u0142 naftowy na Podkarpaciu w fotografii i sztuce XIX i XX wieku\u201d &#8211; Marek Kuchci\u0144ski","og_description":"Serdecznie dzi\u0119kuj\u0119 za zaproszenie na otwarcie wystawy \u201ePrzemys\u0142 naftowy na Podkarpaciu w fotografii i sztuce XIX i XX wieku\u201d. \u00a0 Przekonany jestem, \u017ce prezentacja dzie\u0142 artystycznych oraz zdj\u0119\u0107 z ubieg\u0142ych stuleci\u00a0 cieszy\u0107 si\u0119 b\u0119dzie du\u017cym zainteresowaniem szerokiego kr\u0119gu odbiorc\u00f3w, jako \u017ce nie mamy okazji cz\u0119sto podziwia\u0107 unikatowych pami\u0105tek dotycz\u0105cych przemys\u0142u naftowego na Podkarpaciu. Przekonany jestem, [&hellip;]","og_url":"https:\/\/marekkuchcinski.pl\/cs\/bez-kategorii\/lms\/przemysl-naftowy-podkarpaciu-fotografii-sztuce-xix-xx-wieku\/","og_site_name":"Marek Kuchci\u0144ski","article_published_time":"2017-09-28T11:48:19+00:00","og_image":[{"width":650,"height":214,"url":"https:\/\/marekkuchcinski.pl\/wp-content\/uploads\/2017\/09\/przemys\u0142-naftowy.jpg","type":"image\/jpeg"}],"author":"admin","twitter_card":"summary_large_image","twitter_misc":{"Napsal(a)":"admin","Odhadovan\u00e1 doba \u010dten\u00ed":"1 minuta"},"schema":{"@context":"https:\/\/schema.org","@graph":[{"@type":"Article","@id":"https:\/\/marekkuchcinski.pl\/ro\/bez-kategorii\/lms\/przemysl-naftowy-podkarpaciu-fotografii-sztuce-xix-xx-wieku\/#article","isPartOf":{"@id":"https:\/\/marekkuchcinski.pl\/ro\/bez-kategorii\/lms\/przemysl-naftowy-podkarpaciu-fotografii-sztuce-xix-xx-wieku\/"},"author":{"name":"admin","@id":"https:\/\/marekkuchcinski.pl\/#\/schema\/person\/6f62700996b4d950b6ea2d1183b6c6be"},"headline":"\u201ePrzemys\u0142 naftowy na Podkarpaciu w fotografii i sztuce XIX i XX wieku\u201d","datePublished":"2017-09-28T11:48:19+00:00","mainEntityOfPage":{"@id":"https:\/\/marekkuchcinski.pl\/ro\/bez-kategorii\/lms\/przemysl-naftowy-podkarpaciu-fotografii-sztuce-xix-xx-wieku\/"},"wordCount":173,"commentCount":0,"publisher":{"@id":"https:\/\/marekkuchcinski.pl\/#organization"},"image":{"@id":"https:\/\/marekkuchcinski.pl\/ro\/bez-kategorii\/lms\/przemysl-naftowy-podkarpaciu-fotografii-sztuce-xix-xx-wieku\/#primaryimage"},"thumbnailUrl":"https:\/\/marekkuchcinski.pl\/wp-content\/uploads\/2017\/09\/przemys\u0142-naftowy.jpg","articleSection":["Listy Marsza\u0142ka Sejmu"],"inLanguage":"cs","potentialAction":[{"@type":"CommentAction","name":"Comment","target":["https:\/\/marekkuchcinski.pl\/ro\/bez-kategorii\/lms\/przemysl-naftowy-podkarpaciu-fotografii-sztuce-xix-xx-wieku\/#respond"]}]},{"@type":"WebPage","@id":"https:\/\/marekkuchcinski.pl\/ro\/bez-kategorii\/lms\/przemysl-naftowy-podkarpaciu-fotografii-sztuce-xix-xx-wieku\/","url":"https:\/\/marekkuchcinski.pl\/ro\/bez-kategorii\/lms\/przemysl-naftowy-podkarpaciu-fotografii-sztuce-xix-xx-wieku\/","name":"\u201ePrzemys\u0142 naftowy na Podkarpaciu w fotografii i sztuce XIX i XX wieku\u201d &#8211; Marek Kuchci\u0144ski","isPartOf":{"@id":"https:\/\/marekkuchcinski.pl\/#website"},"primaryImageOfPage":{"@id":"https:\/\/marekkuchcinski.pl\/ro\/bez-kategorii\/lms\/przemysl-naftowy-podkarpaciu-fotografii-sztuce-xix-xx-wieku\/#primaryimage"},"image":{"@id":"https:\/\/marekkuchcinski.pl\/ro\/bez-kategorii\/lms\/przemysl-naftowy-podkarpaciu-fotografii-sztuce-xix-xx-wieku\/#primaryimage"},"thumbnailUrl":"https:\/\/marekkuchcinski.pl\/wp-content\/uploads\/2017\/09\/przemys\u0142-naftowy.jpg","datePublished":"2017-09-28T11:48:19+00:00","breadcrumb":{"@id":"https:\/\/marekkuchcinski.pl\/ro\/bez-kategorii\/lms\/przemysl-naftowy-podkarpaciu-fotografii-sztuce-xix-xx-wieku\/#breadcrumb"},"inLanguage":"cs","potentialAction":[{"@type":"ReadAction","target":["https:\/\/marekkuchcinski.pl\/ro\/bez-kategorii\/lms\/przemysl-naftowy-podkarpaciu-fotografii-sztuce-xix-xx-wieku\/"]}]},{"@type":"ImageObject","inLanguage":"cs","@id":"https:\/\/marekkuchcinski.pl\/ro\/bez-kategorii\/lms\/przemysl-naftowy-podkarpaciu-fotografii-sztuce-xix-xx-wieku\/#primaryimage","url":"https:\/\/marekkuchcinski.pl\/wp-content\/uploads\/2017\/09\/przemys\u0142-naftowy.jpg","contentUrl":"https:\/\/marekkuchcinski.pl\/wp-content\/uploads\/2017\/09\/przemys\u0142-naftowy.jpg","width":650,"height":214},{"@type":"BreadcrumbList","@id":"https:\/\/marekkuchcinski.pl\/ro\/bez-kategorii\/lms\/przemysl-naftowy-podkarpaciu-fotografii-sztuce-xix-xx-wieku\/#breadcrumb","itemListElement":[{"@type":"ListItem","position":1,"name":"Strona g\u0142\u00f3wna","item":"https:\/\/marekkuchcinski.pl\/"},{"@type":"ListItem","position":2,"name":"\u201ePrzemys\u0142 naftowy na Podkarpaciu w fotografii i sztuce XIX i XX wieku\u201d"}]},{"@type":"WebSite","@id":"https:\/\/marekkuchcinski.pl\/#website","url":"https:\/\/marekkuchcinski.pl\/","name":"Marek Kuchci\u0144ski","description":"Pose\u0142 na sejm RP &ndash; okr\u0119g nr 22","publisher":{"@id":"https:\/\/marekkuchcinski.pl\/#organization"},"potentialAction":[{"@type":"SearchAction","target":{"@type":"EntryPoint","urlTemplate":"https:\/\/marekkuchcinski.pl\/?s={search_term_string}"},"query-input":{"@type":"PropertyValueSpecification","valueRequired":true,"valueName":"search_term_string"}}],"inLanguage":"cs"},{"@type":"Organization","@id":"https:\/\/marekkuchcinski.pl\/#organization","name":"Marek Kuchci\u0144ski","url":"https:\/\/marekkuchcinski.pl\/","logo":{"@type":"ImageObject","inLanguage":"cs","@id":"https:\/\/marekkuchcinski.pl\/#\/schema\/logo\/image\/","url":"https:\/\/marekkuchcinski.pl\/wp-content\/uploads\/2022\/09\/Marek.jpg","contentUrl":"https:\/\/marekkuchcinski.pl\/wp-content\/uploads\/2022\/09\/Marek.jpg","width":1600,"height":971,"caption":"Marek Kuchci\u0144ski"},"image":{"@id":"https:\/\/marekkuchcinski.pl\/#\/schema\/logo\/image\/"}},{"@type":"Person","@id":"https:\/\/marekkuchcinski.pl\/#\/schema\/person\/6f62700996b4d950b6ea2d1183b6c6be","name":"admin","image":{"@type":"ImageObject","inLanguage":"cs","@id":"https:\/\/marekkuchcinski.pl\/#\/schema\/person\/image\/","url":"https:\/\/secure.gravatar.com\/avatar\/4bab693b9d55c3d6b52c0296a8765085?s=96&d=mm&r=g","contentUrl":"https:\/\/secure.gravatar.com\/avatar\/4bab693b9d55c3d6b52c0296a8765085?s=96&d=mm&r=g","caption":"admin"},"url":"https:\/\/marekkuchcinski.pl\/cs\/author\/marta-olejnik\/"}]}},"_links":{"self":[{"href":"https:\/\/marekkuchcinski.pl\/cs\/wp-json\/wp\/v2\/posts\/7407","targetHints":{"allow":["GET"]}}],"collection":[{"href":"https:\/\/marekkuchcinski.pl\/cs\/wp-json\/wp\/v2\/posts"}],"about":[{"href":"https:\/\/marekkuchcinski.pl\/cs\/wp-json\/wp\/v2\/types\/post"}],"author":[{"embeddable":true,"href":"https:\/\/marekkuchcinski.pl\/cs\/wp-json\/wp\/v2\/users\/6"}],"replies":[{"embeddable":true,"href":"https:\/\/marekkuchcinski.pl\/cs\/wp-json\/wp\/v2\/comments?post=7407"}],"version-history":[{"count":1,"href":"https:\/\/marekkuchcinski.pl\/cs\/wp-json\/wp\/v2\/posts\/7407\/revisions"}],"predecessor-version":[{"id":7409,"href":"https:\/\/marekkuchcinski.pl\/cs\/wp-json\/wp\/v2\/posts\/7407\/revisions\/7409"}],"wp:featuredmedia":[{"embeddable":true,"href":"https:\/\/marekkuchcinski.pl\/cs\/wp-json\/wp\/v2\/media\/7408"}],"wp:attachment":[{"href":"https:\/\/marekkuchcinski.pl\/cs\/wp-json\/wp\/v2\/media?parent=7407"}],"wp:term":[{"taxonomy":"category","embeddable":true,"href":"https:\/\/marekkuchcinski.pl\/cs\/wp-json\/wp\/v2\/categories?post=7407"},{"taxonomy":"post_tag","embeddable":true,"href":"https:\/\/marekkuchcinski.pl\/cs\/wp-json\/wp\/v2\/tags?post=7407"}],"curies":[{"name":"wp","href":"https:\/\/api.w.org\/{rel}","templated":true}]}}