{"id":7329,"date":"2017-09-20T10:47:17","date_gmt":"2017-09-20T08:47:17","guid":{"rendered":"https:\/\/marekkuchcinski.pl\/?p=7329"},"modified":"2017-09-20T11:03:12","modified_gmt":"2017-09-20T09:03:12","slug":"60-latach-skazania-niepamiec-janos-esterhazy-doczekal-godnego-pochowku","status":"publish","type":"post","link":"https:\/\/marekkuchcinski.pl\/cs\/wydarzenia\/60-latach-skazania-niepamiec-janos-esterhazy-doczekal-godnego-pochowku\/","title":{"rendered":"J\u00e1nos Esterh\u00e1zy se po letech do\u010dkal d\u016fstojn\u00e9ho poh\u0159bu."},"content":{"rendered":"<p><strong>Po 60 letech byl v kapli v jeho rodn\u00e9 obci Doln\u00ed Obdokovce ulo\u017een popel J\u00e1nose Esterh\u00e1zyho, mu\u017ee, kter\u00fd pom\u00e1hal Pol\u00e1k\u016fm b\u011bhem druh\u00e9 sv\u011btov\u00e9 v\u00e1lky. Poh\u0159ebn\u00edm ob\u0159ad\u016fm p\u0159edsedal krakovsk\u00fd metropolita arcibiskup Marek J\u0119draszewski.<\/strong><\/p>\n<p>- Totalitn\u00ed syst\u00e9my up\u00edraly pr\u00e1vo na hrob vzne\u0161en\u00fdm a velk\u00fdm lidem, co\u017e se t\u00fdkalo i J\u00e1nose Esterh\u00e1zyho,\" \u0159ekl arcibiskup Marek J\u0119draszewski b\u011bhem slavnosti v kapli Pov\u00fd\u0161en\u00ed svat\u00e9ho K\u0159\u00ed\u017ee. - Popel hrdiny Ma\u010farska, Polska a Slovenska se kone\u010dn\u011b ocitne na jeho hrob\u011b jako v\u00fdraz na\u0161\u00ed vzpom\u00ednky na n\u011bj, ale tak\u00e9 jako m\u00edsto, kter\u00e9 se pro n\u00e1s v\u0161echny st\u00e1v\u00e1 velk\u00fdm z\u00e1vazkem k solidarit\u011b, k pam\u00e1tce, k v\u00ed\u0159e, k odpu\u0161t\u011bn\u00ed a ke sm\u00ed\u0159en\u00ed.<\/p>\n<div id=\"main\">\n<div class=\"lColA\">\n<div class=\"article\">\n<p>- J\u00e1nos Esterh\u00e1zy se c\u00edtil b\u00fdt demokratem, k\u0159es\u0165anem a \u010dlov\u011bkem z t\u00e9to \u010d\u00e1sti st\u0159edn\u00ed a v\u00fdchodn\u00ed Evropy. V t\u00e9 dob\u011b sta\u010dil jak\u00fdkoli z t\u011bchto d\u016fvod\u016f k uv\u011bzn\u011bn\u00ed nebo dokonce k odn\u011bt\u00ed svobody, upozornil arcibiskup.<\/p>\n<p>Krakovsk\u00fd metropolita p\u0159ipomn\u011bl osobnost politika, kter\u00fd byl symbolem spole\u010dn\u00e9 polsko-ma\u010farsk\u00e9 historie a tradice. J\u00e1nos Esterh\u00e1zy vyu\u017eil sv\u00fdch konex\u00ed a rodinn\u00fdch vazeb - byl synem uhersk\u00e9ho \u0161lechtice a Al\u017eb\u011bty, dcery hrab\u011bte Stanislava Tarnowsk\u00e9ho - a pomohl Pol\u00e1k\u016fm, kte\u0159\u00ed pronikali p\u0159es Slovensko, dostat se na z\u00e1pad p\u0159es Ma\u010farsko a Rumunsko, kde se formovala polsk\u00e1 arm\u00e1da.<\/p>\n<p>Jako jedin\u00fd poslanec parlamentu prvn\u00ed Slovensk\u00e9 republiky se v roce 1942 postavil proti deportac\u00edm slovensk\u00fdch \u017did\u016f do vyhlazovac\u00edch t\u00e1bor\u016f. Po skon\u010den\u00ed v\u00e1lky, v roce 1945, byl uv\u011bzn\u011bn komunistick\u00fdmi slu\u017ebami na Slovensku a p\u0159ed\u00e1n NKVD. Trest smrti mu byl zm\u011bn\u011bn na pr\u00e1ci v gulaz\u00edch, kde se setkal s Pol\u00e1ky, voj\u00e1ky vilniusk\u00e9 oblastn\u00ed domobrany. - V\u0161ude, kde byl, posiloval lidi ve v\u00ed\u0159e, v k\u0159es\u0165ansk\u00e9 nad\u011bji a \u010derpal jejich duchovn\u00ed s\u00edlu z Kristova k\u0159\u00ed\u017ee,\" \u0159ekl hierarcha. - Posledn\u00ed l\u00e9ta sv\u00e9ho \u017eivota str\u00e1vil v t\u011b\u017ek\u00e9m v\u011bzen\u00ed nedaleko Ostravy a zem\u0159el tam v pov\u011bsti svatosti. Byl ne\u00fanavn\u00fdm n\u00e1sledovn\u00edkem Kristova k\u0159\u00ed\u017ee. Zem\u0159el v roce 1957, ale jeho pam\u00e1tka byla zapov\u011bzena Ma\u010far\u016fm, Slov\u00e1k\u016fm, \u010cech\u016fm i Pol\u00e1k\u016fm.<\/p>\n<p>- Teprve nyn\u00ed se tato vzpom\u00ednka o\u017eivuje a na dne\u0161n\u00ed slavnosti se se\u0161li biskupov\u00e9 Ma\u010farska, Slovenska a Polska a nechyb\u011bl ani vysok\u00fd p\u0159edstavitel \u010cesk\u00e9 biskupsk\u00e9 konference. V osob\u011b Esterh\u00e1zyho m\u00e1me \u010dlov\u011bka, kter\u00fd n\u00e1s spojuje, kter\u00fd sjednocuje n\u00e1rody t\u00e9to \u010d\u00e1sti Evropy ve vyzn\u00e1v\u00e1n\u00ed stejn\u00e9 v\u00edry, v \u010derp\u00e1n\u00ed s\u00edly z Kristova k\u0159\u00ed\u017ee, kter\u00fd u\u010d\u00ed jednot\u011b nad rozd\u011blen\u00edmi, kter\u00fd ukazuje, \u017ee prav\u00fdm domovem pro v\u0161echny je Kristova c\u00edrkev,\" zd\u016fraznil arcibiskup Marek J\u0119draszewski a upozornil, \u017ee \u017ee v\u00edra v Kristovo evangelium je jedin\u00fdm z\u00e1kladem, kter\u00fd m\u016f\u017ee sjednotit Evropu a zachr\u00e1nit ji v dob\u011b, kdy se na evangelium, k\u0159\u00ed\u017e a ty, kdo polo\u017eili z\u00e1klady k\u0159es\u0165ansk\u00e9 Evropy a jej\u00ed jednoty, mus\u00ed za ka\u017edou cenu zapomenout.<\/p>\n<p>\"Po cel\u00fd \u017eivot z\u016fstal v\u011brn\u00fd z\u00e1sad\u00e1m k\u0159es\u0165ansk\u00e9 Evropy a navzdory nebezpe\u010d\u00ed se neochv\u011bjn\u011b zast\u00e1val pron\u00e1sledovan\u00fdch. Dnes se st\u00e1v\u00e1 symbolem odvahy a rozvahy. (...) Stejn\u011b jako ho pot\u0159ebovali jeho sou\u010dasn\u00edci, aby naz\u00fdvali v\u011bci prav\u00fdmi jm\u00e9ny a varovali p\u0159ed \u0161\u00edlen\u00fdmi a \u0161\u00edlen\u00fdmi ideologiemi, tak ho pot\u0159ebujeme i my dnes, abychom neztratili svou identitu a mohli se odvol\u00e1vat na jeho jedine\u010dn\u00e9 poselstv\u00ed,\" napsal o J\u00e1nosi Esterh\u00e1zym v dopise adresovan\u00e9m \u00fa\u010dastn\u00edk\u016fm slavnosti p\u0159edseda IPN Jaros\u0142aw Szarek.<\/p>\n<p>Za pomoc polsk\u00fdm uprchl\u00edk\u016fm b\u011bhem druh\u00e9 sv\u011btov\u00e9 v\u00e1lky byl J\u00e1nos Esterh\u00e1zy v roce 2009 prezidentem Lechem Kaczy\u0144sk\u00fdm posmrtn\u011b vyznamen\u00e1n Komand\u00e9rsk\u00fdm k\u0159\u00ed\u017eem \u0158\u00e1du Polonia Restituta.<\/p>\n<p><em>zdroj: Krakovsk\u00e1 arcidiec\u00e9ze<\/em><\/p>\n<p><a href=\"https:\/\/marekkuchcinski.pl\/wp-content\/uploads\/2017\/09\/Esterhazy.jpg\"><img fetchpriority=\"high\" decoding=\"async\" class=\"alignnone wp-image-7330\" src=\"https:\/\/marekkuchcinski.pl\/wp-content\/uploads\/2017\/09\/Esterhazy.jpg\" alt=\"Esterhazy\" width=\"971\" height=\"1456\" srcset=\"https:\/\/marekkuchcinski.pl\/wp-content\/uploads\/2017\/09\/Esterhazy.jpg 683w, https:\/\/marekkuchcinski.pl\/wp-content\/uploads\/2017\/09\/Esterhazy-200x300.jpg 200w\" sizes=\"(max-width: 971px) 100vw, 971px\" \/><\/a><\/p>\n<\/div>\n<\/div>\n<\/div>","protected":false},"excerpt":{"rendered":"<p>Odnalezione po 60 latach prochy J\u00e1nosa Esterh\u00e1zego, cz\u0142owieka, kt\u00f3ry\u00a0 w czasie II wojny pomaga\u0142 Polakom, spocz\u0119\u0142y w kaplicy w jego rodzinnej miejscowo\u015bci w Dolnych Obdokovcach. Obrz\u0119dom pogrzebowym przewodniczy\u0142 metropolita krakowski abp Marek J\u0119draszewski. &#8211; Systemy totalitarne odmawia\u0142y prawa do grobu ludziom szlachetnym i wspania\u0142ym, odnosi\u0142o si\u0119 to tak\u017ce do J\u00e1nosa Esterh\u00e1zego &#8211; m\u00f3wi\u0142 podczas uroczysto\u015bci [&hellip;]<\/p>\n","protected":false},"author":6,"featured_media":7330,"comment_status":"open","ping_status":"open","sticky":false,"template":"","format":"standard","meta":{"ngg_post_thumbnail":0,"footnotes":""},"categories":[50,3],"tags":[],"class_list":["post-7329","post","type-post","status-publish","format-standard","has-post-thumbnail","hentry","category-wspolpraca-miedzynarodowa","category-wydarzenia"],"_links":{"self":[{"href":"https:\/\/marekkuchcinski.pl\/cs\/wp-json\/wp\/v2\/posts\/7329","targetHints":{"allow":["GET"]}}],"collection":[{"href":"https:\/\/marekkuchcinski.pl\/cs\/wp-json\/wp\/v2\/posts"}],"about":[{"href":"https:\/\/marekkuchcinski.pl\/cs\/wp-json\/wp\/v2\/types\/post"}],"author":[{"embeddable":true,"href":"https:\/\/marekkuchcinski.pl\/cs\/wp-json\/wp\/v2\/users\/6"}],"replies":[{"embeddable":true,"href":"https:\/\/marekkuchcinski.pl\/cs\/wp-json\/wp\/v2\/comments?post=7329"}],"version-history":[{"count":6,"href":"https:\/\/marekkuchcinski.pl\/cs\/wp-json\/wp\/v2\/posts\/7329\/revisions"}],"predecessor-version":[{"id":7336,"href":"https:\/\/marekkuchcinski.pl\/cs\/wp-json\/wp\/v2\/posts\/7329\/revisions\/7336"}],"wp:featuredmedia":[{"embeddable":true,"href":"https:\/\/marekkuchcinski.pl\/cs\/wp-json\/wp\/v2\/media\/7330"}],"wp:attachment":[{"href":"https:\/\/marekkuchcinski.pl\/cs\/wp-json\/wp\/v2\/media?parent=7329"}],"wp:term":[{"taxonomy":"category","embeddable":true,"href":"https:\/\/marekkuchcinski.pl\/cs\/wp-json\/wp\/v2\/categories?post=7329"},{"taxonomy":"post_tag","embeddable":true,"href":"https:\/\/marekkuchcinski.pl\/cs\/wp-json\/wp\/v2\/tags?post=7329"}],"curies":[{"name":"wp","href":"https:\/\/api.w.org\/{rel}","templated":true}]}}