{"id":7318,"date":"2017-09-15T16:01:05","date_gmt":"2017-09-15T14:01:05","guid":{"rendered":"https:\/\/marekkuchcinski.pl\/?p=7318"},"modified":"2017-09-19T13:12:02","modified_gmt":"2017-09-19T11:12:02","slug":"75-rocznica-utworzenia-narodowych-sil-zbrojnych","status":"publish","type":"post","link":"https:\/\/marekkuchcinski.pl\/cs\/wydarzenia\/75-rocznica-utworzenia-narodowych-sil-zbrojnych\/","title":{"rendered":"75. v\u00fdro\u010d\u00ed n\u00e1rodn\u00edch ozbrojen\u00fdch sil"},"content":{"rendered":"<p>Polsk\u00fd Sejm na sv\u00e9 47. sch\u016fzi p\u0159ijal rezoluci o p\u0159ipomenut\u00ed 75. v\u00fdro\u010d\u00ed vzniku podzemn\u00edch varhan. N\u00e1rodn\u00ed ozbrojen\u00e9 s\u00edly. Na dne\u0161n\u00edm zased\u00e1n\u00ed tak\u00e9 schv\u00e1lila z\u00e1kon, podle kter\u00e9ho budou m\u00edt veter\u00e1ni mo\u017enost b\u00fdt osvobozeni od poplatk\u016f za pobyt v domovech soci\u00e1ln\u00ed p\u00e9\u010de.<\/p>\n<p>P\u0159edseda Sejmu Marek Kuchci\u0144ski v dopise Janu J\u00f3zefovi Kasprzykovi, vedouc\u00edmu \u00da\u0159adu pro v\u00e1le\u010dn\u00e9 veter\u00e1ny a ob\u011bti repres\u00ed, napsal:<\/p>\n<p>&nbsp;<\/p>\n<p><em>\u00a0 \u00a0 \u00a0 \u00a0 \u00a0 \u00a0 Slavnostn\u00ed akce k 75. v\u00fdro\u010d\u00ed zalo\u017een\u00ed N\u00e1rodn\u00edch ozbrojen\u00fdch sil je p\u0159\u00edle\u017eitost\u00ed p\u0159ipomenout si \u010dinnost jedn\u00e9 ze t\u0159\u00ed nejv\u011bt\u0161\u00edch vojensk\u00fdch organizac\u00ed polsk\u00e9ho podzemn\u00edho st\u00e1tu. Je to tak\u00e9 v\u00fdraz \u00facty k lidem, kte\u0159\u00ed se sna\u017eili bojovat za nez\u00e1vislost vlasti. Je tak\u00e9 d\u016fkazem na\u0161\u00ed pam\u00e1tky na ty, kte\u0159\u00ed byli ochotni zaplatit nejvy\u0161\u0161\u00ed cenu za svobodu a nez\u00e1vislost Polska.<\/em><\/p>\n<p><em>\u00a0\u00a0\u00a0\u00a0\u00a0\u00a0\u00a0\u00a0\u00a0\u00a0\u00a0 Teprve po desetilet\u00edch zapomn\u011bn\u00ed se voj\u00e1k\u016fm n\u00e1rodn\u00edch ozbrojen\u00fdch sil dostalo pam\u00e1tky a pocty. Jejich boj proti N\u011bmc\u016fm a Sov\u011bt\u016fm, ozbrojen\u00fd odpor a podzemn\u00ed \u010dinnost proti komunistick\u00e9mu re\u017eimu znamenaly pokusy vymazat jejich z\u00e1sluhy z d\u011bjin. \u017divot mnoha voj\u00e1k\u016f NSZ, tzv. zak\u00e1zan\u00fdch voj\u00e1k\u016f, byl poznamen\u00e1n brut\u00e1ln\u00edm pron\u00e1sledov\u00e1n\u00edm, represemi a \u00fatrpn\u00fdm \u0161ikanov\u00e1n\u00edm. <\/em><\/p>\n<p><em>Proto pr\u00e1v\u011b v takov\u00fdch chv\u00edl\u00edch, kdy se v my\u0161lenk\u00e1ch vrac\u00edme k t\u011bmto lidem a ud\u00e1lostem, chceme ud\u011blat v\u0161e pro to, aby se my\u0161lenky a hodnoty vykoupen\u00e9 utrpen\u00edm a \u017eivoty natrvalo zapsaly do v\u011bdom\u00ed sou\u010dasn\u00fdch i budouc\u00edch generac\u00ed. Pam\u011b\u0165 je toti\u017e poj\u00edtkem na\u0161\u00ed n\u00e1rodn\u00ed identity a neochv\u011bjn\u00fd postoj obr\u00e1nc\u016f suver\u00e9nn\u00ed republiky, kte\u0159\u00ed v dob\u00e1ch teroru a poroby podali skv\u011bl\u00fd d\u016fkaz state\u010dnosti a odvahy, je na\u0161\u00edm spole\u010dn\u00fdm d\u011bdictv\u00edm a zaslou\u017e\u00ed si na\u0161i nejvy\u0161\u0161\u00ed \u00factu.<\/em><\/p>\n<p><em>\u00a0\u00a0\u00a0\u00a0\u00a0\u00a0\u00a0\u00a0\u00a0\u00a0\u00a0 P\u0159ipojuji se proto k v\u00e1m v t\u011bchto slavnostn\u00edch chv\u00edl\u00edch, abychom si p\u0159ipomn\u011bli hrdinstv\u00ed voj\u00e1k\u016f n\u00e1rodn\u00edch ozbrojen\u00fdch sil a vzdali jim n\u00e1le\u017eitou poctu.<\/em><\/p>\n<p><em>\u00a0\u00a0\u00a0\u00a0\u00a0\u00a0\u00a0\u00a0\u00a0\u00a0\u00a0 \u010cest a sl\u00e1va hrdin\u016fm!<\/em><\/p>\n<p>&nbsp;<\/p>\n<p><a href=\"https:\/\/marekkuchcinski.pl\/wp-content\/uploads\/2017\/09\/21640323_1636066589782990_2059033607_o.jpg\"><img fetchpriority=\"high\" decoding=\"async\" class=\"alignnone size-full wp-image-7320\" src=\"https:\/\/marekkuchcinski.pl\/wp-content\/uploads\/2017\/09\/21640323_1636066589782990_2059033607_o.jpg\" alt=\"21640323_1636066589782990_2059033607_o\" width=\"2048\" height=\"1335\" srcset=\"https:\/\/marekkuchcinski.pl\/wp-content\/uploads\/2017\/09\/21640323_1636066589782990_2059033607_o.jpg 2048w, https:\/\/marekkuchcinski.pl\/wp-content\/uploads\/2017\/09\/21640323_1636066589782990_2059033607_o-300x196.jpg 300w, https:\/\/marekkuchcinski.pl\/wp-content\/uploads\/2017\/09\/21640323_1636066589782990_2059033607_o-768x501.jpg 768w, https:\/\/marekkuchcinski.pl\/wp-content\/uploads\/2017\/09\/21640323_1636066589782990_2059033607_o-1024x668.jpg 1024w\" sizes=\"(max-width: 2048px) 100vw, 2048px\" \/><\/a><a href=\"https:\/\/marekkuchcinski.pl\/wp-content\/uploads\/2017\/09\/DJv9z90XUAAo8As.jpg\"><img decoding=\"async\" class=\"alignnone size-full wp-image-7319\" src=\"https:\/\/marekkuchcinski.pl\/wp-content\/uploads\/2017\/09\/DJv9z90XUAAo8As.jpg\" alt=\"DJv9z90XUAAo8As\" width=\"1200\" height=\"808\" srcset=\"https:\/\/marekkuchcinski.pl\/wp-content\/uploads\/2017\/09\/DJv9z90XUAAo8As.jpg 1200w, https:\/\/marekkuchcinski.pl\/wp-content\/uploads\/2017\/09\/DJv9z90XUAAo8As-300x202.jpg 300w, https:\/\/marekkuchcinski.pl\/wp-content\/uploads\/2017\/09\/DJv9z90XUAAo8As-768x517.jpg 768w, https:\/\/marekkuchcinski.pl\/wp-content\/uploads\/2017\/09\/DJv9z90XUAAo8As-1024x689.jpg 1024w\" sizes=\"(max-width: 1200px) 100vw, 1200px\" \/><\/a><\/p>\n<p><em>Foto: Marta Olejnik<\/em><\/p>","protected":false},"excerpt":{"rendered":"<p>Podczas 47. posiedzenia Sejm RP przyj\u0105\u0142 uchwa\u0142\u0119 ws. upami\u0119tnienia 75. rocznicy konspiracyjnej organ. wojskowej \u2013 Narodowych Si\u0142 Zbrojnych. Na dzisiejszym posiedzenie przyj\u0105\u0142 tak\u017ce ustaw\u0119, na mocy kt\u00f3rej Kombatanci dostan\u0105 mo\u017cliwo\u015b\u0107 zwolnienia z op\u0142at za pobyt w domach pomocy spo\u0142ecznej. W li\u015bcie do Jana J\u00f3zefa Kasprzyka, szefa Urz\u0119du ds. Kombatant\u00f3w i Os\u00f3b Represjonowanych marsza\u0142ek Sejmu Marek [&hellip;]<\/p>\n","protected":false},"author":6,"featured_media":7319,"comment_status":"open","ping_status":"open","sticky":false,"template":"","format":"standard","meta":{"ngg_post_thumbnail":0,"footnotes":""},"categories":[104,81,3],"tags":[],"class_list":["post-7318","post","type-post","status-publish","format-standard","has-post-thumbnail","hentry","category-lms","category-wiesci-z-sejmu","category-wydarzenia"],"_links":{"self":[{"href":"https:\/\/marekkuchcinski.pl\/cs\/wp-json\/wp\/v2\/posts\/7318","targetHints":{"allow":["GET"]}}],"collection":[{"href":"https:\/\/marekkuchcinski.pl\/cs\/wp-json\/wp\/v2\/posts"}],"about":[{"href":"https:\/\/marekkuchcinski.pl\/cs\/wp-json\/wp\/v2\/types\/post"}],"author":[{"embeddable":true,"href":"https:\/\/marekkuchcinski.pl\/cs\/wp-json\/wp\/v2\/users\/6"}],"replies":[{"embeddable":true,"href":"https:\/\/marekkuchcinski.pl\/cs\/wp-json\/wp\/v2\/comments?post=7318"}],"version-history":[{"count":1,"href":"https:\/\/marekkuchcinski.pl\/cs\/wp-json\/wp\/v2\/posts\/7318\/revisions"}],"predecessor-version":[{"id":7321,"href":"https:\/\/marekkuchcinski.pl\/cs\/wp-json\/wp\/v2\/posts\/7318\/revisions\/7321"}],"wp:featuredmedia":[{"embeddable":true,"href":"https:\/\/marekkuchcinski.pl\/cs\/wp-json\/wp\/v2\/media\/7319"}],"wp:attachment":[{"href":"https:\/\/marekkuchcinski.pl\/cs\/wp-json\/wp\/v2\/media?parent=7318"}],"wp:term":[{"taxonomy":"category","embeddable":true,"href":"https:\/\/marekkuchcinski.pl\/cs\/wp-json\/wp\/v2\/categories?post=7318"},{"taxonomy":"post_tag","embeddable":true,"href":"https:\/\/marekkuchcinski.pl\/cs\/wp-json\/wp\/v2\/tags?post=7318"}],"curies":[{"name":"wp","href":"https:\/\/api.w.org\/{rel}","templated":true}]}}