{"id":7310,"date":"2017-09-19T10:43:12","date_gmt":"2017-09-19T08:43:12","guid":{"rendered":"https:\/\/marekkuchcinski.pl\/?p=7310"},"modified":"2017-09-19T21:13:25","modified_gmt":"2017-09-19T19:13:25","slug":"spotkanie-marszalka-sejmu-przedstawicielami-zhp-komendy-hufca-ziemi-przemyskiej-im-orlat-przemyskich","status":"publish","type":"post","link":"https:\/\/marekkuchcinski.pl\/cs\/wydarzenia\/spotkanie-marszalka-sejmu-przedstawicielami-zhp-komendy-hufca-ziemi-przemyskiej-im-orlat-przemyskich\/","title":{"rendered":"Setk\u00e1n\u00ed p\u0159edsedy Sejmu se z\u00e1stupci polsk\u00e9ho svazu skaut\u016f a pr\u016fvodc\u016f (ZHP)"},"content":{"rendered":"<p>B\u011bhem sch\u016fzky v poslaneck\u00e9 kancel\u00e1\u0159i v Przemy\u015blu Marek Kuchci\u0144ski deklaroval sv\u00e9 zapojen\u00ed do aktivit na podporu Przemy\u0161lsk\u00e9ho hufecov\u00e9ho velitelstv\u00ed. Mar\u0161\u00e1lek p\u0159ipomn\u011bl, \u017ee v n\u00e1sleduj\u00edc\u00edch letech (2018\/2019) bude polsk\u00fd parlament obzvl\u00e1\u0161\u0165 slavnostn\u011b oslavovat st\u00e9 v\u00fdro\u010d\u00ed znovuz\u00edsk\u00e1n\u00ed nez\u00e1vislosti Polska a 550. v\u00fdro\u010d\u00ed polsk\u00e9ho parlamentarismu.<\/p>\n<p>V letech 2010\/2011 slavili p\u0159emyslov\u0161t\u00ed skauti st\u00e9 v\u00fdro\u010d\u00ed sv\u00e9ho zalo\u017een\u00ed (10. listopadu 1911 zalo\u017eil Andrzej Ma\u0142kowski prvn\u00ed dru\u017einu p\u0159emyslovsk\u00fdch skaut\u016f v budov\u011b \"Sokola\" na ulici Konarsk\u00e9ho v Przemy\u015blu a od t\u00e9 doby m\u00e1 Hufec v\u017edy 10. listopadu sv\u00e9 vlastn\u00ed oslavy), zat\u00edmco v listopadu 2018 si p\u0159ipom\u00edn\u00e1me st\u00e9 v\u00fdro\u010d\u00ed boj\u016f o Przemy\u015bl a Nizankowice, kter\u00fdch se p\u0159emyslov\u0161t\u00ed skauti z\u00fa\u010dastnili.<\/p>\n<p>Shrom\u00e1\u017ed\u011bn\u00ed diskutovali o probl\u00e9mech, s nimi\u017e se st\u0159edisko pot\u00fdk\u00e1, a o mo\u017en\u00fdch \u0159e\u0161en\u00edch. Mar\u0161\u00e1l podal p\u0159ehled o \u010dinnosti Visegr\u00e1dsk\u00e9 skupiny a zd\u016fraznil \u00falohu spolupr\u00e1ce mezi v\u00fdkonn\u00fdmi a p\u0159edev\u0161\u00edm z\u00e1konod\u00e1rn\u00fdmi org\u00e1ny zem\u00ed Visegr\u00e1dsk\u00e9 skupiny. Podle mluv\u010d\u00edho p\u0159isp\u00edvaj\u00ed k propagaci m\u011bsta setk\u00e1n\u00ed z\u00e1stupc\u016f V4 po\u0159\u00e1dan\u00e1 v Przemy\u015blu. Navrhl uspo\u0159\u00e1dat ve m\u011bst\u011b sraz skaut\u016f a skautek Visegr\u00e1dsk\u00e9 skupiny u p\u0159\u00edle\u017eitosti 100. v\u00fdro\u010d\u00ed znovuz\u00edsk\u00e1n\u00ed nez\u00e1vislosti a z\u00e1rove\u0148 navrhl p\u0159evz\u00edt nad touto iniciativou z\u00e1\u0161titu (mohlo by se jednat i o z\u00e1\u0161titu p\u0159edsed\u016f \u010dty\u0159 parlament\u016f Visegr\u00e1dsk\u00e9 skupiny). O\u010dek\u00e1val by zapojen\u00ed p\u0159emy\u0161lsk\u00e9ho skautsk\u00e9ho \u00fast\u0159ed\u00ed, m\u011bstsk\u00fdch a vojvodsk\u00fdch \u00fa\u0159ad\u016f.<\/p>\n<p>Ruszelczyce (po rekonstrukci) by se tak\u00e9 mohly st\u00e1t sou\u010d\u00e1st\u00ed pravideln\u00fdch setk\u00e1n\u00ed vy\u0161ehradsk\u00fdch skaut\u016f a skautsk\u00fdch v\u016fdc\u016f, podobn\u011b jako setk\u00e1n\u00ed f\u00f3ra \"Karpatsk\u00e1 Evropa\", kter\u00e1 se st\u00e1vaj\u00ed st\u00e1le v\u00edce uzn\u00e1vanou ud\u00e1lost\u00ed. V Ruszelczyc\u00edch se mohly konat skautsk\u00e9 ohn\u011b, kter\u00e9 celou akci zakon\u010dily.<\/p>\n<p>Z\u00e1stupci Hufcova velitelstv\u00ed navrhli zaj\u00edmavou formuli setk\u00e1n\u00ed - Hv\u011bzdn\u00fd slet na Przemy\u0161lsk\u00e9m n\u00e1m\u011bst\u00ed. Skauti a skautky pozvan\u00ed na tuto akci mohli t\u00e1bo\u0159it v are\u00e1lu Przemy\u0161lsk\u00fdch pevnost\u00ed a odtud se vydat dol\u016f do Przemy\u0161le. Tuto iniciativu by mohla podpo\u0159it arm\u00e1da (bezplatn\u00fdm poskytnut\u00edm nepou\u017e\u00edvan\u00fdch stan\u016f) a m\u00edstn\u00ed samospr\u00e1va. P\u0159edb\u011b\u017en\u00e9 datum kon\u00e1n\u00ed rallye - posledn\u00ed t\u00fdden v srpnu 2018.<\/p>\n<p><a href=\"https:\/\/marekkuchcinski.pl\/wp-content\/uploads\/2017\/09\/DKA-HxhXUAAoZyB.jpg\"><img fetchpriority=\"high\" decoding=\"async\" class=\"alignnone size-full wp-image-7311\" src=\"https:\/\/marekkuchcinski.pl\/wp-content\/uploads\/2017\/09\/DKA-HxhXUAAoZyB.jpg\" alt=\"DKA-HxhXUAAoZyB\" width=\"1200\" height=\"675\" srcset=\"https:\/\/marekkuchcinski.pl\/wp-content\/uploads\/2017\/09\/DKA-HxhXUAAoZyB.jpg 1200w, https:\/\/marekkuchcinski.pl\/wp-content\/uploads\/2017\/09\/DKA-HxhXUAAoZyB-300x169.jpg 300w, https:\/\/marekkuchcinski.pl\/wp-content\/uploads\/2017\/09\/DKA-HxhXUAAoZyB-768x432.jpg 768w, https:\/\/marekkuchcinski.pl\/wp-content\/uploads\/2017\/09\/DKA-HxhXUAAoZyB-1024x576.jpg 1024w\" sizes=\"(max-width: 1200px) 100vw, 1200px\" \/><\/a><\/p>\n<p>&nbsp;<\/p>","protected":false},"excerpt":{"rendered":"<p>Podczas spotkania w przemyskim biurze poselskim Marek Kuchci\u0144ski zadeklarowa\u0142 w\u0142\u0105czenie si\u0119 w dzia\u0142ania wspieraj\u0105ce przemysk\u0105 Komend\u0119 Hufca. Marsza\u0142ek przypomnia\u0142, \u017ce w kolejnych latach (2018\/2019) polski Parlament b\u0119dzie szczeg\u00f3lnie uroczy\u015bcie \u015bwi\u0119towa\u0142 stulecie odzyskania przez Polsk\u0119 niepodleg\u0142o\u015bci oraz 550-lecie parlamentaryzmu polskiego. Przemyskie harcerstwo swoje stulecie obchodzi\u0142o w latach 2010\/2011 \u00a0(10 listopada 1911 roku Andrzej Ma\u0142kowski w budynku [&hellip;]<\/p>\n","protected":false},"author":6,"featured_media":7311,"comment_status":"open","ping_status":"open","sticky":false,"template":"","format":"standard","meta":{"ngg_post_thumbnail":0,"footnotes":""},"categories":[49,3],"tags":[],"class_list":["post-7310","post","type-post","status-publish","format-standard","has-post-thumbnail","hentry","category-podkarpacie","category-wydarzenia"],"_links":{"self":[{"href":"https:\/\/marekkuchcinski.pl\/cs\/wp-json\/wp\/v2\/posts\/7310","targetHints":{"allow":["GET"]}}],"collection":[{"href":"https:\/\/marekkuchcinski.pl\/cs\/wp-json\/wp\/v2\/posts"}],"about":[{"href":"https:\/\/marekkuchcinski.pl\/cs\/wp-json\/wp\/v2\/types\/post"}],"author":[{"embeddable":true,"href":"https:\/\/marekkuchcinski.pl\/cs\/wp-json\/wp\/v2\/users\/6"}],"replies":[{"embeddable":true,"href":"https:\/\/marekkuchcinski.pl\/cs\/wp-json\/wp\/v2\/comments?post=7310"}],"version-history":[{"count":6,"href":"https:\/\/marekkuchcinski.pl\/cs\/wp-json\/wp\/v2\/posts\/7310\/revisions"}],"predecessor-version":[{"id":7326,"href":"https:\/\/marekkuchcinski.pl\/cs\/wp-json\/wp\/v2\/posts\/7310\/revisions\/7326"}],"wp:featuredmedia":[{"embeddable":true,"href":"https:\/\/marekkuchcinski.pl\/cs\/wp-json\/wp\/v2\/media\/7311"}],"wp:attachment":[{"href":"https:\/\/marekkuchcinski.pl\/cs\/wp-json\/wp\/v2\/media?parent=7310"}],"wp:term":[{"taxonomy":"category","embeddable":true,"href":"https:\/\/marekkuchcinski.pl\/cs\/wp-json\/wp\/v2\/categories?post=7310"},{"taxonomy":"post_tag","embeddable":true,"href":"https:\/\/marekkuchcinski.pl\/cs\/wp-json\/wp\/v2\/tags?post=7310"}],"curies":[{"name":"wp","href":"https:\/\/api.w.org\/{rel}","templated":true}]}}