{"id":7258,"date":"2017-09-16T16:25:33","date_gmt":"2017-09-16T14:25:33","guid":{"rendered":"https:\/\/marekkuchcinski.pl\/?p=7258"},"modified":"2017-09-19T13:58:31","modified_gmt":"2017-09-19T11:58:31","slug":"105-rocznica-stacji-ratunkowej-przemyslu","status":"publish","type":"post","link":"https:\/\/marekkuchcinski.pl\/cs\/wydarzenia\/105-rocznica-stacji-ratunkowej-przemyslu\/","title":{"rendered":"105. v\u00fdro\u010d\u00ed z\u00e1chrann\u00e9 stanice Przemy\u015bl"},"content":{"rendered":"<p>P\u0159ed 105 lety, v kv\u011btnu 1912, byla v Przemy\u015blu zalo\u017eena z\u00e1chrann\u00e1 slu\u017eba, jedna z prvn\u00edch stanic sv\u00e9ho druhu v Polsku. Dnes je to nejstar\u0161\u00ed z\u00e1chrann\u00e1 slu\u017eba v Podkarpatsk\u00e9m vojvodstv\u00ed, kter\u00e1 je nyn\u00ed sou\u010d\u00e1st\u00ed Oblastn\u00ed nemocnice svat\u00e9ho otce Pia v Przemy\u015blu.<\/p>\n<p>Zalo\u017een\u00ed stanice ovlivnila \u0159ada tragick\u00fdch ud\u00e1lost\u00ed, nap\u0159\u00edklad vlakov\u00e9 ne\u0161t\u011bst\u00ed v Medyce. Nehody takov\u00e9ho rozsahu a prost\u00e9 v\u011bdom\u00ed nutnosti poskytnout ob\u010dan\u016fm l\u00e9ka\u0159skou pomoc vedly 8. \u00fanora 1912 m\u011bstskou radu v Przemy\u015blu k vyd\u00e1n\u00ed usnesen\u00ed o pot\u0159eb\u011b z\u0159\u00eddit z\u00e1chrannou stanici.<\/p>\n<p>Oslav 105. v\u00fdro\u010d\u00ed zalo\u017een\u00ed Przemy\u0161lsk\u00e9 z\u00e1chrann\u00e9 slu\u017eby se z\u00fa\u010dastnili mimo jin\u00e9 p\u0159edseda Sejmu Marek Kuchci\u0144ski a starosta m\u011bsta Robert Choma.<\/p>\n<p>- Tato v\u00fdznamn\u00e1 oslava n\u00e1m p\u0159edev\u0161\u00edm p\u0159ipom\u00edn\u00e1, \u017ee instituce vytvo\u0159ili lid\u00e9,\" \u0159ekl Kuchci\u0144ski. - Je to instituce, kter\u00e1 je chloubou slu\u017eeb a zdravotn\u00ed p\u00e9\u010de, je sou\u010d\u00e1st\u00ed slavn\u00e9 historie zem\u011b Przemy\u015bl. Proto je d\u016fle\u017eit\u00e9, abychom si p\u0159ipom\u00ednali a ctili tv\u016frce z\u00e1chrann\u00e9 slu\u017eby.<\/p>\n<p>- Pro polsk\u00fd st\u00e1t je poskytov\u00e1n\u00ed pomoci lidem v nouzi jedn\u00edm z nejd\u016fle\u017eit\u011bj\u0161\u00edch \u00fakol\u016f, hodnotou. Hodnotou je tak\u00e9 podpora rodin, pos\u00edlen\u00ed zdravotn\u00ed p\u00e9\u010de v oblasti ochrany a zdravotn\u00edch slu\u017eeb, kter\u00e9 vl\u00e1da v sou\u010dasn\u00e9 dob\u011b realizuje a kter\u00e9 jsou jedn\u00edm z nejv\u011bt\u0161\u00edch o\u010dek\u00e1v\u00e1n\u00ed ob\u010dan\u016f Polsk\u00e9 republiky v sou\u010dasnosti,\" uvedl p\u0159edseda parlamentu.<\/p>\n<p>Marek Kuchci\u0144ski tak\u00e9 upozornil na historick\u00e9 paralely: p\u0159\u00ed\u0161t\u00ed rok oslav\u00edme 100. v\u00fdro\u010d\u00ed znovuz\u00edsk\u00e1n\u00ed nez\u00e1vislosti, v roce 2019 oslav\u00edme 100. v\u00fdro\u010d\u00ed vzniku z\u00e1konod\u00e1rn\u00e9ho Sejmu, kter\u00fd za n\u011bkolik m\u011bs\u00edc\u016f p\u0159ijal \u00fastavu. V p\u0159\u00ed\u0161t\u00edm roce tak\u00e9 oslav\u00edme 550. v\u00fdro\u010d\u00ed zalo\u017een\u00ed prvn\u00edho dvoukomorov\u00e9ho Sejmu v zem\u00edch Koruny \u010desk\u00e9.....<\/p>\n<div style=\"width: 640px;\" class=\"wp-video\"><video class=\"wp-video-shortcode\" id=\"video-7258-1\" width=\"640\" height=\"480\" preload=\"metadata\" controls=\"controls\"><source type=\"video\/mp4\" src=\"https:\/\/marekkuchcinski.pl\/wp-content\/uploads\/2017\/09\/Przemo\u0301wienie-na-105.mp4?_=1\" \/><a href=\"https:\/\/marekkuchcinski.pl\/wp-content\/uploads\/2017\/09\/Przemo\u0301wienie-na-105.mp4\">https:\/\/marekkuchcinski.pl\/wp-content\/uploads\/2017\/09\/Przemo\u0301wienie-na-105.mp4<\/a><\/video><\/div>\n<p><em>Projev p\u0159edsedy Sejmu<\/em><\/p>\n<div style=\"width: 640px;\" class=\"wp-video\"><video class=\"wp-video-shortcode\" id=\"video-7258-2\" width=\"640\" height=\"480\" preload=\"metadata\" controls=\"controls\"><source type=\"video\/mp4\" src=\"https:\/\/marekkuchcinski.pl\/wp-content\/uploads\/2017\/09\/ods\u0142oniecie-tablicy.mp4?_=2\" \/><a href=\"https:\/\/marekkuchcinski.pl\/wp-content\/uploads\/2017\/09\/ods\u0142oniecie-tablicy.mp4\">https:\/\/marekkuchcinski.pl\/wp-content\/uploads\/2017\/09\/ods\u0142oniecie-tablicy.mp4<\/a><\/video><\/div>\n<p><em>Foto: Piotr Wo\u0142czyk<\/em><a href=\"https:\/\/marekkuchcinski.pl\/wp-content\/uploads\/2017\/09\/21272786_1328236827301977_164595664027421926_o.jpg\"><img fetchpriority=\"high\" decoding=\"async\" class=\"alignnone size-full wp-image-7289\" src=\"https:\/\/marekkuchcinski.pl\/wp-content\/uploads\/2017\/09\/21272786_1328236827301977_164595664027421926_o.jpg\" alt=\"21272786_1328236827301977_164595664027421926_o\" width=\"2000\" height=\"1332\" srcset=\"https:\/\/marekkuchcinski.pl\/wp-content\/uploads\/2017\/09\/21272786_1328236827301977_164595664027421926_o.jpg 2000w, https:\/\/marekkuchcinski.pl\/wp-content\/uploads\/2017\/09\/21272786_1328236827301977_164595664027421926_o-300x200.jpg 300w, https:\/\/marekkuchcinski.pl\/wp-content\/uploads\/2017\/09\/21272786_1328236827301977_164595664027421926_o-768x511.jpg 768w, https:\/\/marekkuchcinski.pl\/wp-content\/uploads\/2017\/09\/21272786_1328236827301977_164595664027421926_o-1024x682.jpg 1024w\" sizes=\"(max-width: 2000px) 100vw, 2000px\" \/><\/a><\/p>\n<p><em>Odhalen\u00ed pam\u011btn\u00ed desky na historick\u00e9 budov\u011b, kter\u00e1 byla prvn\u00edm s\u00eddlem z\u00e1chrann\u00e9 stanice.<\/em><\/p>\n<div style=\"width: 640px;\" class=\"wp-video\"><video class=\"wp-video-shortcode\" id=\"video-7258-3\" width=\"640\" height=\"480\" preload=\"metadata\" controls=\"controls\"><source type=\"video\/mp4\" src=\"https:\/\/marekkuchcinski.pl\/wp-content\/uploads\/2017\/09\/20170916_120607_122949147521586.mp4?_=3\" \/><a href=\"https:\/\/marekkuchcinski.pl\/wp-content\/uploads\/2017\/09\/20170916_120607_122949147521586.mp4\">https:\/\/marekkuchcinski.pl\/wp-content\/uploads\/2017\/09\/20170916_120607_122949147521586.mp4<\/a><\/video><\/div>\n<p><em>Pochod za doprovodu salesi\u00e1nsk\u00e9 kapely<\/em><a href=\"https:\/\/marekkuchcinski.pl\/wp-content\/uploads\/2017\/09\/IMG_2281.jpg\"><img decoding=\"async\" class=\"alignnone size-full wp-image-7284\" src=\"https:\/\/marekkuchcinski.pl\/wp-content\/uploads\/2017\/09\/IMG_2281.jpg\" alt=\"IMG_2281\" width=\"5472\" height=\"3648\" srcset=\"https:\/\/marekkuchcinski.pl\/wp-content\/uploads\/2017\/09\/IMG_2281.jpg 2048w, https:\/\/marekkuchcinski.pl\/wp-content\/uploads\/2017\/09\/IMG_2281-300x200.jpg 300w, https:\/\/marekkuchcinski.pl\/wp-content\/uploads\/2017\/09\/IMG_2281-768x512.jpg 768w, https:\/\/marekkuchcinski.pl\/wp-content\/uploads\/2017\/09\/IMG_2281-1024x683.jpg 1024w\" sizes=\"(max-width: 5472px) 100vw, 5472px\" \/><\/a><em>Foto: Aleksander Malicki<\/em><\/p>\n<div style=\"width: 640px;\" class=\"wp-video\"><video class=\"wp-video-shortcode\" id=\"video-7258-4\" width=\"640\" height=\"480\" preload=\"metadata\" controls=\"controls\"><source type=\"video\/mp4\" src=\"https:\/\/marekkuchcinski.pl\/wp-content\/uploads\/2017\/09\/20170916_130744_126419752677834.mp4?_=4\" \/><a href=\"https:\/\/marekkuchcinski.pl\/wp-content\/uploads\/2017\/09\/20170916_130744_126419752677834.mp4\">https:\/\/marekkuchcinski.pl\/wp-content\/uploads\/2017\/09\/20170916_130744_126419752677834.mp4<\/a><\/video><\/div>\n<p><em>P\u0159ed\u00e1n\u00ed praporu<\/em><\/p>\n<p><a href=\"https:\/\/marekkuchcinski.pl\/wp-content\/uploads\/2017\/09\/21551741_1328237303968596_8893358226121755589_o.jpg\"><img decoding=\"async\" class=\"alignnone size-full wp-image-7290\" src=\"https:\/\/marekkuchcinski.pl\/wp-content\/uploads\/2017\/09\/21551741_1328237303968596_8893358226121755589_o.jpg\" alt=\"21551741_1328237303968596_8893358226121755589_o\" width=\"2048\" height=\"1698\" srcset=\"https:\/\/marekkuchcinski.pl\/wp-content\/uploads\/2017\/09\/21551741_1328237303968596_8893358226121755589_o.jpg 2048w, https:\/\/marekkuchcinski.pl\/wp-content\/uploads\/2017\/09\/21551741_1328237303968596_8893358226121755589_o-300x249.jpg 300w, https:\/\/marekkuchcinski.pl\/wp-content\/uploads\/2017\/09\/21551741_1328237303968596_8893358226121755589_o-768x637.jpg 768w, https:\/\/marekkuchcinski.pl\/wp-content\/uploads\/2017\/09\/21551741_1328237303968596_8893358226121755589_o-1024x849.jpg 1024w\" sizes=\"(max-width: 2048px) 100vw, 2048px\" \/><\/a><em>Foto: Piotr Wo\u0142czyk<\/em><a href=\"https:\/\/marekkuchcinski.pl\/wp-content\/uploads\/2017\/09\/IMG_2408.jpg\"><img loading=\"lazy\" decoding=\"async\" class=\"alignnone size-full wp-image-7285\" src=\"https:\/\/marekkuchcinski.pl\/wp-content\/uploads\/2017\/09\/IMG_2408.jpg\" alt=\"IMG_2408\" width=\"5472\" height=\"3648\" srcset=\"https:\/\/marekkuchcinski.pl\/wp-content\/uploads\/2017\/09\/IMG_2408.jpg 2048w, https:\/\/marekkuchcinski.pl\/wp-content\/uploads\/2017\/09\/IMG_2408-300x200.jpg 300w, https:\/\/marekkuchcinski.pl\/wp-content\/uploads\/2017\/09\/IMG_2408-768x512.jpg 768w, https:\/\/marekkuchcinski.pl\/wp-content\/uploads\/2017\/09\/IMG_2408-1024x683.jpg 1024w\" sizes=\"(max-width: 5472px) 100vw, 5472px\" \/><\/a><em>Foto: Aleksander Malicki<\/em><\/p>\n<p>Jan Jarosz, \u0159editel N\u00e1rodn\u00edho muzea Przemy\u0161lsk\u00e9ho kraje, p\u0159i zah\u00e1jen\u00ed v\u00fdstavy o historii Przemy\u0161lsk\u00e9 z\u00e1chrann\u00e9 slu\u017eby zd\u016fraznil, \u017ee Przemy\u0161lsk\u00e1 z\u00e1chrann\u00e1 slu\u017eba byla jednou z prvn\u00edch instituc\u00ed v Polsku, kter\u00e1 se zab\u00fdvala z\u00e1chrann\u00fdmi slu\u017ebami.<\/p>\n<p>Na v\u00fdstavn\u00edch panelech jsou k vid\u011bn\u00ed unik\u00e1tn\u00ed dokumenty a fotografie, z nich\u017e n\u011bkter\u00e9 poch\u00e1zej\u00ed z konce 19. stolet\u00ed a kter\u00e9 poskytlo Muzeum z\u00e1chrany v Krakov\u011b a Zemsk\u00e9 centrum celo\u017eivotn\u00edho vzd\u011bl\u00e1v\u00e1n\u00ed dosp\u011bl\u00fdch.<\/p>\n<p>Za zm\u00ednku stoj\u00ed sb\u00edrka v\u00edce ne\u017e 80 model\u016f sanitek (v\u010detn\u011b historick\u00fdch) od Tomasze Maciocha z Bi\u0142goraje.<\/p>\n<p><a href=\"https:\/\/marekkuchcinski.pl\/wp-content\/uploads\/2017\/09\/21741314_1328236977301962_2688654586476265409_o-1.jpg\"><img loading=\"lazy\" decoding=\"async\" class=\"alignnone size-full wp-image-7295\" src=\"https:\/\/marekkuchcinski.pl\/wp-content\/uploads\/2017\/09\/21741314_1328236977301962_2688654586476265409_o-1.jpg\" alt=\"21741314_1328236977301962_2688654586476265409_o (1)\" width=\"2000\" height=\"1284\" srcset=\"https:\/\/marekkuchcinski.pl\/wp-content\/uploads\/2017\/09\/21741314_1328236977301962_2688654586476265409_o-1.jpg 2000w, https:\/\/marekkuchcinski.pl\/wp-content\/uploads\/2017\/09\/21741314_1328236977301962_2688654586476265409_o-1-300x193.jpg 300w, https:\/\/marekkuchcinski.pl\/wp-content\/uploads\/2017\/09\/21741314_1328236977301962_2688654586476265409_o-1-768x493.jpg 768w, https:\/\/marekkuchcinski.pl\/wp-content\/uploads\/2017\/09\/21741314_1328236977301962_2688654586476265409_o-1-1024x657.jpg 1024w\" sizes=\"(max-width: 2000px) 100vw, 2000px\" \/><\/a><em>Foto: Piotr Wo\u0142czyk<\/em><a href=\"https:\/\/marekkuchcinski.pl\/wp-content\/uploads\/2017\/09\/SR-w-Przemy\u015blu.jpg\"><img loading=\"lazy\" decoding=\"async\" class=\"alignnone size-full wp-image-7261\" src=\"https:\/\/marekkuchcinski.pl\/wp-content\/uploads\/2017\/09\/SR-w-Przemy\u015blu.jpg\" alt=\"SR w Przemy\u015blu\" width=\"675\" height=\"960\" srcset=\"https:\/\/marekkuchcinski.pl\/wp-content\/uploads\/2017\/09\/SR-w-Przemy\u015blu.jpg 675w, https:\/\/marekkuchcinski.pl\/wp-content\/uploads\/2017\/09\/SR-w-Przemy\u015blu-211x300.jpg 211w\" sizes=\"(max-width: 675px) 100vw, 675px\" \/><\/a><\/p>\n<p>grafick\u00e9 zn\u00e1zorn\u011bn\u00ed:\u00a0<a id=\"js_2br\" class=\"_hli\" href=\"https:\/\/www.facebook.com\/PogotowieRatunkowewPrzemyslu\/\" data-ft=\"{&quot;tn&quot;:&quot;k&quot;}\" data-hovercard=\"\/ajax\/hovercard\/page.php?id=578196082286264&amp;extragetparams=%7B%22directed_target_id%22%3Anull%2C%22groups_location%22%3Anull%7D\" data-hovercard-prefer-more-content-show=\"1\">Z\u00e1chrann\u00e1 slu\u017eba Przemy\u015bl<\/a><\/p>","protected":false},"excerpt":{"rendered":"<p>105 lat temu w maju 1912 roku w Przemy\u015blu powsta\u0142o Pogotowie Ratunkowe, jedna z pierwszych tego typu stacji w Polsce. Dzi\u015b jest to najstarsza s\u0142u\u017cba ratownictwa medycznego w wojew\u00f3dztwie podkarpackim, kt\u00f3ra obecnie jest cz\u0119\u015bci\u0105 Wojew\u00f3dzkiego Szpitala im. \u015bw. Ojca Pio w Przemy\u015blu. Na powstanie Stacji wp\u0142yn\u0105\u0142 szereg tragicznych wydarze\u0144, takich jak katastrofa kolejowa w Medyce. [&hellip;]<\/p>\n","protected":false},"author":6,"featured_media":7277,"comment_status":"open","ping_status":"open","sticky":false,"template":"","format":"standard","meta":{"ngg_post_thumbnail":0,"footnotes":""},"categories":[49,3],"tags":[],"class_list":["post-7258","post","type-post","status-publish","format-standard","has-post-thumbnail","hentry","category-podkarpacie","category-wydarzenia"],"_links":{"self":[{"href":"https:\/\/marekkuchcinski.pl\/cs\/wp-json\/wp\/v2\/posts\/7258","targetHints":{"allow":["GET"]}}],"collection":[{"href":"https:\/\/marekkuchcinski.pl\/cs\/wp-json\/wp\/v2\/posts"}],"about":[{"href":"https:\/\/marekkuchcinski.pl\/cs\/wp-json\/wp\/v2\/types\/post"}],"author":[{"embeddable":true,"href":"https:\/\/marekkuchcinski.pl\/cs\/wp-json\/wp\/v2\/users\/6"}],"replies":[{"embeddable":true,"href":"https:\/\/marekkuchcinski.pl\/cs\/wp-json\/wp\/v2\/comments?post=7258"}],"version-history":[{"count":20,"href":"https:\/\/marekkuchcinski.pl\/cs\/wp-json\/wp\/v2\/posts\/7258\/revisions"}],"predecessor-version":[{"id":7322,"href":"https:\/\/marekkuchcinski.pl\/cs\/wp-json\/wp\/v2\/posts\/7258\/revisions\/7322"}],"wp:featuredmedia":[{"embeddable":true,"href":"https:\/\/marekkuchcinski.pl\/cs\/wp-json\/wp\/v2\/media\/7277"}],"wp:attachment":[{"href":"https:\/\/marekkuchcinski.pl\/cs\/wp-json\/wp\/v2\/media?parent=7258"}],"wp:term":[{"taxonomy":"category","embeddable":true,"href":"https:\/\/marekkuchcinski.pl\/cs\/wp-json\/wp\/v2\/categories?post=7258"},{"taxonomy":"post_tag","embeddable":true,"href":"https:\/\/marekkuchcinski.pl\/cs\/wp-json\/wp\/v2\/tags?post=7258"}],"curies":[{"name":"wp","href":"https:\/\/api.w.org\/{rel}","templated":true}]}}