{"id":7235,"date":"2017-09-11T22:31:01","date_gmt":"2017-09-11T20:31:01","guid":{"rendered":"https:\/\/marekkuchcinski.pl\/?p=7235"},"modified":"2017-09-11T22:31:01","modified_gmt":"2017-09-11T20:31:01","slug":"inauguracja-komitetu-narodowych-obchodow-100-rocznicy-odzyskania-niepodleglosci-rp","status":"publish","type":"post","link":"https:\/\/marekkuchcinski.pl\/cs\/wydarzenia\/inauguracja-komitetu-narodowych-obchodow-100-rocznicy-odzyskania-niepodleglosci-rp\/","title":{"rendered":"Zah\u00e1jen\u00ed \u010dinnosti N\u00e1rodn\u00edho v\u00fdboru pro oslavy 100. v\u00fdro\u010d\u00ed polsk\u00e9 nez\u00e1vislosti"},"content":{"rendered":"<p><strong>Prezident Polsk\u00e9 republiky Andrzej Duda jmenoval \u010dleny N\u00e1rodn\u00edho v\u00fdboru pro oslavy 100. v\u00fdro\u010d\u00ed z\u00edsk\u00e1n\u00ed nez\u00e1vislosti Polsk\u00e9 republiky, jeho\u017e \u010dleny jsou mimo jin\u00e9 prezident Andrzej Duda, p\u0159edsedov\u00e9 Sejmu Marek Kuchci\u0144ski a Sen\u00e1tu Stanis\u0142aw Karczewski a p\u0159edsedkyn\u011b vl\u00e1dy Beata Szyd\u0142o. \u00a0<\/strong><\/p>\n<p>Podle z\u00e1kona o oslav\u00e1ch 100. v\u00fdro\u010d\u00ed nez\u00e1vislosti Polska, kter\u00e9 p\u0159ipad\u00e1 na rok 2018, by se na p\u0159\u00edprav\u011b celost\u00e1tn\u00edch oslav 100. v\u00fdro\u010d\u00ed nez\u00e1vislosti m\u011bly pod\u00edlet tak\u00e9 politick\u00e9 strany a dal\u0161\u00ed uskupen\u00ed.<\/p>\n<p>Ve v\u00fdboru budou tak\u00e9 z\u00e1stupci c\u00edrkv\u00ed a jin\u00fdch n\u00e1bo\u017eensk\u00fdch spole\u010dnost\u00ed, kulturn\u00edch a v\u011bdeck\u00fdch kruh\u016f, m\u00edstn\u00ed samospr\u00e1vy, odbor\u016f, veter\u00e1nsk\u00fdch organizac\u00ed a dal\u0161\u00edch spole\u010densk\u00fdch organizac\u00ed nebo osob se zvl\u00e1\u0161tn\u00edmi z\u00e1sluhami o Polsko. Tyto osoby jmenuje a odvol\u00e1v\u00e1 p\u0159edseda.<\/p>\n<p>C\u00edlem v\u00fdboru je v letech 2017-21 plnit \u00fakoly spojen\u00e9 s p\u0159ipom\u00ednkou a oslavou ud\u00e1lost\u00ed a osobnost\u00ed spojen\u00fdch se znovuz\u00edsk\u00e1n\u00edm a upevn\u011bn\u00edm nez\u00e1vislosti Polska. Jedn\u00edm z hlavn\u00edch \u00fakol\u016f v\u00fdboru bude ka\u017edoro\u010dn\u00ed p\u0159ij\u00edm\u00e1n\u00ed pl\u00e1nu st\u00e1tn\u00edch oslav na dan\u00fd rok.<\/p>\n<p>V\u00fdbor bude rovn\u011b\u017e propagovat doma i v zahrani\u010d\u00ed \"my\u0161lenku p\u0159ipom\u00edn\u00e1n\u00ed znovuz\u00edsk\u00e1n\u00ed a upevn\u011bn\u00ed nez\u00e1vislosti\" Polska, iniciovat spolupr\u00e1ci mezi st\u00e1tn\u00edmi org\u00e1ny, m\u00edstn\u00ed samospr\u00e1vou, c\u00edrkvemi a jin\u00fdmi n\u00e1bo\u017eensk\u00fdmi sdru\u017een\u00edmi, politick\u00fdmi stranami, odbory, veter\u00e1nsk\u00fdmi organizacemi a dal\u0161\u00edmi spole\u010densk\u00fdmi organizacemi.<\/p>\n<p>Na \u017e\u00e1dost prezidenta se rovn\u011b\u017e vyjad\u0159uje k ud\u011blov\u00e1n\u00ed prezidentsk\u00e9 z\u00e1\u0161tity nad vzpom\u00ednkov\u00fdmi akcemi.<\/p>\n<p>- Ve v\u011bcech nejd\u016fle\u017eit\u011bj\u0161\u00edch pro Polskou republiku, ve v\u011bci jej\u00ed existence, nez\u00e1vislosti, suverenity, ve v\u011bci boje proti nep\u0159\u00edteli Polsk\u00e9 republiky, dok\u00e1zali v\u017edy dr\u017eet pohromad\u011b a odm\u00edtali jak\u00e9koli rozd\u011blen\u00ed,\" zd\u016fraznil Andrzej Duda. - Proto jsem r\u00e1d, \u017ee jsme se dnes se\u0161li v tomto s\u00e1le. I dnes, po t\u011bch sto letech, m\u00e1me lidi s r\u016fzn\u00fdmi n\u00e1zory, \u010dasto s velmi odli\u0161n\u00fdmi n\u00e1zory na dne\u0161n\u00ed republiku, na to, jak\u00e1 by m\u011bla b\u00fdt. Ale jsme tu spole\u010dn\u011b, proto\u017ee jsme si v\u0161ichni jisti jednou v\u011bc\u00ed - \u017ee by m\u011bla b\u00fdt nez\u00e1visl\u00e1 a suver\u00e9nn\u00ed, \u017ee by m\u011bla b\u00fdt svobodn\u00e1,\" \u0159ekl prezident.<\/p>\n<p><em>Ministerstvo kultury<\/em><\/p>\n<p><iframe title=\"Zased\u00e1n\u00ed N\u00e1rodn\u00edho v\u00fdboru pro oslavy 100. v\u00fdro\u010d\u00ed nez\u00e1vislosti\" width=\"800\" height=\"450\" src=\"https:\/\/www.youtube.com\/embed\/tho4DjuIjSU?feature=oembed\" frameborder=\"0\" allow=\"accelerometer; autoplay; clipboard-write; encrypted-media; gyroscope; picture-in-picture\" allowfullscreen><\/iframe><\/p>\n<p><a href=\"https:\/\/marekkuchcinski.pl\/wp-content\/uploads\/2017\/09\/20170911_140338.jpg\"><img fetchpriority=\"high\" decoding=\"async\" class=\"alignnone size-full wp-image-7236\" src=\"https:\/\/marekkuchcinski.pl\/wp-content\/uploads\/2017\/09\/20170911_140338.jpg\" alt=\"_20170911_140338\" width=\"800\" height=\"632\" srcset=\"https:\/\/marekkuchcinski.pl\/wp-content\/uploads\/2017\/09\/20170911_140338.jpg 800w, https:\/\/marekkuchcinski.pl\/wp-content\/uploads\/2017\/09\/20170911_140338-300x237.jpg 300w, https:\/\/marekkuchcinski.pl\/wp-content\/uploads\/2017\/09\/20170911_140338-768x607.jpg 768w\" sizes=\"(max-width: 800px) 100vw, 800px\" \/><\/a> <a href=\"https:\/\/marekkuchcinski.pl\/wp-content\/uploads\/2017\/09\/20170911_151256.jpg\"><img decoding=\"async\" class=\"alignnone size-full wp-image-7237\" src=\"https:\/\/marekkuchcinski.pl\/wp-content\/uploads\/2017\/09\/20170911_151256.jpg\" alt=\"_20170911_151256\" width=\"531\" height=\"800\" srcset=\"https:\/\/marekkuchcinski.pl\/wp-content\/uploads\/2017\/09\/20170911_151256.jpg 531w, https:\/\/marekkuchcinski.pl\/wp-content\/uploads\/2017\/09\/20170911_151256-199x300.jpg 199w\" sizes=\"(max-width: 531px) 100vw, 531px\" \/><\/a> <a href=\"https:\/\/marekkuchcinski.pl\/wp-content\/uploads\/2017\/09\/DSCF6223.jpg\"><img decoding=\"async\" class=\"alignnone size-full wp-image-7238\" src=\"https:\/\/marekkuchcinski.pl\/wp-content\/uploads\/2017\/09\/DSCF6223.jpg\" alt=\"DSCF6223\" width=\"800\" height=\"534\" srcset=\"https:\/\/marekkuchcinski.pl\/wp-content\/uploads\/2017\/09\/DSCF6223.jpg 800w, https:\/\/marekkuchcinski.pl\/wp-content\/uploads\/2017\/09\/DSCF6223-300x200.jpg 300w, https:\/\/marekkuchcinski.pl\/wp-content\/uploads\/2017\/09\/DSCF6223-768x513.jpg 768w\" sizes=\"(max-width: 800px) 100vw, 800px\" \/><\/a> <a href=\"https:\/\/marekkuchcinski.pl\/wp-content\/uploads\/2017\/09\/DSCF6246.jpg\"><img loading=\"lazy\" decoding=\"async\" class=\"alignnone size-full wp-image-7239\" src=\"https:\/\/marekkuchcinski.pl\/wp-content\/uploads\/2017\/09\/DSCF6246.jpg\" alt=\"DSCF6246\" width=\"800\" height=\"535\" srcset=\"https:\/\/marekkuchcinski.pl\/wp-content\/uploads\/2017\/09\/DSCF6246.jpg 800w, https:\/\/marekkuchcinski.pl\/wp-content\/uploads\/2017\/09\/DSCF6246-300x201.jpg 300w, https:\/\/marekkuchcinski.pl\/wp-content\/uploads\/2017\/09\/DSCF6246-768x514.jpg 768w\" sizes=\"(max-width: 800px) 100vw, 800px\" \/><\/a> <a href=\"https:\/\/marekkuchcinski.pl\/wp-content\/uploads\/2017\/09\/DSCF6250.jpg\"><img loading=\"lazy\" decoding=\"async\" class=\"alignnone size-full wp-image-7240\" src=\"https:\/\/marekkuchcinski.pl\/wp-content\/uploads\/2017\/09\/DSCF6250.jpg\" alt=\"DSCF6250\" width=\"800\" height=\"451\" srcset=\"https:\/\/marekkuchcinski.pl\/wp-content\/uploads\/2017\/09\/DSCF6250.jpg 800w, https:\/\/marekkuchcinski.pl\/wp-content\/uploads\/2017\/09\/DSCF6250-300x169.jpg 300w, https:\/\/marekkuchcinski.pl\/wp-content\/uploads\/2017\/09\/DSCF6250-768x433.jpg 768w\" sizes=\"(max-width: 800px) 100vw, 800px\" \/><\/a> <a href=\"https:\/\/marekkuchcinski.pl\/wp-content\/uploads\/2017\/09\/DSCF6253.jpg\"><img loading=\"lazy\" decoding=\"async\" class=\"alignnone size-full wp-image-7241\" src=\"https:\/\/marekkuchcinski.pl\/wp-content\/uploads\/2017\/09\/DSCF6253.jpg\" alt=\"DSCF6253\" width=\"800\" height=\"535\" srcset=\"https:\/\/marekkuchcinski.pl\/wp-content\/uploads\/2017\/09\/DSCF6253.jpg 800w, https:\/\/marekkuchcinski.pl\/wp-content\/uploads\/2017\/09\/DSCF6253-300x201.jpg 300w, https:\/\/marekkuchcinski.pl\/wp-content\/uploads\/2017\/09\/DSCF6253-768x514.jpg 768w\" sizes=\"(max-width: 800px) 100vw, 800px\" \/><\/a> <a href=\"https:\/\/marekkuchcinski.pl\/wp-content\/uploads\/2017\/09\/DSCF6269.jpg\"><img loading=\"lazy\" decoding=\"async\" class=\"alignnone size-full wp-image-7243\" src=\"https:\/\/marekkuchcinski.pl\/wp-content\/uploads\/2017\/09\/DSCF6269.jpg\" alt=\"DSCF6269\" width=\"800\" height=\"534\" srcset=\"https:\/\/marekkuchcinski.pl\/wp-content\/uploads\/2017\/09\/DSCF6269.jpg 800w, https:\/\/marekkuchcinski.pl\/wp-content\/uploads\/2017\/09\/DSCF6269-300x200.jpg 300w, https:\/\/marekkuchcinski.pl\/wp-content\/uploads\/2017\/09\/DSCF6269-768x513.jpg 768w\" sizes=\"(max-width: 800px) 100vw, 800px\" \/><\/a><\/p>\n<p>&nbsp;<\/p>\n<p>&nbsp;<\/p>","protected":false},"excerpt":{"rendered":"<p>Prezydent RP Andrzej Duda powo\u0142a\u0142 cz\u0142onk\u00f3w Komitetu Narodowych Obchod\u00f3w 100. Rocznicy Odzyskania Niepodleg\u0142o\u015bci RP, w sk\u0142ad kt\u00f3rego wchodz\u0105\u00a0m.in. prezydent Andrzej Duda, marsza\u0142kowie Sejmu Marek Kuchci\u0144ski i Senatu Stanis\u0142aw Karczewski oraz premier Beata Szyd\u0142o. \u00a0 Zgodnie z ustaw\u0105 o obchodach 100-lecia niepodleg\u0142o\u015bci Polski, kt\u00f3re przypada w 2018 roku, w przygotowaniu narodowych obchod\u00f3w 100. rocznicy odzyskania niepodleg\u0142o\u015bci [&hellip;]<\/p>\n","protected":false},"author":6,"featured_media":7244,"comment_status":"open","ping_status":"open","sticky":false,"template":"","format":"standard","meta":{"ngg_post_thumbnail":0,"footnotes":""},"categories":[77,3],"tags":[],"class_list":["post-7235","post","type-post","status-publish","format-standard","has-post-thumbnail","hentry","category-wazne-daty","category-wydarzenia"],"_links":{"self":[{"href":"https:\/\/marekkuchcinski.pl\/cs\/wp-json\/wp\/v2\/posts\/7235","targetHints":{"allow":["GET"]}}],"collection":[{"href":"https:\/\/marekkuchcinski.pl\/cs\/wp-json\/wp\/v2\/posts"}],"about":[{"href":"https:\/\/marekkuchcinski.pl\/cs\/wp-json\/wp\/v2\/types\/post"}],"author":[{"embeddable":true,"href":"https:\/\/marekkuchcinski.pl\/cs\/wp-json\/wp\/v2\/users\/6"}],"replies":[{"embeddable":true,"href":"https:\/\/marekkuchcinski.pl\/cs\/wp-json\/wp\/v2\/comments?post=7235"}],"version-history":[{"count":1,"href":"https:\/\/marekkuchcinski.pl\/cs\/wp-json\/wp\/v2\/posts\/7235\/revisions"}],"predecessor-version":[{"id":7245,"href":"https:\/\/marekkuchcinski.pl\/cs\/wp-json\/wp\/v2\/posts\/7235\/revisions\/7245"}],"wp:featuredmedia":[{"embeddable":true,"href":"https:\/\/marekkuchcinski.pl\/cs\/wp-json\/wp\/v2\/media\/7244"}],"wp:attachment":[{"href":"https:\/\/marekkuchcinski.pl\/cs\/wp-json\/wp\/v2\/media?parent=7235"}],"wp:term":[{"taxonomy":"category","embeddable":true,"href":"https:\/\/marekkuchcinski.pl\/cs\/wp-json\/wp\/v2\/categories?post=7235"},{"taxonomy":"post_tag","embeddable":true,"href":"https:\/\/marekkuchcinski.pl\/cs\/wp-json\/wp\/v2\/tags?post=7235"}],"curies":[{"name":"wp","href":"https:\/\/api.w.org\/{rel}","templated":true}]}}