{"id":7189,"date":"2017-09-08T18:53:19","date_gmt":"2017-09-08T16:53:19","guid":{"rendered":"https:\/\/marekkuchcinski.pl\/?p=7189"},"modified":"2017-09-08T18:58:04","modified_gmt":"2017-09-08T16:58:04","slug":"marek-kuchcinski-zlozyl-kwiaty-pierwszym-polsce-obeliskiem-upamietniajacym-ofiary-smolenskie","status":"publish","type":"post","link":"https:\/\/marekkuchcinski.pl\/cs\/wydarzenia\/marek-kuchcinski-zlozyl-kwiaty-pierwszym-polsce-obeliskiem-upamietniajacym-ofiary-smolenskie\/","title":{"rendered":"Marek Kuchci\u0144ski polo\u017eil kv\u011btiny k prvn\u00edmu polsk\u00e9mu obelisku p\u0159ipom\u00ednaj\u00edc\u00edmu ob\u011bti smolensk\u00e9 katastrofy"},"content":{"rendered":"<p>Marek Kuchci\u0144ski nav\u0161t\u00edvil Marcinkowice, kde se nach\u00e1z\u00ed obelisk p\u0159ipom\u00ednaj\u00edc\u00ed ob\u011bti katastrofy z 10. dubna 2010, a Niskowou, kde byla vzty\u010dena pam\u011btn\u00ed deska 96 lidem. Mar\u0161\u00e1la doprov\u00e1zel Zygmunt Berdychowski - p\u0159edseda programov\u00e9 rady ekonomick\u00e9ho f\u00f3ra.<\/p>\n<p><em>Foto: Pawe\u0142 Kula<\/em><\/p>\n<p><a href=\"https:\/\/marekkuchcinski.pl\/wp-content\/uploads\/2017\/09\/KU201411.jpg\"><img fetchpriority=\"high\" decoding=\"async\" class=\"alignnone size-full wp-image-7190\" src=\"https:\/\/marekkuchcinski.pl\/wp-content\/uploads\/2017\/09\/KU201411.jpg\" alt=\"KU201411\" width=\"2736\" height=\"1824\" srcset=\"https:\/\/marekkuchcinski.pl\/wp-content\/uploads\/2017\/09\/KU201411.jpg 2048w, https:\/\/marekkuchcinski.pl\/wp-content\/uploads\/2017\/09\/KU201411-300x200.jpg 300w, https:\/\/marekkuchcinski.pl\/wp-content\/uploads\/2017\/09\/KU201411-768x512.jpg 768w, https:\/\/marekkuchcinski.pl\/wp-content\/uploads\/2017\/09\/KU201411-1024x683.jpg 1024w\" sizes=\"(max-width: 2736px) 100vw, 2736px\" \/><\/a> <a href=\"https:\/\/marekkuchcinski.pl\/wp-content\/uploads\/2017\/09\/KU201322.jpg\"><img decoding=\"async\" class=\"alignnone size-full wp-image-7191\" src=\"https:\/\/marekkuchcinski.pl\/wp-content\/uploads\/2017\/09\/KU201322.jpg\" alt=\"KU201322\" width=\"2736\" height=\"1824\" srcset=\"https:\/\/marekkuchcinski.pl\/wp-content\/uploads\/2017\/09\/KU201322.jpg 2048w, https:\/\/marekkuchcinski.pl\/wp-content\/uploads\/2017\/09\/KU201322-300x200.jpg 300w, https:\/\/marekkuchcinski.pl\/wp-content\/uploads\/2017\/09\/KU201322-768x512.jpg 768w, https:\/\/marekkuchcinski.pl\/wp-content\/uploads\/2017\/09\/KU201322-1024x683.jpg 1024w\" sizes=\"(max-width: 2736px) 100vw, 2736px\" \/><\/a> <a href=\"https:\/\/marekkuchcinski.pl\/wp-content\/uploads\/2017\/09\/KU201719.jpg\"><img decoding=\"async\" class=\"alignnone size-full wp-image-7192\" src=\"https:\/\/marekkuchcinski.pl\/wp-content\/uploads\/2017\/09\/KU201719.jpg\" alt=\"KU201719\" width=\"2736\" height=\"1824\" srcset=\"https:\/\/marekkuchcinski.pl\/wp-content\/uploads\/2017\/09\/KU201719.jpg 2048w, https:\/\/marekkuchcinski.pl\/wp-content\/uploads\/2017\/09\/KU201719-300x200.jpg 300w, https:\/\/marekkuchcinski.pl\/wp-content\/uploads\/2017\/09\/KU201719-768x512.jpg 768w, https:\/\/marekkuchcinski.pl\/wp-content\/uploads\/2017\/09\/KU201719-1024x683.jpg 1024w\" sizes=\"(max-width: 2736px) 100vw, 2736px\" \/><\/a> <a href=\"https:\/\/marekkuchcinski.pl\/wp-content\/uploads\/2017\/09\/KU201605.jpg\"><img loading=\"lazy\" decoding=\"async\" class=\"alignnone size-full wp-image-7193\" src=\"https:\/\/marekkuchcinski.pl\/wp-content\/uploads\/2017\/09\/KU201605.jpg\" alt=\"KU201605\" width=\"2736\" height=\"1824\" srcset=\"https:\/\/marekkuchcinski.pl\/wp-content\/uploads\/2017\/09\/KU201605.jpg 2048w, https:\/\/marekkuchcinski.pl\/wp-content\/uploads\/2017\/09\/KU201605-300x200.jpg 300w, https:\/\/marekkuchcinski.pl\/wp-content\/uploads\/2017\/09\/KU201605-768x512.jpg 768w, https:\/\/marekkuchcinski.pl\/wp-content\/uploads\/2017\/09\/KU201605-1024x683.jpg 1024w\" sizes=\"(max-width: 2736px) 100vw, 2736px\" \/><\/a><\/p>","protected":false},"excerpt":{"rendered":"<p>Marek Kuchci\u0144ski odwiedzi\u0142 Marcinkowice, gdzie znajduje si\u0119 obelisk upami\u0119tniaj\u0105cy ofiary katastrofy z 10 kwietnia 2010 roku, oraz Niskow\u0105, gdzie wmurowana zosta\u0142a tablica upami\u0119tniaj\u0105c\u0105 96 os\u00f3b. Marsza\u0142kowi towarzyszy\u0142\u00a0Zygmunt\u00a0Berdychowski\u00a0\u2013 przewodnicz\u0105cy Rady Programowej\u00a0Forum Ekonomicznego. fot. Pawe\u0142 Kula<\/p>","protected":false},"author":6,"featured_media":7192,"comment_status":"open","ping_status":"open","sticky":false,"template":"","format":"standard","meta":{"ngg_post_thumbnail":0,"footnotes":""},"categories":[3],"tags":[],"class_list":["post-7189","post","type-post","status-publish","format-standard","has-post-thumbnail","hentry","category-wydarzenia"],"_links":{"self":[{"href":"https:\/\/marekkuchcinski.pl\/cs\/wp-json\/wp\/v2\/posts\/7189","targetHints":{"allow":["GET"]}}],"collection":[{"href":"https:\/\/marekkuchcinski.pl\/cs\/wp-json\/wp\/v2\/posts"}],"about":[{"href":"https:\/\/marekkuchcinski.pl\/cs\/wp-json\/wp\/v2\/types\/post"}],"author":[{"embeddable":true,"href":"https:\/\/marekkuchcinski.pl\/cs\/wp-json\/wp\/v2\/users\/6"}],"replies":[{"embeddable":true,"href":"https:\/\/marekkuchcinski.pl\/cs\/wp-json\/wp\/v2\/comments?post=7189"}],"version-history":[{"count":3,"href":"https:\/\/marekkuchcinski.pl\/cs\/wp-json\/wp\/v2\/posts\/7189\/revisions"}],"predecessor-version":[{"id":7196,"href":"https:\/\/marekkuchcinski.pl\/cs\/wp-json\/wp\/v2\/posts\/7189\/revisions\/7196"}],"wp:featuredmedia":[{"embeddable":true,"href":"https:\/\/marekkuchcinski.pl\/cs\/wp-json\/wp\/v2\/media\/7192"}],"wp:attachment":[{"href":"https:\/\/marekkuchcinski.pl\/cs\/wp-json\/wp\/v2\/media?parent=7189"}],"wp:term":[{"taxonomy":"category","embeddable":true,"href":"https:\/\/marekkuchcinski.pl\/cs\/wp-json\/wp\/v2\/categories?post=7189"},{"taxonomy":"post_tag","embeddable":true,"href":"https:\/\/marekkuchcinski.pl\/cs\/wp-json\/wp\/v2\/tags?post=7189"}],"curies":[{"name":"wp","href":"https:\/\/api.w.org\/{rel}","templated":true}]}}