{"id":7119,"date":"2017-08-26T19:04:50","date_gmt":"2017-08-26T17:04:50","guid":{"rendered":"https:\/\/marekkuchcinski.pl\/?p=7119"},"modified":"2017-08-26T19:15:17","modified_gmt":"2017-08-26T17:15:17","slug":"obchody-300-lecia-koronacji-cudownego-obrazu-matki-bozej-czestochowskiej","status":"publish","type":"post","link":"https:\/\/marekkuchcinski.pl\/cs\/wydarzenia\/obchody-300-lecia-koronacji-cudownego-obrazu-matki-bozej-czestochowskiej\/","title":{"rendered":"Oslavy 300 let korunovace z\u00e1zra\u010dn\u00e9ho obrazu Panny Marie \u010censtochovsk\u00e9"},"content":{"rendered":"<p><strong>Na Jasn\u00e9 Ho\u0159e dnes v\u011b\u0159\u00edc\u00ed oslavili 300. v\u00fdro\u010d\u00ed korunovace Matky Bo\u017e\u00ed. Do \u010censtochov\u00e9 p\u0159ijeli mimo jin\u00e9 prezident, p\u0159edseda Sejmu, p\u0159edseda Sen\u00e1tu a p\u0159edseda vl\u00e1dy.<\/strong><\/p>\n<p>Poselstv\u00ed k Pol\u00e1k\u016fm pronesl Svat\u00fd otec Franti\u0161ek, homilii pronesl primas polsk\u00fd arcibiskup Wojciech Polak. - \"Role Panny Marie Jasnohorsk\u00e9 a role Krista v kritick\u00fdch okam\u017eic\u00edch d\u011bjin n\u00e1roda je nesm\u00edrn\u011b d\u016fle\u017eit\u00e1,\" \u0159ekl p\u0159edseda biskupstv\u00ed arcibiskup Stanis\u0142aw G\u0105decki.<\/p>\n<p>Usnesen\u00ed p\u0159ijat\u00e9 Sejmem v prosinci 2016 p\u0159ipom\u00edn\u00e1, \u017ee 8. z\u00e1\u0159\u00ed 2017 uplyne 300 let od korunovace ikony Panny Marie \u010censtochovsk\u00e9 Kr\u00e1lovny Polska korunou pape\u017ee Klementa XI. Po z\u00e1zra\u010dn\u00e9 obran\u011b Jasn\u00e9 Hory b\u011bhem \u0161v\u00e9dsk\u00e9 potopy - l. dubna 1656 - sv\u011b\u0159il kr\u00e1l Jan Kazim\u00edr p\u0159i skl\u00e1d\u00e1n\u00ed slib\u016f ve lvovsk\u00e9 katedr\u00e1le republiku do p\u00e9\u010de a ochrany Panny Marie, kterou si zvolil za Kr\u00e1lovnu Polska.<\/p>\n<p>Na spln\u011bn\u00ed kr\u00e1lovsk\u00e9ho slibu jsme si v\u0161ak museli po\u010dkat a\u017e do roku 1717. Rozhodnut\u00edm Svat\u00e9ho stolce bylo Madon\u011b povoleno, aby se nechala korunovat - jako prvn\u00ed mimo \u0158\u00edm - pape\u017esk\u00fdm diad\u00e9mem a pou\u017e\u00edvala titul Kr\u00e1lovna polsk\u00e9 koruny.<\/p>\n<p>\"Korunova\u010dn\u00ed ob\u0159ad sjednotil v\u0161echny st\u00e1ty a byl celon\u00e1rodn\u00ed manifestac\u00ed v\u00edry. Akt uzn\u00e1n\u00ed Marie za kr\u00e1lovnu Polska se stal referen\u010dn\u00edm bodem pro n\u00e1rodn\u00ed povst\u00e1n\u00ed, formov\u00e1n\u00ed my\u0161lenky svobody a nad\u011bje na duchovn\u00ed obrodu,\" zd\u016fraz\u0148uje se v rezoluci.<\/p>\n<p>Jak se v dokumentu uv\u00e1d\u00ed, obraz Matky Bo\u017e\u00ed na Jasn\u00e9 Ho\u0159e, uct\u00edvan\u00fd ji\u017e v\u00edce ne\u017e 600 let, je jedn\u00edm z nejv\u00fdznamn\u011bj\u0161\u00edch n\u00e1bo\u017eensk\u00fdch a hmotn\u00fdch n\u00e1rodn\u00edch poklad\u016f. Jasn\u00e1 Hora je jako duchovn\u00ed metropole Polska hlavn\u00edm centrem tohoto kultu a pout\u00ed na polsk\u00e9 p\u016fd\u011b.<\/p>\n<p>Proto Sejm Polsk\u00e9 republiky - \"p\u0159esv\u011bd\u010den o zvl\u00e1\u0161tn\u00edm v\u00fdznamu kultu Panny Marie pro na\u0161i vlast, a to nejen z hlediska n\u00e1bo\u017eensk\u00e9ho, ale i spole\u010densk\u00e9ho, vlasteneck\u00e9ho a kulturn\u00edho\" - vyhl\u00e1sil rok 2017 Rokem 300. v\u00fdro\u010d\u00ed korunovace ikony Panny Marie \u010censtochovsk\u00e9.<\/p>\n<p><em>text po: Polsk\u00e1 biskupsk\u00e1 konference KAI<\/em><\/p>\n<p><a href=\"https:\/\/marekkuchcinski.pl\/wp-content\/uploads\/2017\/08\/KU195477.jpg\"><img fetchpriority=\"high\" decoding=\"async\" class=\"alignnone size-full wp-image-7123\" src=\"https:\/\/marekkuchcinski.pl\/wp-content\/uploads\/2017\/08\/KU195477.jpg\" alt=\"KU195477\" width=\"800\" height=\"532\" srcset=\"https:\/\/marekkuchcinski.pl\/wp-content\/uploads\/2017\/08\/KU195477.jpg 800w, https:\/\/marekkuchcinski.pl\/wp-content\/uploads\/2017\/08\/KU195477-300x200.jpg 300w, https:\/\/marekkuchcinski.pl\/wp-content\/uploads\/2017\/08\/KU195477-768x511.jpg 768w\" sizes=\"(max-width: 800px) 100vw, 800px\" \/><\/a> <a href=\"https:\/\/marekkuchcinski.pl\/wp-content\/uploads\/2017\/08\/KU195575.jpg\"><img decoding=\"async\" class=\"alignnone size-full wp-image-7122\" src=\"https:\/\/marekkuchcinski.pl\/wp-content\/uploads\/2017\/08\/KU195575.jpg\" alt=\"KU195575\" width=\"800\" height=\"534\" srcset=\"https:\/\/marekkuchcinski.pl\/wp-content\/uploads\/2017\/08\/KU195575.jpg 800w, https:\/\/marekkuchcinski.pl\/wp-content\/uploads\/2017\/08\/KU195575-300x200.jpg 300w, https:\/\/marekkuchcinski.pl\/wp-content\/uploads\/2017\/08\/KU195575-768x513.jpg 768w\" sizes=\"(max-width: 800px) 100vw, 800px\" \/><\/a><a href=\"https:\/\/marekkuchcinski.pl\/wp-content\/uploads\/2017\/08\/KU195950.jpg\"><img decoding=\"async\" class=\"alignnone size-full wp-image-7124\" src=\"https:\/\/marekkuchcinski.pl\/wp-content\/uploads\/2017\/08\/KU195950.jpg\" alt=\"KU195950\" width=\"800\" height=\"534\" srcset=\"https:\/\/marekkuchcinski.pl\/wp-content\/uploads\/2017\/08\/KU195950.jpg 800w, https:\/\/marekkuchcinski.pl\/wp-content\/uploads\/2017\/08\/KU195950-300x200.jpg 300w, https:\/\/marekkuchcinski.pl\/wp-content\/uploads\/2017\/08\/KU195950-768x513.jpg 768w\" sizes=\"(max-width: 800px) 100vw, 800px\" \/><\/a> <a href=\"https:\/\/marekkuchcinski.pl\/wp-content\/uploads\/2017\/08\/KU196033-1.jpg\"><img loading=\"lazy\" decoding=\"async\" class=\"alignnone size-full wp-image-7125\" src=\"https:\/\/marekkuchcinski.pl\/wp-content\/uploads\/2017\/08\/KU196033-1.jpg\" alt=\"KU196033\" width=\"800\" height=\"534\" srcset=\"https:\/\/marekkuchcinski.pl\/wp-content\/uploads\/2017\/08\/KU196033-1.jpg 800w, https:\/\/marekkuchcinski.pl\/wp-content\/uploads\/2017\/08\/KU196033-1-300x200.jpg 300w, https:\/\/marekkuchcinski.pl\/wp-content\/uploads\/2017\/08\/KU196033-1-768x513.jpg 768w\" sizes=\"(max-width: 800px) 100vw, 800px\" \/><\/a> <a href=\"https:\/\/marekkuchcinski.pl\/wp-content\/uploads\/2017\/08\/KU196123.jpg\"><img loading=\"lazy\" decoding=\"async\" class=\"alignnone size-full wp-image-7126\" src=\"https:\/\/marekkuchcinski.pl\/wp-content\/uploads\/2017\/08\/KU196123.jpg\" alt=\"KU196123\" width=\"800\" height=\"534\" srcset=\"https:\/\/marekkuchcinski.pl\/wp-content\/uploads\/2017\/08\/KU196123.jpg 800w, https:\/\/marekkuchcinski.pl\/wp-content\/uploads\/2017\/08\/KU196123-300x200.jpg 300w, https:\/\/marekkuchcinski.pl\/wp-content\/uploads\/2017\/08\/KU196123-768x513.jpg 768w\" sizes=\"(max-width: 800px) 100vw, 800px\" \/><\/a> <a href=\"https:\/\/marekkuchcinski.pl\/wp-content\/uploads\/2017\/08\/KU196390.jpg\"><img loading=\"lazy\" decoding=\"async\" class=\"alignnone size-full wp-image-7127\" src=\"https:\/\/marekkuchcinski.pl\/wp-content\/uploads\/2017\/08\/KU196390.jpg\" alt=\"KU196390\" width=\"800\" height=\"534\" srcset=\"https:\/\/marekkuchcinski.pl\/wp-content\/uploads\/2017\/08\/KU196390.jpg 800w, https:\/\/marekkuchcinski.pl\/wp-content\/uploads\/2017\/08\/KU196390-300x200.jpg 300w, https:\/\/marekkuchcinski.pl\/wp-content\/uploads\/2017\/08\/KU196390-768x513.jpg 768w\" sizes=\"(max-width: 800px) 100vw, 800px\" \/><\/a> <a href=\"https:\/\/marekkuchcinski.pl\/wp-content\/uploads\/2017\/08\/KU196385-1.jpg\"><img loading=\"lazy\" decoding=\"async\" class=\"alignnone size-full wp-image-7128\" src=\"https:\/\/marekkuchcinski.pl\/wp-content\/uploads\/2017\/08\/KU196385-1.jpg\" alt=\"KU196385\" width=\"800\" height=\"534\" srcset=\"https:\/\/marekkuchcinski.pl\/wp-content\/uploads\/2017\/08\/KU196385-1.jpg 800w, https:\/\/marekkuchcinski.pl\/wp-content\/uploads\/2017\/08\/KU196385-1-300x200.jpg 300w, https:\/\/marekkuchcinski.pl\/wp-content\/uploads\/2017\/08\/KU196385-1-768x513.jpg 768w\" sizes=\"(max-width: 800px) 100vw, 800px\" \/><\/a> <a href=\"https:\/\/marekkuchcinski.pl\/wp-content\/uploads\/2017\/08\/KU195931.jpg\"><img loading=\"lazy\" decoding=\"async\" class=\"alignnone size-full wp-image-7129\" src=\"https:\/\/marekkuchcinski.pl\/wp-content\/uploads\/2017\/08\/KU195931.jpg\" alt=\"KU195931\" width=\"2736\" height=\"1824\" srcset=\"https:\/\/marekkuchcinski.pl\/wp-content\/uploads\/2017\/08\/KU195931.jpg 2048w, https:\/\/marekkuchcinski.pl\/wp-content\/uploads\/2017\/08\/KU195931-300x200.jpg 300w, https:\/\/marekkuchcinski.pl\/wp-content\/uploads\/2017\/08\/KU195931-768x512.jpg 768w, https:\/\/marekkuchcinski.pl\/wp-content\/uploads\/2017\/08\/KU195931-1024x683.jpg 1024w\" sizes=\"(max-width: 2736px) 100vw, 2736px\" \/><\/a><\/p>","protected":false},"excerpt":{"rendered":"<p>Na Jasnej G\u00f3rze wierni \u015bwi\u0119towali\u00a0dzi\u015b 300. rocznic\u0119\u00a0 koronacji Matki Bo\u017cej. Do Cz\u0119stochowy przybyli m.in. prezydent, marsza\u0142ek Sejmu, marsza\u0142ek Senatu i premier. Przes\u0142anie do Polak\u00f3w skierowa\u0142 Ojciec \u015awi\u0119ty Franciszek, homili\u0119 wyg\u0142osi\u0142 prymas Polski abp Wojciech Polak. \u2013 Rola Matki Bo\u017cej z Jasnej G\u00f3ry i rola Chrystusa w newralgicznych momentach dziej\u00f3w narodu jest niezwykle wa\u017cna \u2013 powiedzia\u0142 [&hellip;]<\/p>\n","protected":false},"author":6,"featured_media":7123,"comment_status":"open","ping_status":"open","sticky":false,"template":"","format":"standard","meta":{"ngg_post_thumbnail":0,"footnotes":""},"categories":[82,77,3],"tags":[],"class_list":["post-7119","post","type-post","status-publish","format-standard","has-post-thumbnail","hentry","category-prawo-i-sprawiedliwosc","category-wazne-daty","category-wydarzenia"],"_links":{"self":[{"href":"https:\/\/marekkuchcinski.pl\/cs\/wp-json\/wp\/v2\/posts\/7119","targetHints":{"allow":["GET"]}}],"collection":[{"href":"https:\/\/marekkuchcinski.pl\/cs\/wp-json\/wp\/v2\/posts"}],"about":[{"href":"https:\/\/marekkuchcinski.pl\/cs\/wp-json\/wp\/v2\/types\/post"}],"author":[{"embeddable":true,"href":"https:\/\/marekkuchcinski.pl\/cs\/wp-json\/wp\/v2\/users\/6"}],"replies":[{"embeddable":true,"href":"https:\/\/marekkuchcinski.pl\/cs\/wp-json\/wp\/v2\/comments?post=7119"}],"version-history":[{"count":4,"href":"https:\/\/marekkuchcinski.pl\/cs\/wp-json\/wp\/v2\/posts\/7119\/revisions"}],"predecessor-version":[{"id":7133,"href":"https:\/\/marekkuchcinski.pl\/cs\/wp-json\/wp\/v2\/posts\/7119\/revisions\/7133"}],"wp:featuredmedia":[{"embeddable":true,"href":"https:\/\/marekkuchcinski.pl\/cs\/wp-json\/wp\/v2\/media\/7123"}],"wp:attachment":[{"href":"https:\/\/marekkuchcinski.pl\/cs\/wp-json\/wp\/v2\/media?parent=7119"}],"wp:term":[{"taxonomy":"category","embeddable":true,"href":"https:\/\/marekkuchcinski.pl\/cs\/wp-json\/wp\/v2\/categories?post=7119"},{"taxonomy":"post_tag","embeddable":true,"href":"https:\/\/marekkuchcinski.pl\/cs\/wp-json\/wp\/v2\/tags?post=7119"}],"curies":[{"name":"wp","href":"https:\/\/api.w.org\/{rel}","templated":true}]}}