{"id":7105,"date":"2017-08-16T20:26:08","date_gmt":"2017-08-16T18:26:08","guid":{"rendered":"https:\/\/marekkuchcinski.pl\/?p=7105"},"modified":"2017-08-23T10:04:38","modified_gmt":"2017-08-23T08:04:38","slug":"swieto-wojska-polskiego-udzialem-najwyzszych-wladz-panstwowych","status":"publish","type":"post","link":"https:\/\/marekkuchcinski.pl\/cs\/wydarzenia\/swieto-wojska-polskiego-udzialem-najwyzszych-wladz-panstwowych\/","title":{"rendered":"Den polsk\u00e9 arm\u00e1dy za \u00fa\u010dasti nejvy\u0161\u0161\u00edch st\u00e1tn\u00edch p\u0159edstavitel\u016f"},"content":{"rendered":"<p dir=\"ltr\">P\u0159edseda Sejmu Marek Kuchci\u0144ski se z\u00fa\u010dastnil \u00fast\u0159edn\u00edch oslav Dne polsk\u00e9 arm\u00e1dy. Z\u00fa\u010dastnili se jich mimo jin\u00e9 tak\u00e9 prezident Andrzej Duda s man\u017eelkou, mar\u0161\u00e1lek Sen\u00e1tu Stanis\u0142aw Karczewski, premi\u00e9rka Beata Szyd\u0142o a minist\u0159i a poslanci.<\/p>\n<p dir=\"ltr\"><em>Pro n\u00e1s Pol\u00e1ky je 15. srpen ji\u017e 97 let oslavou velk\u00e9ho polsk\u00e9ho v\u00edt\u011bzstv\u00ed, velikosti republiky, velikosti polsk\u00fdch zbran\u00ed a velikosti n\u00e1s jako n\u00e1roda, na co\u017e jsme v\u0161ichni nesm\u00edrn\u011b hrd\u00ed.<\/em>\u00a0- Prezident Andrzej Duda \u00fa\u010dastn\u00edk\u016fm \u0159ekl.\u00a0<em>V\u0161ichni pak st\u00e1li p\u0159i sob\u011b bez ohledu na rozd\u00edly v politick\u00fdch n\u00e1zorech a pohledu na strategickou situaci a vlastn\u00ed ambice.<\/em>\u00a0- dodala hlava st\u00e1tu.<\/p>\n<p dir=\"ltr\"><em>Polsk\u00e9 \u00fa\u0159ady se sna\u017e\u00ed co nejl\u00e9pe vyhov\u011bt pot\u0159eb\u00e1m, kter\u00e9 dnes polsk\u00e1 arm\u00e1da m\u00e1.<\/em>\u00a0- ujistil voj\u00e1ky \u0161\u00e9f ozbrojen\u00fdch sil Andrzej Duda.\u00a0<em>Jsem p\u0159esv\u011bd\u010den, \u017ee v\u0161ichni politici v Polsku - jak ti, kte\u0159\u00ed jsou dnes u moci, tak ti, kte\u0159\u00ed jsou v opozici - ch\u00e1pou, \u017ee nejd\u016fle\u017eit\u011bj\u0161\u00ed je spole\u010dn\u00e9 dobro - republika, jej\u00ed\u017e sou\u010d\u00e1st\u00ed je polsk\u00e1 arm\u00e1da.<\/em>\u00a0- dodal prezident.<\/p>\n<p dir=\"ltr\">Oslav\u00e1m p\u0159ed Belvederem p\u0159edch\u00e1zela m\u0161e na \u00famysl vlasti, kter\u00e9 se z\u00fa\u010dastnil p\u0159edseda Sejmu Marek Kuchci\u0144ski. Liturgie se mimo jin\u00e9 z\u00fa\u010dastnili tak\u00e9 prezident s man\u017eelkou, mar\u0161\u00e1lek Sen\u00e1tu a ministr n\u00e1rodn\u00ed obrany.<\/p>\n<p dir=\"ltr\">Sou\u010d\u00e1st\u00ed centr\u00e1ln\u00edch oslav bylo tak\u00e9 kladen\u00ed v\u011bnc\u016f p\u0159ed Hrobem nezn\u00e1m\u00e9ho voj\u00edna a p\u0159ed sochou mar\u0161\u00e1la J\u00f3zefa Pi\u0142sudsk\u00e9ho na n\u00e1m\u011bst\u00ed, kter\u00e9 nese jeho jm\u00e9no.<\/p>\n<p dir=\"ltr\">Den polsk\u00e9 arm\u00e1dy se slav\u00ed 15. srpna na pam\u00e1tku v\u00edt\u011bzn\u00e9 bitvy u Var\u0161avy v roce 1920. Byl zaveden z\u00e1konem Sejmu ze dne 30. \u010dervence 1992.<\/p>\n<p dir=\"ltr\"><a href=\"https:\/\/marekkuchcinski.pl\/wp-content\/uploads\/2017\/08\/KU194887.jpg\"><img fetchpriority=\"high\" decoding=\"async\" class=\"alignnone size-full wp-image-7106\" src=\"https:\/\/marekkuchcinski.pl\/wp-content\/uploads\/2017\/08\/KU194887.jpg\" alt=\"KU194887\" width=\"588\" height=\"392\" srcset=\"https:\/\/marekkuchcinski.pl\/wp-content\/uploads\/2017\/08\/KU194887.jpg 588w, https:\/\/marekkuchcinski.pl\/wp-content\/uploads\/2017\/08\/KU194887-300x200.jpg 300w\" sizes=\"(max-width: 588px) 100vw, 588px\" \/><\/a><a href=\"https:\/\/marekkuchcinski.pl\/wp-content\/uploads\/2017\/08\/KU195279.jpg\"><img decoding=\"async\" class=\"alignnone size-full wp-image-7107\" src=\"https:\/\/marekkuchcinski.pl\/wp-content\/uploads\/2017\/08\/KU195279.jpg\" alt=\"KU195279\" width=\"800\" height=\"534\" srcset=\"https:\/\/marekkuchcinski.pl\/wp-content\/uploads\/2017\/08\/KU195279.jpg 800w, https:\/\/marekkuchcinski.pl\/wp-content\/uploads\/2017\/08\/KU195279-300x200.jpg 300w, https:\/\/marekkuchcinski.pl\/wp-content\/uploads\/2017\/08\/KU195279-768x513.jpg 768w\" sizes=\"(max-width: 800px) 100vw, 800px\" \/><\/a> <a href=\"https:\/\/marekkuchcinski.pl\/wp-content\/uploads\/2017\/08\/KU194615.jpg\"><img decoding=\"async\" class=\"alignnone size-full wp-image-7108\" src=\"https:\/\/marekkuchcinski.pl\/wp-content\/uploads\/2017\/08\/KU194615.jpg\" alt=\"KU194615\" width=\"800\" height=\"534\" srcset=\"https:\/\/marekkuchcinski.pl\/wp-content\/uploads\/2017\/08\/KU194615.jpg 800w, https:\/\/marekkuchcinski.pl\/wp-content\/uploads\/2017\/08\/KU194615-300x200.jpg 300w, https:\/\/marekkuchcinski.pl\/wp-content\/uploads\/2017\/08\/KU194615-768x513.jpg 768w\" sizes=\"(max-width: 800px) 100vw, 800px\" \/><\/a> <a href=\"https:\/\/marekkuchcinski.pl\/wp-content\/uploads\/2017\/08\/KU194729.jpg\"><img loading=\"lazy\" decoding=\"async\" class=\"alignnone size-full wp-image-7109\" src=\"https:\/\/marekkuchcinski.pl\/wp-content\/uploads\/2017\/08\/KU194729.jpg\" alt=\"KU194729\" width=\"800\" height=\"535\" srcset=\"https:\/\/marekkuchcinski.pl\/wp-content\/uploads\/2017\/08\/KU194729.jpg 800w, https:\/\/marekkuchcinski.pl\/wp-content\/uploads\/2017\/08\/KU194729-300x201.jpg 300w, https:\/\/marekkuchcinski.pl\/wp-content\/uploads\/2017\/08\/KU194729-768x514.jpg 768w\" sizes=\"(max-width: 800px) 100vw, 800px\" \/><\/a> <a href=\"https:\/\/marekkuchcinski.pl\/wp-content\/uploads\/2017\/08\/KU194784.jpg\"><img loading=\"lazy\" decoding=\"async\" class=\"alignnone size-full wp-image-7110\" src=\"https:\/\/marekkuchcinski.pl\/wp-content\/uploads\/2017\/08\/KU194784.jpg\" alt=\"KU194784\" width=\"800\" height=\"534\" srcset=\"https:\/\/marekkuchcinski.pl\/wp-content\/uploads\/2017\/08\/KU194784.jpg 800w, https:\/\/marekkuchcinski.pl\/wp-content\/uploads\/2017\/08\/KU194784-300x200.jpg 300w, https:\/\/marekkuchcinski.pl\/wp-content\/uploads\/2017\/08\/KU194784-768x513.jpg 768w\" sizes=\"(max-width: 800px) 100vw, 800px\" \/><\/a><a href=\"https:\/\/marekkuchcinski.pl\/wp-content\/uploads\/2017\/08\/KU193167.jpg\"><img loading=\"lazy\" decoding=\"async\" class=\"alignnone size-full wp-image-7111\" src=\"https:\/\/marekkuchcinski.pl\/wp-content\/uploads\/2017\/08\/KU193167.jpg\" alt=\"KU193167\" width=\"2736\" height=\"1824\" srcset=\"https:\/\/marekkuchcinski.pl\/wp-content\/uploads\/2017\/08\/KU193167.jpg 2048w, https:\/\/marekkuchcinski.pl\/wp-content\/uploads\/2017\/08\/KU193167-300x200.jpg 300w, https:\/\/marekkuchcinski.pl\/wp-content\/uploads\/2017\/08\/KU193167-768x512.jpg 768w, https:\/\/marekkuchcinski.pl\/wp-content\/uploads\/2017\/08\/KU193167-1024x683.jpg 1024w\" sizes=\"(max-width: 2736px) 100vw, 2736px\" \/><\/a><a href=\"https:\/\/marekkuchcinski.pl\/wp-content\/uploads\/2017\/08\/20769939_1954998911382995_6526556696376610619_n.jpg\"><img loading=\"lazy\" decoding=\"async\" class=\"alignnone size-full wp-image-7112\" src=\"https:\/\/marekkuchcinski.pl\/wp-content\/uploads\/2017\/08\/20769939_1954998911382995_6526556696376610619_n.jpg\" alt=\"20769939_1954998911382995_6526556696376610619_n\" width=\"800\" height=\"534\" srcset=\"https:\/\/marekkuchcinski.pl\/wp-content\/uploads\/2017\/08\/20769939_1954998911382995_6526556696376610619_n.jpg 800w, https:\/\/marekkuchcinski.pl\/wp-content\/uploads\/2017\/08\/20769939_1954998911382995_6526556696376610619_n-300x200.jpg 300w, https:\/\/marekkuchcinski.pl\/wp-content\/uploads\/2017\/08\/20769939_1954998911382995_6526556696376610619_n-768x513.jpg 768w\" sizes=\"(max-width: 800px) 100vw, 800px\" \/><\/a> <a href=\"https:\/\/marekkuchcinski.pl\/wp-content\/uploads\/2017\/08\/20882663_1955161528033400_1606746084404491678_n.jpg\"><img loading=\"lazy\" decoding=\"async\" class=\"alignnone size-full wp-image-7113\" src=\"https:\/\/marekkuchcinski.pl\/wp-content\/uploads\/2017\/08\/20882663_1955161528033400_1606746084404491678_n.jpg\" alt=\"20882663_1955161528033400_1606746084404491678_n\" width=\"800\" height=\"534\" srcset=\"https:\/\/marekkuchcinski.pl\/wp-content\/uploads\/2017\/08\/20882663_1955161528033400_1606746084404491678_n.jpg 800w, https:\/\/marekkuchcinski.pl\/wp-content\/uploads\/2017\/08\/20882663_1955161528033400_1606746084404491678_n-300x200.jpg 300w, https:\/\/marekkuchcinski.pl\/wp-content\/uploads\/2017\/08\/20882663_1955161528033400_1606746084404491678_n-768x513.jpg 768w\" sizes=\"(max-width: 800px) 100vw, 800px\" \/><\/a><\/p>","protected":false},"excerpt":{"rendered":"<p>Marsza\u0142ek Sejmu Marek Kuchci\u0144ski wzi\u0105\u0142 udzia\u0142 w centralnych obchodach \u015awi\u0119ta Wojska Polskiego. Uczestniczyli w nich tak\u017ce m.in. prezydent Andrzej Duda wraz z ma\u0142\u017conk\u0105, marsza\u0142ek Senatu Stanis\u0142aw Karczewski, premier Beata Szyd\u0142o oraz ministrowie i parlamentarzy\u015bci. Dla nas Polak\u00f3w od 97 lat 15 sierpnia jest \u015bwi\u0119tem wielkiego polskiego zwyci\u0119stwa, wielko\u015bci Rzeczypospolitej, wielko\u015bci polskiego or\u0119\u017ca i wielko\u015bci nas [&hellip;]<\/p>\n","protected":false},"author":6,"featured_media":7106,"comment_status":"open","ping_status":"open","sticky":false,"template":"","format":"standard","meta":{"ngg_post_thumbnail":0,"footnotes":""},"categories":[77,3],"tags":[],"class_list":["post-7105","post","type-post","status-publish","format-standard","has-post-thumbnail","hentry","category-wazne-daty","category-wydarzenia"],"_links":{"self":[{"href":"https:\/\/marekkuchcinski.pl\/cs\/wp-json\/wp\/v2\/posts\/7105","targetHints":{"allow":["GET"]}}],"collection":[{"href":"https:\/\/marekkuchcinski.pl\/cs\/wp-json\/wp\/v2\/posts"}],"about":[{"href":"https:\/\/marekkuchcinski.pl\/cs\/wp-json\/wp\/v2\/types\/post"}],"author":[{"embeddable":true,"href":"https:\/\/marekkuchcinski.pl\/cs\/wp-json\/wp\/v2\/users\/6"}],"replies":[{"embeddable":true,"href":"https:\/\/marekkuchcinski.pl\/cs\/wp-json\/wp\/v2\/comments?post=7105"}],"version-history":[{"count":1,"href":"https:\/\/marekkuchcinski.pl\/cs\/wp-json\/wp\/v2\/posts\/7105\/revisions"}],"predecessor-version":[{"id":7115,"href":"https:\/\/marekkuchcinski.pl\/cs\/wp-json\/wp\/v2\/posts\/7105\/revisions\/7115"}],"wp:featuredmedia":[{"embeddable":true,"href":"https:\/\/marekkuchcinski.pl\/cs\/wp-json\/wp\/v2\/media\/7106"}],"wp:attachment":[{"href":"https:\/\/marekkuchcinski.pl\/cs\/wp-json\/wp\/v2\/media?parent=7105"}],"wp:term":[{"taxonomy":"category","embeddable":true,"href":"https:\/\/marekkuchcinski.pl\/cs\/wp-json\/wp\/v2\/categories?post=7105"},{"taxonomy":"post_tag","embeddable":true,"href":"https:\/\/marekkuchcinski.pl\/cs\/wp-json\/wp\/v2\/tags?post=7105"}],"curies":[{"name":"wp","href":"https:\/\/api.w.org\/{rel}","templated":true}]}}