{"id":7035,"date":"2017-08-05T22:30:31","date_gmt":"2017-08-05T20:30:31","guid":{"rendered":"https:\/\/marekkuchcinski.pl\/?p=7035"},"modified":"2017-08-06T07:54:08","modified_gmt":"2017-08-06T05:54:08","slug":"marszalek-sejmu-wiedniu-musimy-tlumaczyc-kolejnym-pokoleniom-europejczykow-ze-polskie-wojska-przeszlosci-wahaly-sie-ginac-wspolne-chrzescijanskie-wartosci","status":"publish","type":"post","link":"https:\/\/marekkuchcinski.pl\/cs\/wydarzenia\/marszalek-sejmu-wiedniu-musimy-tlumaczyc-kolejnym-pokoleniom-europejczykow-ze-polskie-wojska-przeszlosci-wahaly-sie-ginac-wspolne-chrzescijanskie-wartosci\/","title":{"rendered":"P\u0159edseda Sejmu ve V\u00eddni: Budouc\u00edm generac\u00edm Evropan\u016f mus\u00edme vysv\u011btlit, \u017ee pol\u0161t\u00ed voj\u00e1ci v minulosti nev\u00e1hali zem\u0159\u00edt za spole\u010dn\u00e9 k\u0159es\u0165ansk\u00e9 hodnoty."},"content":{"rendered":"<p><strong>Husa\u0159i st\u00e1le hl\u00eddaj\u00ed V\u00edde\u0148. B\u00edl\u00e9 a \u010derven\u00e9 vlajky vyv\u011b\u0161en\u00e9 v den triumfu, kter\u00fd zachr\u00e1nil svobodu cel\u00e9 Evropy, dodnes inspiruj\u00ed dal\u0161\u00ed generace Pol\u00e1k\u016f.<\/strong><\/p>\n<p>Jedn\u00edm z nejv\u011bt\u0161\u00edch vojensk\u00fdch a politick\u00fdch \u00fasp\u011bch\u016f v evropsk\u00fdch d\u011bjin\u00e1ch bylo v\u00edt\u011bzstv\u00ed Jana III.Sobiesk\u00e9ho u V\u00eddn\u011b. Tehdy na\u0161i husa\u0159i zastavili p\u0159\u00edval tureck\u00e9 invaze. Polsko v\u0161ak st\u00e1le bojuje za d\u016fstojn\u00e9 uct\u00edv\u00e1n\u00ed tohoto symbolu a p\u0159ipom\u00edn\u00e1n\u00ed ud\u00e1lost\u00ed na Kahlenbergu.<\/p>\n<p>12. z\u00e1\u0159\u00ed 1683 porazila spojen\u00e1 polsk\u00e1 a rakousko-n\u011bmeck\u00e1 arm\u00e1da pod velen\u00edm polsk\u00e9ho kr\u00e1le Jana III. Sobiesk\u00e9ho tureckou arm\u00e1du obl\u00e9haj\u00edc\u00ed V\u00edde\u0148 pod veden\u00edm velkovez\u00edra Kary Mustafy. Nezanedbatelnou roli ve v\u00edt\u011bzstv\u00ed sehr\u00e1l \u00fatok polsk\u00fdch husar\u016f z kopce Kahlenberg. K\u0159es\u0165ansk\u00e1 Evropa, kter\u00e1 se br\u00e1nila isl\u00e1msk\u00fdm n\u00e1jezdn\u00edk\u016fm, si mohla oddechnout. \"Venimus, vidimus et Deus vicit\" (P\u0159i\u0161li jsme, vid\u011bli jsme a B\u016fh zv\u00edt\u011bzil) - napsal polsk\u00fd kr\u00e1l pape\u017ei Inocenci XI. a poslal mu zajat\u00fd Prorok\u016fv prapor.<\/p>\n<p>Je na\u0161\u00ed povinnost\u00ed si tyto ud\u00e1losti a jejich hrdiny st\u00e1le p\u0159ipom\u00ednat. Jako poctu Kahlenbergovi p\u0159ijal polsk\u00fd Sejm v roce 2001 po pape\u017ei Janu Pavlu II. usnesen\u00ed o N\u00e1rodn\u00ed nadaci pro Kahlenberga, jej\u00edm\u017e c\u00edlem je mimo jin\u00e9 pom\u00e1hat udr\u017eovat polsk\u00fd kostel sv. Josefa. Byl postaven v 17. stolet\u00ed a p\u016fvodn\u011b pat\u0159il kamaldulsk\u00e9mu \u0159\u00e1du. Chr\u00e1m byl zni\u010den Tatary v roce 1683. P\u0159ed bitvou u V\u00eddn\u011b slou\u017eil na vrcholu kopce Marco d'Aviano m\u0161i, kter\u00e9 se z\u00fa\u010dastnil mimo jin\u00e9 kr\u00e1l Jan III. Po bitv\u011b byl kostel obnoven, ale jeho historie byla slo\u017eit\u00e1 a b\u011bhem napoleonsk\u00fdch v\u00e1lek byl znovu zni\u010den, aby znovu z\u00edskal sv\u016fj lesk. Od roku 1906 se o n\u011bj star\u00e1 polsk\u00fd \u0159\u00e1d Resurrectionist.<\/p>\n<p>Usnesen\u00ed Sejmu potvrzuje, \u017ee Kahlenberg je pro Pol\u00e1ky jedine\u010dn\u00fdm symbolem v\u00edt\u011bzstv\u00ed, nad\u011bje, v\u00edry a l\u00e1sky ke svobod\u011b. Za hranicemi Polska je n\u00e1rodn\u00ed svatyn\u00ed vlastenectv\u00ed, kter\u00e1 spojuje Pol\u00e1ky z domova i ze zahrani\u010d\u00ed. Proto by tomuto m\u00edstu m\u011bla b\u00fdt v\u011bnov\u00e1na zvl\u00e1\u0161tn\u00ed p\u00e9\u010de a m\u011blo by b\u00fdt zachov\u00e1no pro budouc\u00ed generace.<\/p>\n<p>5. srpna 2017. P\u0159edseda Sejmu Marek Kuchcinski se setkal s otcem Romanem Krekorou, rektorem kostela sv. Josefa.<\/p>\n<p>- Je to n\u00e1dhern\u00fd kus polsk\u00e9 zem\u011b, stopa hrd\u00e9 historie, m\u00edsto, kter\u00e9 m\u00e1 velk\u00fd v\u00fdznam i pro k\u0159es\u0165anstv\u00ed,\" vysv\u011btluje rektor.<\/p>\n<p>- Kahlenberg by m\u011bl b\u00fdt tak\u00e9 svatyn\u00ed v\u00fdznamnou pro celou Evropu, kter\u00e1 vd\u011b\u010d\u00ed za mnoh\u00e9 chrabrosti polsk\u00fdch zbran\u00ed. Mus\u00edme dal\u0161\u00edm generac\u00edm Evropan\u016f vysv\u011btlit, \u017ee pol\u0161t\u00ed voj\u00e1ci v minulosti nev\u00e1hali zem\u0159\u00edt za spole\u010dn\u00e9 k\u0159es\u0165ansk\u00e9 hodnoty - vysv\u011btluje mar\u0161\u00e1l Kuchci\u0144ski a z\u00e1rove\u0148 se hl\u00e1s\u00ed k osobn\u00ed podpo\u0159e popularizace N\u00e1rodn\u00ed nadace pro Kahlenberga.<\/p>\n<p><a href=\"https:\/\/marekkuchcinski.pl\/wp-content\/uploads\/2017\/08\/Uchwa\u0142a-w-sprawie-Narodowej-Fundacji-na-rzecz-Kahlenbergu.pdf\">Usnesen\u00ed o N\u00e1rodn\u00ed nadaci Kahlenberg<\/a><\/p>\n<p><em>text: M. Olejnik<\/em><\/p>\n<p><a href=\"https:\/\/marekkuchcinski.pl\/wp-content\/uploads\/2017\/08\/M-par.-K.jpg\"><img fetchpriority=\"high\" decoding=\"async\" class=\"alignnone size-full wp-image-7036\" src=\"https:\/\/marekkuchcinski.pl\/wp-content\/uploads\/2017\/08\/M-par.-K.jpg\" alt=\"M par. K\" width=\"720\" height=\"960\" srcset=\"https:\/\/marekkuchcinski.pl\/wp-content\/uploads\/2017\/08\/M-par.-K.jpg 720w, https:\/\/marekkuchcinski.pl\/wp-content\/uploads\/2017\/08\/M-par.-K-225x300.jpg 225w\" sizes=\"(max-width: 720px) 100vw, 720px\" \/><\/a><\/p>\n<p><em>Na Kahlenbergu p\u0159ed kostelem svat\u00e9ho Josefa s otcem rektorem Marianem Krekorou<\/em><\/p>\n<p><a href=\"https:\/\/marekkuchcinski.pl\/wp-content\/uploads\/2017\/08\/IMG_3069.jpg\"><img decoding=\"async\" class=\"alignnone size-full wp-image-7044\" src=\"https:\/\/marekkuchcinski.pl\/wp-content\/uploads\/2017\/08\/IMG_3069.jpg\" alt=\"IMG_3069\" width=\"800\" height=\"600\" srcset=\"https:\/\/marekkuchcinski.pl\/wp-content\/uploads\/2017\/08\/IMG_3069.jpg 800w, https:\/\/marekkuchcinski.pl\/wp-content\/uploads\/2017\/08\/IMG_3069-300x225.jpg 300w, https:\/\/marekkuchcinski.pl\/wp-content\/uploads\/2017\/08\/IMG_3069-768x576.jpg 768w\" sizes=\"(max-width: 800px) 100vw, 800px\" \/><\/a><\/p>\n<p><em>Na fas\u00e1d\u011b kostela pam\u011btn\u00ed desky zleva: Jan III Sobieski, Jan Pavel II., J\u00f3zef Pilsudski.<\/em><\/p>\n<p>&nbsp;<\/p>","protected":false},"excerpt":{"rendered":"<p>Husaria wci\u0105\u017c czuwa nad Wiedniem.\u00a0Bia\u0142o-czerwone flagi powiewaj\u0105ce w dzie\u0144 triumfu, kt\u00f3ry uratowa\u0142 wolno\u015b\u0107 ca\u0142ej Europy, do dzi\u015b inspiruj\u0105 kolejne pokolenia Polak\u00f3w. Jednym z najwi\u0119kszych militarnych i politycznych sukces\u00f3w w historii Europy by\u0142 triumf Jana III Sobieskiego pod Wiedniem. W\u00f3wczas nasza husaria zatrzyma\u0142a zalew tureckiej nawa\u0142y. Polska wci\u0105\u017c walczy jednak, by ten symbol godnie piel\u0119gnowa\u0107 i [&hellip;]<\/p>\n","protected":false},"author":6,"featured_media":7043,"comment_status":"open","ping_status":"open","sticky":false,"template":"","format":"standard","meta":{"ngg_post_thumbnail":0,"footnotes":""},"categories":[81,50,3],"tags":[117,113,118,115,88,116,114],"class_list":["post-7035","post","type-post","status-publish","format-standard","has-post-thumbnail","hentry","category-wiesci-z-sejmu","category-wspolpraca-miedzynarodowa","category-wydarzenia","tag-bitwa-pod-wiedniem","tag-husaria","tag-jan-iii-sobieski","tag-kahlenberg","tag-marszalek-sejmu","tag-odsiecz-wiedenska","tag-plazynski"],"_links":{"self":[{"href":"https:\/\/marekkuchcinski.pl\/cs\/wp-json\/wp\/v2\/posts\/7035","targetHints":{"allow":["GET"]}}],"collection":[{"href":"https:\/\/marekkuchcinski.pl\/cs\/wp-json\/wp\/v2\/posts"}],"about":[{"href":"https:\/\/marekkuchcinski.pl\/cs\/wp-json\/wp\/v2\/types\/post"}],"author":[{"embeddable":true,"href":"https:\/\/marekkuchcinski.pl\/cs\/wp-json\/wp\/v2\/users\/6"}],"replies":[{"embeddable":true,"href":"https:\/\/marekkuchcinski.pl\/cs\/wp-json\/wp\/v2\/comments?post=7035"}],"version-history":[{"count":8,"href":"https:\/\/marekkuchcinski.pl\/cs\/wp-json\/wp\/v2\/posts\/7035\/revisions"}],"predecessor-version":[{"id":7049,"href":"https:\/\/marekkuchcinski.pl\/cs\/wp-json\/wp\/v2\/posts\/7035\/revisions\/7049"}],"wp:featuredmedia":[{"embeddable":true,"href":"https:\/\/marekkuchcinski.pl\/cs\/wp-json\/wp\/v2\/media\/7043"}],"wp:attachment":[{"href":"https:\/\/marekkuchcinski.pl\/cs\/wp-json\/wp\/v2\/media?parent=7035"}],"wp:term":[{"taxonomy":"category","embeddable":true,"href":"https:\/\/marekkuchcinski.pl\/cs\/wp-json\/wp\/v2\/categories?post=7035"},{"taxonomy":"post_tag","embeddable":true,"href":"https:\/\/marekkuchcinski.pl\/cs\/wp-json\/wp\/v2\/tags?post=7035"}],"curies":[{"name":"wp","href":"https:\/\/api.w.org\/{rel}","templated":true}]}}