{"id":7028,"date":"2017-08-01T21:27:07","date_gmt":"2017-08-01T19:27:07","guid":{"rendered":"https:\/\/marekkuchcinski.pl\/?p=7028"},"modified":"2017-08-01T21:38:31","modified_gmt":"2017-08-01T19:38:31","slug":"marszalek-sejmu-oddal-hold-polskim-lotnikom","status":"publish","type":"post","link":"https:\/\/marekkuchcinski.pl\/cs\/wydarzenia\/marszalek-sejmu-oddal-hold-polskim-lotnikom\/","title":{"rendered":"P\u0159edseda Sejmu vzdal hold polsk\u00fdm letc\u016fm"},"content":{"rendered":"<p><strong>V den 73. v\u00fdro\u010d\u00ed Var\u0161avsk\u00e9ho povst\u00e1n\u00ed uctil p\u0159edseda Sejmu Marek Kuchci\u0144ski pam\u00e1tku polsk\u00fdch letc\u016f na vojensk\u00e9m h\u0159bitov\u011b v Solym\u00e1ru u Budape\u0161ti.<\/strong><\/p>\n<p>&nbsp;<\/p>\n<p>B\u011bhem st\u00e1tn\u00edch ceremoni\u00ed p\u0159e\u010detl dopis jm\u00e9nem Marka Kuchci\u0144sk\u00e9ho m\u00edstop\u0159edseda Sejmu Ryszard Terlecki.<\/p>\n<p><strong><em>Dopis p\u0159edsedy Sejmu Marka Kuchci\u0144sk\u00e9ho u p\u0159\u00edle\u017eitosti 73. v\u00fdro\u010d\u00ed Var\u0161avsk\u00e9ho povst\u00e1n\u00ed<\/em><\/strong><\/p>\n<p><strong><em>\u00a0<\/em><\/strong><\/p>\n<p><strong>V\u00e1\u017een\u00ed p\u00e1nov\u00e9<\/strong><\/p>\n<p><strong>\u00da\u010dastn\u00edci Var\u0161avsk\u00e9ho povst\u00e1n\u00ed, rodiny povstalc\u016f<\/strong><\/p>\n<p><strong>D\u00e1my a p\u00e1nov\u00e9<\/strong><\/p>\n<p><strong>Obyvatel\u00e9 Var\u0161avy<\/strong><\/p>\n<p><strong>\u00a0<\/strong><\/p>\n<p>T\u0159i slova hr\u00e1la v polsk\u00fdch d\u011bjin\u00e1ch po stalet\u00ed v\u00fdjime\u010dnou roli: B\u016fh, \u010dest a vlast. Motivovaly na\u0161e p\u0159edky k hrdinsk\u00fdm \u010din\u016fm i v ka\u017edodenn\u00edm \u017eivot\u011b. Var\u0161avsk\u00e9 povst\u00e1n\u00ed je t\u0159eba vn\u00edmat pr\u00e1v\u011b v t\u011bchto souvislostech.<\/p>\n<p>Obyvatel\u00e9 Var\u0161avy p\u0159ed 73 lety bojovali za nez\u00e1vislost, za svou v\u00edru a d\u016fstojnost. Var\u0161avsk\u00e9 povst\u00e1n\u00ed bylo na jedn\u00e9 stran\u011b nam\u00ed\u0159eno proti N\u011bmecku, proto\u017ee n\u011bmeck\u00fd nacismus byl pop\u0159en\u00edm z\u00e1padn\u00edch hodnot, nov\u00fdm zt\u011blesn\u011bn\u00edm barbarstv\u00ed a pohanstv\u00ed, a na druh\u00e9 stran\u011b m\u011blo zastavit komunismus, zalo\u017een\u00fd na nep\u0159\u00e1telstv\u00ed v\u016f\u010di svobod\u011b, c\u00edrkvi a n\u00e1bo\u017eenstv\u00ed. Var\u0161avsk\u00e9 povst\u00e1n\u00ed, stejn\u011b jako mnoho dal\u0161\u00edch ud\u00e1lost\u00ed v na\u0161\u00ed minulosti, jako byla obrana Jasn\u00e9 Hory nebo bitvy u V\u00eddn\u011b a Var\u0161avy, p\u0159isp\u011blo k trval\u00e9mu zalo\u017een\u00ed polskosti na katolick\u00e9 v\u00ed\u0159e a d\u016fv\u011b\u0159e v Bo\u017e\u00ed Proz\u0159etelnost. To je n\u00e1\u0161 zp\u016fsob existence v Evrop\u011b a ch\u00e1p\u00e1n\u00ed sv\u011bta a politiky.<\/p>\n<p>Povst\u00e1n\u00ed m\u011blo tak\u00e9 konkr\u00e9tn\u00ed politick\u00fd a vojensk\u00fd rozm\u011br. Nebyl to jen prohran\u00fd boj. Jej\u00ed vypuknut\u00ed zp\u016fsobilo z\u00e1m\u011brn\u00e9 zastaven\u00ed sov\u011btsk\u00e9 ofenz\u00edvy na Visle. Geopolitick\u00e9 kalkulace Josefa Stalina o obsazen\u00ed cel\u00e9ho N\u011bmecka se staly nere\u00e1ln\u00fdmi. Zat\u00edmco Rud\u00e1 arm\u00e1da st\u00e1la na Visle a \u010dekala na ne\u00fasp\u011bch povst\u00e1n\u00ed, spojeneck\u00e1 vojska osvobozovala Francii a bl\u00ed\u017eila se k R\u00fdnu. Z\u00e1padn\u00ed Evropa se stala sou\u010d\u00e1st\u00ed svobodn\u00e9ho sv\u011bta, v\u00fdspou svobody a demokracie, chr\u00e1n\u011bnou americkou p\u0159\u00edtomnost\u00ed. Modern\u00ed Evropa vznikla tak\u00e9 d\u00edky velk\u00e9mu \u00fasil\u00ed na\u0161ich lid\u00ed. Mus\u00edme na to pamatovat a hl\u00e1sat to sv\u011btu.<\/p>\n<p>Pro na\u0161i vlast a pro dal\u0161\u00ed generace Pol\u00e1k\u016f v Polsku i v zahrani\u010d\u00ed je povst\u00e1n\u00ed znakem historick\u00e9 pam\u011bti, vzorem vlastenectv\u00ed a l\u00e1sky ke svobod\u011b. Neb\u00fdt lednov\u00fdch povstalc\u016f, Pi\u0142sudsk\u00e9ho legion\u00e1\u0159\u016f a voj\u00e1k\u016f z v\u00e1lky v roce 1920, k \u017e\u00e1dn\u00e9mu povst\u00e1n\u00ed by nedo\u0161lo. Jejich \u00fasil\u00ed dalo vzniknout druh\u00e9 republice, jej\u00ed\u017e 100. v\u00fdro\u010d\u00ed oslav\u00edme p\u0159\u00ed\u0161t\u00ed rok. Var\u0161avsk\u00e9 povst\u00e1n\u00ed bylo jeho posledn\u00edm dramatem.<\/p>\n<p>V den 73. v\u00fdro\u010d\u00ed Var\u0161avsk\u00e9ho povst\u00e1n\u00ed vzdejme hold jeho \u00fa\u010dastn\u00edk\u016fm, kte\u0159\u00ed padli v boji, byli zavra\u017ed\u011bni N\u011bmci a komunisty a zem\u0159eli doma nebo ve vyhnanstv\u00ed.<\/p>\n<p>K\u00e9\u017e dobr\u00fd B\u016fh odm\u011bn\u00ed jejich state\u010dnost a ob\u011btavost.<\/p>\n<p>Var\u0161ava, 1. srpna 2017.<\/p>\n<p><a href=\"https:\/\/marekkuchcinski.pl\/wp-content\/uploads\/2017\/08\/mcpw.jpg\"><img fetchpriority=\"high\" decoding=\"async\" class=\"alignnone size-full wp-image-7029\" src=\"https:\/\/marekkuchcinski.pl\/wp-content\/uploads\/2017\/08\/mcpw.jpg\" alt=\"mcpw\" width=\"800\" height=\"588\" srcset=\"https:\/\/marekkuchcinski.pl\/wp-content\/uploads\/2017\/08\/mcpw.jpg 800w, https:\/\/marekkuchcinski.pl\/wp-content\/uploads\/2017\/08\/mcpw-300x221.jpg 300w, https:\/\/marekkuchcinski.pl\/wp-content\/uploads\/2017\/08\/mcpw-768x564.jpg 768w\" sizes=\"(max-width: 800px) 100vw, 800px\" \/><\/a><a href=\"https:\/\/marekkuchcinski.pl\/wp-content\/uploads\/2017\/08\/20170801_145416.jpg\"><img decoding=\"async\" class=\"alignnone wp-image-7030\" src=\"https:\/\/marekkuchcinski.pl\/wp-content\/uploads\/2017\/08\/20170801_145416.jpg\" alt=\"20170801_145416\" width=\"663\" height=\"1197\" srcset=\"https:\/\/marekkuchcinski.pl\/wp-content\/uploads\/2017\/08\/20170801_145416.jpg 443w, https:\/\/marekkuchcinski.pl\/wp-content\/uploads\/2017\/08\/20170801_145416-166x300.jpg 166w\" sizes=\"(max-width: 663px) 100vw, 663px\" \/><\/a> <a href=\"https:\/\/marekkuchcinski.pl\/wp-content\/uploads\/2017\/08\/20170801_145343.jpg\"><img decoding=\"async\" class=\"alignnone size-full wp-image-7031\" src=\"https:\/\/marekkuchcinski.pl\/wp-content\/uploads\/2017\/08\/20170801_145343.jpg\" alt=\"20170801_145343\" width=\"800\" height=\"708\" srcset=\"https:\/\/marekkuchcinski.pl\/wp-content\/uploads\/2017\/08\/20170801_145343.jpg 800w, https:\/\/marekkuchcinski.pl\/wp-content\/uploads\/2017\/08\/20170801_145343-300x266.jpg 300w, https:\/\/marekkuchcinski.pl\/wp-content\/uploads\/2017\/08\/20170801_145343-768x680.jpg 768w\" sizes=\"(max-width: 800px) 100vw, 800px\" \/><\/a> <a href=\"https:\/\/marekkuchcinski.pl\/wp-content\/uploads\/2017\/08\/20170801_145249.jpg\"><img loading=\"lazy\" decoding=\"async\" class=\"alignnone size-full wp-image-7032\" src=\"https:\/\/marekkuchcinski.pl\/wp-content\/uploads\/2017\/08\/20170801_145249.jpg\" alt=\"20170801_145249\" width=\"800\" height=\"534\" srcset=\"https:\/\/marekkuchcinski.pl\/wp-content\/uploads\/2017\/08\/20170801_145249.jpg 800w, https:\/\/marekkuchcinski.pl\/wp-content\/uploads\/2017\/08\/20170801_145249-300x200.jpg 300w, https:\/\/marekkuchcinski.pl\/wp-content\/uploads\/2017\/08\/20170801_145249-768x513.jpg 768w\" sizes=\"(max-width: 800px) 100vw, 800px\" \/><\/a><\/p>","protected":false},"excerpt":{"rendered":"<p>W 73. rocznic\u0119 Powstania Warszawskiego marsza\u0142ek Sejmu Marek Kuchci\u0144ski odda\u0142 ho\u0142d polskim lotnikom na cmentarzu wojskowym w Solym\u00e1r ko\u0142o Budapesztu. &nbsp; Podczas pa\u0144stwowych uroczysto\u015bci w imieniu Marka Kuchci\u0144skiego list odczyta\u0142 wicemarsza\u0142ek Sejmu Ryszard Terlecki. List Marsza\u0142ka Sejmu Marka Kuchci\u0144skiego z okazji 73 rocznicy powstania warszawskiego \u00a0 Szanowni Pa\u0144stwo Uczestnicy Powstania Warszawskiego, Rodziny Powsta\u0144c\u00f3w Panie i [&hellip;]<\/p>\n","protected":false},"author":6,"featured_media":7034,"comment_status":"open","ping_status":"open","sticky":false,"template":"","format":"standard","meta":{"ngg_post_thumbnail":0,"footnotes":""},"categories":[77,50,3],"tags":[],"class_list":["post-7028","post","type-post","status-publish","format-standard","has-post-thumbnail","hentry","category-wazne-daty","category-wspolpraca-miedzynarodowa","category-wydarzenia"],"_links":{"self":[{"href":"https:\/\/marekkuchcinski.pl\/cs\/wp-json\/wp\/v2\/posts\/7028","targetHints":{"allow":["GET"]}}],"collection":[{"href":"https:\/\/marekkuchcinski.pl\/cs\/wp-json\/wp\/v2\/posts"}],"about":[{"href":"https:\/\/marekkuchcinski.pl\/cs\/wp-json\/wp\/v2\/types\/post"}],"author":[{"embeddable":true,"href":"https:\/\/marekkuchcinski.pl\/cs\/wp-json\/wp\/v2\/users\/6"}],"replies":[{"embeddable":true,"href":"https:\/\/marekkuchcinski.pl\/cs\/wp-json\/wp\/v2\/comments?post=7028"}],"version-history":[{"count":1,"href":"https:\/\/marekkuchcinski.pl\/cs\/wp-json\/wp\/v2\/posts\/7028\/revisions"}],"predecessor-version":[{"id":7033,"href":"https:\/\/marekkuchcinski.pl\/cs\/wp-json\/wp\/v2\/posts\/7028\/revisions\/7033"}],"wp:featuredmedia":[{"embeddable":true,"href":"https:\/\/marekkuchcinski.pl\/cs\/wp-json\/wp\/v2\/media\/7034"}],"wp:attachment":[{"href":"https:\/\/marekkuchcinski.pl\/cs\/wp-json\/wp\/v2\/media?parent=7028"}],"wp:term":[{"taxonomy":"category","embeddable":true,"href":"https:\/\/marekkuchcinski.pl\/cs\/wp-json\/wp\/v2\/categories?post=7028"},{"taxonomy":"post_tag","embeddable":true,"href":"https:\/\/marekkuchcinski.pl\/cs\/wp-json\/wp\/v2\/tags?post=7028"}],"curies":[{"name":"wp","href":"https:\/\/api.w.org\/{rel}","templated":true}]}}