{"id":700,"date":"2016-01-23T10:00:34","date_gmt":"2016-01-23T09:00:34","guid":{"rendered":"https:\/\/marekkuchcinski.pl\/38-procent-poparcia-dla-prawa-i-sprawiedliwosci\/"},"modified":"2016-08-25T16:57:55","modified_gmt":"2016-08-25T14:57:55","slug":"38-procent-poparcia-dla-prawa-i-sprawiedliwosci","status":"publish","type":"post","link":"https:\/\/marekkuchcinski.pl\/cs\/wydarzenia\/38-procent-poparcia-dla-prawa-i-sprawiedliwosci\/","title":{"rendered":"38 procent podpory pro Pr\u00e1vo a spravedlnost"},"content":{"rendered":"<p>Z lednov\u00e9ho pr\u016fzkumu agentury TNS Polska vypl\u00fdv\u00e1, \u017ee 38 % t\u011bch, kte\u0159\u00ed cht\u011bj\u00ed volit, podporuje PiS, zat\u00edmco 16 % PO. - PO. Pro Nowoczesnou by hlasovalo 5 procent a pro Kukize'15 11 procent voli\u010d\u016f.<\/p>\n<p>Stejn\u011b optimistick\u00fd je pro PiS i lednov\u00fd pr\u016fzkum d\u016fv\u011bry CBOS, podle kter\u00e9ho vede prezident Andrzej Duda s 56procentn\u00ed podporou a premi\u00e9rce Beat\u011b Szyd\u0142o d\u016fv\u011b\u0159uje 49 procent respondent\u016f.<\/p>","protected":false},"excerpt":{"rendered":"<p>Ze styczniowych bada\u0144 przeprowadzonych przez TNS Polska wynika, \u017ce&nbsp;38 proc. chc\u0105cych g\u0142osowa\u0107 popiera PiS, za\u015b 16 proc. \u2013 PO. 5 proc. odda\u0142oby sw\u00f3j g\u0142os na Nowoczesn\u0105, a 11 proc. na Kukiz&#8217;15.&nbsp;Do Sejmu, wed\u0142ug badania, nie wesz\u0142oby PSL. R\u00f3wnie optymistyczne dla PiS-u jest styczniowe badanie zaufania CBOS-u, na kt\u00f3rego czele znalaz\u0142 si\u0119 prezydent Andrzej Duda \u2013 [&hellip;]<\/p>\n","protected":false},"author":6,"featured_media":0,"comment_status":"open","ping_status":"open","sticky":false,"template":"","format":"standard","meta":{"ngg_post_thumbnail":0,"footnotes":""},"categories":[3],"tags":[],"class_list":["post-700","post","type-post","status-publish","format-standard","hentry","category-wydarzenia"],"_links":{"self":[{"href":"https:\/\/marekkuchcinski.pl\/cs\/wp-json\/wp\/v2\/posts\/700","targetHints":{"allow":["GET"]}}],"collection":[{"href":"https:\/\/marekkuchcinski.pl\/cs\/wp-json\/wp\/v2\/posts"}],"about":[{"href":"https:\/\/marekkuchcinski.pl\/cs\/wp-json\/wp\/v2\/types\/post"}],"author":[{"embeddable":true,"href":"https:\/\/marekkuchcinski.pl\/cs\/wp-json\/wp\/v2\/users\/6"}],"replies":[{"embeddable":true,"href":"https:\/\/marekkuchcinski.pl\/cs\/wp-json\/wp\/v2\/comments?post=700"}],"version-history":[{"count":1,"href":"https:\/\/marekkuchcinski.pl\/cs\/wp-json\/wp\/v2\/posts\/700\/revisions"}],"predecessor-version":[{"id":3096,"href":"https:\/\/marekkuchcinski.pl\/cs\/wp-json\/wp\/v2\/posts\/700\/revisions\/3096"}],"wp:attachment":[{"href":"https:\/\/marekkuchcinski.pl\/cs\/wp-json\/wp\/v2\/media?parent=700"}],"wp:term":[{"taxonomy":"category","embeddable":true,"href":"https:\/\/marekkuchcinski.pl\/cs\/wp-json\/wp\/v2\/categories?post=700"},{"taxonomy":"post_tag","embeddable":true,"href":"https:\/\/marekkuchcinski.pl\/cs\/wp-json\/wp\/v2\/tags?post=700"}],"curies":[{"name":"wp","href":"https:\/\/api.w.org\/{rel}","templated":true}]}}