{"id":699,"date":"2016-01-20T20:45:00","date_gmt":"2016-01-20T19:45:00","guid":{"rendered":"https:\/\/marekkuchcinski.pl\/chrzescijanstwo-filarem-polski\/"},"modified":"2016-08-25T16:57:55","modified_gmt":"2016-08-25T14:57:55","slug":"chrzescijanstwo-filarem-polski","status":"publish","type":"post","link":"https:\/\/marekkuchcinski.pl\/cs\/wydarzenia\/chrzescijanstwo-filarem-polski\/","title":{"rendered":"K\u0159es\u0165anstv\u00ed jako pil\u00ed\u0159 Polska"},"content":{"rendered":"<p><a href=\"https:\/\/marekkuchcinski.pl\/cs\/chrzescijanstwo-filarem-polski\/\"><img decoding=\"async\" class=\"alignleft size-full wp-image-698\" src=\"https:\/\/marekkuchcinski.pl\/wp-content\/uploads\/2016\/01\/IMG_0312.JPG\" alt=\"IMG 0312\" width=\"160\" height=\"98\" style=\"float: left;\" srcset=\"https:\/\/marekkuchcinski.pl\/wp-content\/uploads\/2016\/01\/IMG_0312.JPG 800w, https:\/\/marekkuchcinski.pl\/wp-content\/uploads\/2016\/01\/IMG_0312-300x184.jpg 300w, https:\/\/marekkuchcinski.pl\/wp-content\/uploads\/2016\/01\/IMG_0312-768x471.jpg 768w\" sizes=\"(max-width: 160px) 100vw, 160px\" \/><\/a>Hlavn\u00ed oslavy 1050. v\u00fdro\u010d\u00ed k\u0159tu Polska se budou konat 14. dubna v Gniezn\u011b a 15. a 16. dubna v Poznani. Pozv\u00e1no bylo 1200 host\u016f, v\u010detn\u011b prezidenta Andrzeje Dudy, vl\u00e1dy a poslanc\u016f, a hlavn\u00ed ud\u00e1lost\u00ed bude N\u00e1rodn\u00ed shrom\u00e1\u017ed\u011bn\u00ed. Podrobnosti o oslav\u00e1ch byly p\u0159edstaveny 20. ledna na biskupsk\u00e9m sekretari\u00e1tu ve Var\u0161av\u011b. Na spole\u010dn\u00e9 tiskov\u00e9 konferenci vystoupili polsk\u00fd primas Wojciech Polak, p\u0159edseda Polsk\u00e9 biskupsk\u00e9 konference arcibiskup Stanis\u0142aw G\u0105decki a p\u0159edsedov\u00e9 Sejmu a Sen\u00e1tu.<\/p>\n<p>  <!--more-->  <\/p>\n<p>- Tis\u00edcilet\u00e9 oslavy k\u0159tu Polska, kter\u00e9 se konaly v roce 1966, byly naru\u0161eny komunistick\u00fdmi \u00fa\u0159ady. Dnes je v\u0161ak pro pochopen\u00ed leto\u0161n\u00edch oslav kl\u00ed\u010dov\u00e9 slovo normalizace.  Letos si p\u0159ipom\u00edn\u00e1me 1050. v\u00fdro\u010d\u00ed k\u0159tu Polska a 1050. v\u00fdro\u010d\u00ed polsk\u00e9 st\u00e1tnosti, a proto jsou mezi n\u00e1mi z\u00e1stupci c\u00edrkevn\u00edch i st\u00e1tn\u00edch org\u00e1n\u016f,\" \u0159ekl mluv\u010d\u00ed biskupstv\u00ed P. Pawe\u0142 Rytel-Andrianik.<\/p>\n<p>P\u0159edseda Sejmu Marek Kuchci\u0144ski uvedl, \u017ee oslavy budou historicky v\u00fdznamnou ud\u00e1lost\u00ed pro cel\u00fd polsk\u00fd n\u00e1rod a st\u00e1t. Budou nejz\u0159eteln\u011bj\u0161\u00edm symbolem a skute\u010dn\u00fdm potvrzen\u00edm rozsahu zm\u011bn ve spole\u010densk\u00e9m \u017eivot\u011b Polska. - Parlament nez\u00e1visl\u00e9 Polsk\u00e9 republiky vlastn\u011b poprv\u00e9 sah\u00e1 k nejstar\u0161\u00edm z\u00e1klad\u016fm d\u011bjin na\u0161\u00ed st\u00e1tnosti, nerozlu\u010dn\u011b spjat\u00fdm s k\u0159es\u0165anstv\u00edm, a p\u0159ipom\u00edn\u00e1 politick\u00e1 rozhodnut\u00ed z roku 966 a z roku 1966. - \u0159ekl p\u0159edseda Sejmu. Tvrdil tak\u00e9, \u017ee bez obnovy mravn\u00edho \u0159\u00e1du zalo\u017een\u00e9ho na k\u0159es\u0165anstv\u00ed a bez zahrnut\u00ed d\u011bjin k\u0159es\u0165anstv\u00ed na polsk\u00e9m \u00fazem\u00ed do d\u011bjin na\u0161eho st\u00e1tu a n\u00e1roda nedojde k dobr\u00e9 zm\u011bn\u011b. Politika jako rozumn\u00e1 \u010dinnost pro spole\u010dn\u00e9 dobro nem\u016f\u017ee b\u00fdt zalo\u017eena pouze na sledov\u00e1n\u00ed z\u00e1jm\u016f, ale m\u011bla by m\u00edt tak\u00e9 mor\u00e1ln\u00ed smysl, zejm\u00e9na v dne\u0161n\u00edm sv\u011bt\u011b. Jedin\u00fdm uchovatelem hodnot, kter\u00e9 tvo\u0159\u00ed polskost, je univerz\u00e1ln\u00ed c\u00edrkev. \u010casto nahrazoval zanikl\u00fd st\u00e1t, zachov\u00e1val n\u00e1rodn\u00ed d\u011bdictv\u00ed a byl \u00fato\u010di\u0161t\u011bm a ochr\u00e1ncem n\u00e1rodn\u00edch povstalc\u016f, \u010dlen\u016f hnut\u00ed za nez\u00e1vislost v obou sv\u011btov\u00fdch v\u00e1lk\u00e1ch a aktivist\u016f protikomunistick\u00e9 opozice.<\/p>\n<p>Kancel\u00e1\u0159 Sejmu Polsk\u00e9 republiky p\u0159ipravuje p\u0159\u00edle\u017eitostnou publikaci s n\u00e1zvem K\u0159es\u0165anstv\u00ed v d\u011bjin\u00e1ch Polska a Pol\u00e1k\u016f (966-2016). Prost\u0159ednictv\u00edm obsahu a formy, slova a obrazu bude vypr\u00e1v\u011bt historick\u00fd p\u0159\u00edb\u011bh o institucion\u00e1ln\u00edch vazb\u00e1ch mezi univerz\u00e1ln\u00ed c\u00edrkv\u00ed a polskou st\u00e1tnost\u00ed, o vlivu c\u00edrkevn\u00edho posl\u00e1n\u00ed na spole\u010densk\u00e9 procesy v polsk\u00fdch zem\u00edch a o roli bohoslu\u017eeb a ritu\u00e1l\u016f ve ve\u0159ejn\u00e9m prostoru.<\/p>\n<p>zdroj: episkopat.pl<\/p>\n<p>{gallery}focagallery\/K\u0159es\u0165anstv\u00ed_filaremm_Polsko{\/gallery}<\/p>","protected":false},"excerpt":{"rendered":"<p>14 kwietnia w Gnie\u017anie oraz 15 i 16 kwietnia w Poznaniu odb\u0119d\u0105 si\u0119 g\u0142\u00f3wne uroczysto\u015bci Jubileuszu 1050-lecia Chrztu Polski. Zaproszono na nie 1200 go\u015bci, w tym prezydenta Andrzeja Dud\u0119, rz\u0105d i parlamentarzyst\u00f3w, a g\u0142\u00f3wnym wydarzeniem b\u0119dzie Zgromadzenie Narodowe.&nbsp;Szczeg\u00f3\u0142y obchod\u00f3w zaprezentowano 20 stycznia w Sekretariacie Episkopatu w Warszawie. Na wsp\u00f3lnej konferencji prasowej wyst\u0105pili m.in. prymas Polski [&hellip;]<\/p>\n","protected":false},"author":6,"featured_media":698,"comment_status":"open","ping_status":"open","sticky":false,"template":"","format":"standard","meta":{"ngg_post_thumbnail":0,"footnotes":""},"categories":[3],"tags":[],"class_list":["post-699","post","type-post","status-publish","format-standard","has-post-thumbnail","hentry","category-wydarzenia"],"_links":{"self":[{"href":"https:\/\/marekkuchcinski.pl\/cs\/wp-json\/wp\/v2\/posts\/699","targetHints":{"allow":["GET"]}}],"collection":[{"href":"https:\/\/marekkuchcinski.pl\/cs\/wp-json\/wp\/v2\/posts"}],"about":[{"href":"https:\/\/marekkuchcinski.pl\/cs\/wp-json\/wp\/v2\/types\/post"}],"author":[{"embeddable":true,"href":"https:\/\/marekkuchcinski.pl\/cs\/wp-json\/wp\/v2\/users\/6"}],"replies":[{"embeddable":true,"href":"https:\/\/marekkuchcinski.pl\/cs\/wp-json\/wp\/v2\/comments?post=699"}],"version-history":[{"count":1,"href":"https:\/\/marekkuchcinski.pl\/cs\/wp-json\/wp\/v2\/posts\/699\/revisions"}],"predecessor-version":[{"id":1118,"href":"https:\/\/marekkuchcinski.pl\/cs\/wp-json\/wp\/v2\/posts\/699\/revisions\/1118"}],"wp:featuredmedia":[{"embeddable":true,"href":"https:\/\/marekkuchcinski.pl\/cs\/wp-json\/wp\/v2\/media\/698"}],"wp:attachment":[{"href":"https:\/\/marekkuchcinski.pl\/cs\/wp-json\/wp\/v2\/media?parent=699"}],"wp:term":[{"taxonomy":"category","embeddable":true,"href":"https:\/\/marekkuchcinski.pl\/cs\/wp-json\/wp\/v2\/categories?post=699"},{"taxonomy":"post_tag","embeddable":true,"href":"https:\/\/marekkuchcinski.pl\/cs\/wp-json\/wp\/v2\/tags?post=699"}],"curies":[{"name":"wp","href":"https:\/\/api.w.org\/{rel}","templated":true}]}}