{"id":690,"date":"2016-01-08T11:10:04","date_gmt":"2016-01-08T10:10:04","guid":{"rendered":"https:\/\/marekkuchcinski.pl\/w-krynicy-o-europie-karpat-i-ukrainie\/"},"modified":"2016-08-25T16:57:56","modified_gmt":"2016-08-25T14:57:56","slug":"w-krynicy-o-europie-karpat-i-ukrainie","status":"publish","type":"post","link":"https:\/\/marekkuchcinski.pl\/cs\/podkarpacie\/w-krynicy-o-europie-karpat-i-ukrainie\/","title":{"rendered":"V Krynici o Karpatsk\u00e9 Evrop\u011b a Ukrajin\u011b"},"content":{"rendered":"<p style=\"color: #000000; font-family: Roboto, Arial, Verdana, Tahoma, sans-serif;\">Jak\u00e1 jsou rizika a p\u0159\u00edle\u017eitosti pro ohro\u017eenou spolupr\u00e1ci ve st\u0159edn\u00ed a v\u00fdchodn\u00ed Evrop\u011b?<\/p>\n<p style=\"color: #000000; font-family: Roboto, Arial, Verdana, Tahoma, sans-serif;\">Zach\u00e1z\u00ed se s n\u00e1rodn\u00edmi st\u00e1ty v t\u00e9to \u010d\u00e1sti na\u0161eho kontinentu jako s poddan\u00fdmi? Dok\u00e1\u017eou si zachovat sv\u00e9 d\u011bdictv\u00ed? Jak by se m\u011bla prov\u00e1d\u011bt hospod\u00e1\u0159sk\u00e1 politika a investice? - tyto ot\u00e1zky zazn\u011bly b\u011bhem panelov\u00e9 diskuse \"Evropa Karpat\" na XXV. ekonomick\u00e9m f\u00f3ru v Krynici-Zdroji.<\/p>\n<p style=\"color: #000000; font-family: Roboto, Arial, Verdana, Tahoma, sans-serif;\">Marek Kuchci\u0144ski, m\u00edstop\u0159edseda polsk\u00e9ho Sejmu, vyzval politiky, z\u00e1stupce parlament\u016f, p\u0159edstavitele vl\u00e1d a region\u00e1ln\u00edch samospr\u00e1v, nevl\u00e1dn\u00edch sdru\u017een\u00ed, v\u011bdce, odborn\u00edky, z\u00e1stupce m\u00edstn\u00edch samospr\u00e1v z Polska, Slovenska, \u010cesk\u00e9 republiky, Ma\u010farska, Ukrajiny, Srbska a Rumunska k diskusi o v\u0161ech form\u00e1ch, okolnostech a z\u00e1vislostech d\u016fsledn\u00e9 spolupr\u00e1ce ve v\u0161ech mo\u017en\u00fdch oblastech.<\/p>\n<p>  <!--more-->  <\/p>\n<p style=\"color: #000000; font-family: Roboto, Arial, Verdana, Tahoma, sans-serif;\">- Zd\u00e1 se n\u00e1m, \u017ee recepty v rozvojov\u00e9 politice se to\u010d\u00ed kolem jedin\u00e9ho slova - spolupr\u00e1ce,\" \u0159ekl Marek Kuchci\u0144ski. - To je to, co od sebe navz\u00e1jem o\u010dek\u00e1v\u00e1me. To od n\u00e1s ob\u010dan\u00e9 st\u0159edn\u00ed a jihov\u00fdchodn\u00ed Evropy o\u010dek\u00e1vaj\u00ed. Zd\u00e1 se v\u0161ak, \u017ee bychom to m\u011bli o\u010dek\u00e1vat i z geopolitick\u00e9ho hlediska, z celoevropsk\u00e9ho hlediska od org\u00e1n\u016f Evropsk\u00e9 unie a v \u0161ir\u0161\u00edm smyslu.<\/p>\n<p style=\"color: #000000; font-family: Roboto, Arial, Verdana, Tahoma, sans-serif;\">- Ne v\u0161ichni si v\u011b\u0159\u00edme stejn\u011b,\" poznamenal Krzysztof Szczerski, st\u00e1tn\u00ed tajemn\u00edk v Kancel\u00e1\u0159i prezidenta Polsk\u00e9 republiky. - Je telefon\u00e1t mezi na\u0161imi hlavn\u00edmi m\u011bsty prvn\u00edm telefon\u00e1tem, po kter\u00e9m s\u00e1hneme, kdy\u017e m\u00e1me probl\u00e9m? - Ministr Szczerski se zeptal. - Komu zavol\u00e1me jako prvn\u00edmu? Do kter\u00e9ho hlavn\u00edho m\u011bsta - Budape\u0161ti, Var\u0161avy, Prahy, Bratislavy, Bukure\u0161ti - zavol\u00e1me kv\u016fli t\u011bmto probl\u00e9m\u016fm jako prvn\u00ed? Zavol\u00e1me si navz\u00e1jem nebo n\u011bkomu jin\u00e9mu? Nebo m\u00e1me zavolat n\u011bkomu mimo n\u00e1\u0161 region? A to je n\u011bco, co podle m\u00e9ho n\u00e1zoru vy\u017eaduje hlub\u0161\u00ed reflexi na v\u0161ech \u00farovn\u00edch st\u00e1tn\u00ed spr\u00e1vy.<\/p>\n<p style=\"color: #000000; font-family: Roboto, Arial, Verdana, Tahoma, sans-serif;\">Vysv\u011btlil, \u017ee polsk\u00fd prezident Andrzej Duda uskute\u010dnil svou prvn\u00ed zahrani\u010dn\u00ed n\u00e1v\u0161t\u011bvu na\u0161eho regionu. Odjel do Estonska, do Tallinnu. Vybral si tak\u00e9 symbolick\u00e9 datum - Evropsk\u00fd den pam\u00e1tky ob\u011bt\u00ed stalinismu a nacismu, v\u00fdro\u010dn\u00ed den paktu Molotov-Ribbentrop. Byl to prvn\u00ed \"telefon\u00e1t\", kter\u00fd Andrzej Duda uskute\u010dnil. Krzysztof Szczerski dodal, \u017ee v nejbli\u017e\u0161\u00ed dob\u011b se polsk\u00fd prezident setk\u00e1 se v\u0161emi prezidenty a velkou \u010d\u00e1st\u00ed org\u00e1n\u016f cel\u00e9ho regionu. \"Vzd\u00e1l\u00ed se n\u00e1\u0161 region d\u00edky vz\u00e1jemn\u00e9 spolupr\u00e1ci od situace, kdy m\u016f\u017ee b\u00fdt rozd\u011blen vn\u011bj\u0161\u00edmi silami, nebo z\u016fstane v takov\u00e9 z\u00e1vislosti na jin\u00fdch zem\u00edch, jin\u00fdch hlavn\u00edch m\u011bstech, jin\u00fdch sil\u00e1ch, v\u010detn\u011b ekonomick\u00fdch, kter\u00e1 zp\u016fsobuje, \u017ee je neust\u00e1le rozd\u011blen a ovl\u00e1d\u00e1n vn\u011bj\u0161\u00edmi silami,\" \u0159ekl Krzysztof Szczerski. Vyzval lidi, aby v\u011b\u0159ili ve vz\u00e1jemnou s\u00edlu.<\/p>\n<p style=\"color: #000000; font-family: Roboto, Arial, Verdana, Tahoma, sans-serif;\">M\u00edstop\u0159edseda polsk\u00e9ho Sejmu Marek Kuchcinski m\u00e1 ji\u017e velk\u00e9 zku\u0161enosti s realizac\u00ed projekt\u016f \"Evropa Karpat\". V rozhovoru pro Kurier \u0159ekl:<\/p>\n<p style=\"color: #000000; font-family: Roboto, Arial, Verdana, Tahoma, sans-serif;\">- Plody na\u0161\u00ed pr\u00e1ce jsou vz\u00e1jemn\u00e9 pozn\u00e1v\u00e1n\u00ed, dal\u0161\u00ed povzbuzov\u00e1n\u00ed, podpora z\u00e1stupc\u016f r\u016fzn\u00fdch instituc\u00ed, org\u00e1n\u016f ve\u0159ejn\u00e9 spr\u00e1vy, m\u00edstn\u00edch samospr\u00e1v, vl\u00e1d, mezin\u00e1rodn\u00edch organizac\u00ed Evropsk\u00e9 unie. Podpora st\u00e1le lep\u0161\u00ed spolupr\u00e1ce.<\/p>\n<p style=\"color: #000000; font-family: Roboto, Arial, Verdana, Tahoma, sans-serif;\">A tady v\u00edme jedno: kl\u00ed\u010dov\u00fdm slovem pro karpatsk\u00e9 zem\u011b je spolupr\u00e1ce. Spole\u010dn\u011b m\u00e1me tak velkou rozmanitost, jakou nem\u00e1 \u017e\u00e1dn\u00fd jin\u00fd velk\u00fd makroregion v Evrop\u011b. N\u00e1\u0161 region m\u00e1 nejv\u011bt\u0161\u00ed po\u010det zem\u00ed, nejv\u011bt\u0161\u00ed po\u010det hranic. Nejv\u011bt\u0161\u00ed rozmanitost, pokud jde o p\u0159\u00edrodu. Bohu\u017eel m\u00e1me tak\u00e9 nejv\u011bt\u0161\u00ed rozd\u00edly v \u017eivotn\u00ed \u00farovni. Nejbohat\u0161\u00edmi m\u00edsty jsou Praha, Budape\u0161\u0165, Bratislava a Var\u0161ava. Naproti tomu v\u00fdchodn\u00ed Slovensko, severn\u00ed Rumunsko, v\u00fdchodn\u00ed Polsko, severov\u00fdchodn\u00ed Ma\u010farsko - to jsou nejchud\u0161\u00ed oblasti Evropsk\u00e9 unie. Podobn\u011b lze klasifikovat i karpatsk\u00e9 oblasti Ukrajiny. To je pro n\u00e1s v\u00fdzva. Na\u0161\u00edm \u00fakolem je zajistit, aby lid\u00e9 v budoucnu m\u011bli takovou \u017eivotn\u00ed \u00farove\u0148, aby nemuseli emigrovat za prac\u00ed. Hrozba emigrace odsud do jin\u00fdch \u010d\u00e1st\u00ed Evropy existuje, hrozba migrace tak\u00e9, ale pokud se zam\u011b\u0159\u00edme na vz\u00e1jemn\u00e9 pozn\u00e1v\u00e1n\u00ed a odstran\u011bn\u00ed stereotyp\u016f, pak bude migrace v na\u0161\u00ed oblasti men\u0161\u00edm probl\u00e9mem. Samoz\u0159ejm\u011b by bylo nejlep\u0161\u00ed, kdyby nap\u0159\u00edklad studenti z Ukrajiny odjeli studovat do Polska, na Slovensko nebo do Ma\u010farska, tam studovali a pak se vr\u00e1tili do sv\u00fdch rodn\u00fdch m\u011bst, aby pokra\u010dovali v pr\u00e1ci pro m\u00edstn\u00ed komunity ve sv\u00fdch zem\u00edch. Tot\u00e9\u017e plat\u00ed pro Polsko. V Polsku, pokud jsme v Evropsk\u00e9 unii, je v\u0161ak jednou z hodnot to, \u017ee jsme si vybojovali svobodu pohybu, svobodu usazov\u00e1n\u00ed, svobodu hled\u00e1n\u00ed pr\u00e1ce a svobodu v\u00fdb\u011bru univerzity, na kter\u00e9 budeme studovat. Tato pr\u00e1va n\u00e1s prov\u00e1zej\u00ed Evropou bez hranic. P\u0159ejme si, aby cel\u00e9 Karpaty byly bez t\u011bchto hranic. Mus\u00edme tak\u00e9 usilovat o odbour\u00e1v\u00e1n\u00ed stereotyp\u016f. Za komunismu hranice znamenaly, \u017ee jsme \u017eili v uzav\u0159en\u00fdch ghettech. Dnes je pot\u0159eba cel\u00fdch generac\u00ed, aby se to poda\u0159ilo. Tyto stereotypy se sna\u017e\u00edme odbour\u00e1vat,\" \u0159ekl Marek Kuchci\u0144ski.<\/p>\n<p style=\"color: #000000; font-family: Roboto, Arial, Verdana, Tahoma, sans-serif;\">S poslancem Andrzejem Sztorcem jsem se setkal ve spole\u010dnosti b\u00fdval\u00e9ho ukrajinsk\u00e9ho velvyslance ve Var\u0161av\u011b, profesora Markijana Malsk\u00e9ho.<\/p>\n<p style=\"color: #000000; font-family: Roboto, Arial, Verdana, Tahoma, sans-serif;\">- Jsem \u010dlenem v\u00fdboru pro EU a m\u00edstn\u00ed samospr\u00e1vu,\" \u0159ekl polsk\u00fd poslanec. - Ekonomick\u00e9 f\u00f3rum v Krynici je p\u0159edev\u0161\u00edm p\u0159\u00edle\u017eitost\u00ed poc\u00edtit v\u0161echny nov\u00e9 trendy v ekonomice, v energetice. Je to m\u00edsto, kde se neust\u00e1le setk\u00e1v\u00e1me. D\u016fvodem m\u00e9 dne\u0161n\u00ed p\u0159\u00edtomnosti je mimo jin\u00e9 setk\u00e1n\u00ed s velvyslancem Malskim. Zde je mo\u017en\u00e9 uskute\u010dnit v\u0161echna d\u016fle\u017eit\u00e1 setk\u00e1n\u00ed, kter\u00e1 se b\u011bhem roku uskute\u010d\u0148uj\u00ed jen velmi obt\u00ed\u017en\u011b. Pr\u00e1v\u011b tato neform\u00e1ln\u00ed setk\u00e1n\u00ed a rozhovory jsou nejd\u016fle\u017eit\u011bj\u0161\u00ed. Jsem tu od r\u00e1na a u\u017e jsem stihl mluvit o Ukrajin\u011b, o tom, co se d\u011bje v Don\u011bcku. V Polsku o tom neust\u00e1le diskutujeme. Proto je tak d\u016fle\u017eit\u00e9 setkat se s lidmi, kte\u0159\u00ed tam \u017eij\u00ed, a sly\u0161et poselstv\u00ed p\u0159irozen\u011b, na\u017eivo. Zde vznikaj\u00ed p\u0159\u00e1telstv\u00ed, ekonomick\u00e9 kontakty a mnoho dal\u0161\u00edch v\u011bc\u00ed. A v tomto ohledu Krynica pln\u00ed svou roli - \u0159ekl Andrzej Sztorc.<\/p>\n<p style=\"color: #000000; font-family: Roboto, Arial, Verdana, Tahoma, sans-serif;\">- \"Na f\u00f3ru v Krynici jsem poprv\u00e9,\" \u0159ekl vik\u00e1\u0159 biskupa muka\u010devsk\u00e9 diec\u00e9ze o. Piotr \u017darkovskij. - Zastupuji muka\u010devsk\u00e9ho biskupa Antala Majenka, p\u0159edsedu Komise pro ekologii a migraci Latinsk\u00e9 biskupsk\u00e9 konference Ukrajiny. B\u011bhem jedn\u00e1n\u00ed, zejm\u00e9na v panelu \"Evropa Karpat\", byla diskutov\u00e1na \u0159ada t\u00e9mat, jimi\u017e se zab\u00fdv\u00e1 i nov\u00e1 encyklika pape\u017ee Franti\u0161ka \"Laudato si\" o ekologii. Druh\u00fdm d\u016fle\u017eit\u00fdm t\u00e9matem byla sou\u010dasn\u00e1 migrace lid\u00ed z V\u00fdchodu do Evropy.<\/p>\n<p style=\"color: #000000; font-family: Roboto, Arial, Verdana, Tahoma, sans-serif;\">- \"V r\u00e1mci iniciativy Evropa Karpat se tohoto f\u00f3ra \u00fa\u010dastn\u00edme ji\u017e \u0159adu let,\" dodal \u0159editel \u00dastavu ekologick\u00e9ho a n\u00e1bo\u017eensk\u00e9ho v\u00fdzkumu U\u017ehorodsk\u00e9 n\u00e1rodn\u00ed univerzity docent Alexander Bokotej. - V na\u0161\u00ed delegaci jsou v\u011bdci a z\u00e1stupci c\u00edrkve. Nejde jen o velmi zaj\u00edmav\u00e1 jedn\u00e1n\u00ed, d\u016fle\u017eit\u00e1 jsou i neform\u00e1ln\u00ed setk\u00e1n\u00ed.<\/p>\n<p style=\"color: #000000; font-family: Roboto, Arial, Verdana, Tahoma, sans-serif;\">Prost\u0159ednictv\u00edm polsk\u00e9ho novin\u00e1\u0159e Andrzeje Klimczaka se delegace ze Zakarpat\u00ed sezn\u00e1mila s \u010dinnost\u00ed Nadace univerzity ze Stalov\u00e9 Woly v Polsku. Prezidentka nadace Jolanta R\u00f3\u017ca Koz\u0142owska, b\u00fdval\u00e1 gener\u00e1ln\u00ed konzulka Polsk\u00e9 republiky v Kol\u00edn\u011b nad R\u00fdnem, d\u00e1le p\u0159edstavila hosty ze Zakarpat\u00ed st\u00e1tn\u00edmu tajemn\u00edkovi Ministerstva pr\u00e1ce, integrace a soci\u00e1ln\u00edch v\u011bc\u00ed spolkov\u00e9 zem\u011b Severn\u00ed Por\u00fdn\u00ed-Vestf\u00e1lsko Thorstenu Kluteovi.<\/p>\n<p style=\"color: #000000; font-family: Roboto, Arial, Verdana, Tahoma, sans-serif;\">Dal\u0161\u00edmi pravideln\u00fdmi \u00fa\u010dastn\u00edky Ekonomick\u00e9ho f\u00f3ra v Krynici byli rektor Karpatsk\u00e9 n\u00e1rodn\u00ed univerzity Vasila Stefanyka profesor Ihor Cependa a \u0159editel Centra v\u00fdchodoevropsk\u00fdch studi\u00ed Var\u0161avsk\u00e9 univerzity Jan Malicki.<\/p>\n<p style=\"color: #000000; font-family: Roboto, Arial, Verdana, Tahoma, sans-serif;\">- Dne\u0161n\u00ed t\u00e9ma se t\u00fdkalo velmi zaj\u00edmav\u00e9 problematiky, proto\u017ee souviselo s nerovnost\u00ed v na\u0161\u00ed spole\u010dnosti, \u0159ekl profesor Ihor Cependa. - Nejen v postsov\u011btsk\u00fdch zem\u00edch, ale i v zem\u00edch EU. Pokud se pod\u00edv\u00e1me na tyto d\u016fle\u017eit\u00e9 aspekty, bylo p\u0159edev\u0161\u00edm d\u016fle\u017eit\u00e9 zd\u016fraznit, \u017ee probl\u00e9my s migrac\u00ed, kter\u00fdm Evropsk\u00e1 unie \u010delila, za\u010daly mnohem d\u0159\u00edve. Nyn\u00ed m\u00e1me tak\u00e9 migra\u010dn\u00ed toky spojen\u00e9 s ekonomickou emigrac\u00ed Ukrajinc\u016f. Druhou velmi d\u016fle\u017eitou v\u011bc\u00ed je, \u017ee soci\u00e1ln\u00ed nerovnost vede k soci\u00e1ln\u00edmu v\u00fdbuchu. Pokud se pod\u00edv\u00e1te na Ukrajinu, ud\u00e1losti z let 2004 a 2014 sv\u011bd\u010d\u00ed o tom, \u017ee ukrajinsk\u00e1 spole\u010dnost chce spravedlnost a po\u017eaduje to nejd\u016fle\u017eit\u011bj\u0161\u00ed - \u017e\u00edt podle pravidel, ne si na n\u011b hr\u00e1t. A to je to nejd\u016fle\u017eit\u011bj\u0161\u00ed. Evropsk\u00e1 unie mus\u00ed spole\u010dn\u011b s ukrajinskou spole\u010dnost\u00ed vypracovat takov\u00e1 pravidla, kter\u00e1 pomohou tyto hodnoty EU co nejd\u0159\u00edve uv\u00e9st do re\u00e1ln\u00e9ho \u017eivota ukrajinsk\u00e9 spole\u010dnosti.<\/p>\n<p style=\"color: #000000; font-family: Roboto, Arial, Verdana, Tahoma, sans-serif;\"><span style=\"color: #000000; font-family: Roboto, Arial, Verdana, Tahoma, sans-serif;\">-&nbsp;<\/span> Jak souvis\u00ed ot\u00e1zka spojen\u00ed hospod\u00e1\u0159sk\u00e9ho rozvoje s ochranou \u017eivotn\u00edho prost\u0159ed\u00ed s t\u00e9matem na\u0161eho projektu obnovy observato\u0159e Popa Ivan? - \u0159ekl Jan Malitski. - P\u0159esto\u017ee v projektu rekonstrukce hv\u011bzd\u00e1rny jde p\u0159edev\u0161\u00edm o obnovu objektu, b\u00fdval\u00e9 historick\u00e9 pam\u00e1tky, je tato souvislost z\u00e1va\u017en\u00e1. V sou\u010dasn\u00e9 dob\u011b, kdy pl\u00e1nujeme rekonstrukci a zejm\u00e9na budouc\u00ed funkci rekonstruovan\u00e9 budovy, mus\u00edme neust\u00e1le p\u0159em\u00fd\u0161let o hled\u00e1n\u00ed \"zlat\u00e9 st\u0159edn\u00ed cesty\" mezi fungov\u00e1n\u00edm rekonstruovan\u00e9 hv\u011bzd\u00e1rny a ot\u00e1zkou spot\u0159eby vody, zne\u010di\u0161t\u011bn\u00ed \u017eivotn\u00edho prost\u0159ed\u00ed, elektrick\u00e9 energie atd. V tomto p\u0159\u00edpad\u011b je t\u0159eba naj\u00edt \"zlatou st\u0159edn\u00ed cestu\". Zejm\u00e9na proto, \u017ee jsem velk\u00fdm odp\u016frcem zm\u011bny infrastruktury p\u0159evl\u00e1daj\u00edc\u00ed na svaz\u00edch Popa Ivana. Pokud bude po m\u00e9m - nebudou se stav\u011bt \u017e\u00e1dn\u00e9 asfaltov\u00e9 silnice ani cyklostezky. Nebude zde \u017e\u00e1dn\u00e9 veden\u00ed vysok\u00e9ho nap\u011bt\u00ed, kter\u00e9 by p\u0159iv\u00e1d\u011blo elekt\u0159inu. Budeme se sna\u017eit zachovat sou\u010dasn\u00fd stav a z\u00e1rove\u0148 obnovit \u010dinnost hv\u011bzd\u00e1rny. Pl\u00e1n je takov\u00fd, \u017ee za n\u011bkolik let s otev\u0159en\u00edm hv\u011bzd\u00e1rny uskute\u010dn\u00edme to, co se ji\u017e jednou stalo v roce 1938. To znamen\u00e1 postavit v hor\u00e1ch budovu, kter\u00e1 bude z technick\u00e9ho hlediska, z hlediska infrastruktury, z hlediska vybaven\u00ed, znamenat technologick\u00fd a civiliza\u010dn\u00ed skok na n\u011bkolik desetilet\u00ed dop\u0159edu. Proto neuva\u017eujeme o star\u00fdch \u0159e\u0161en\u00edch, ale pouze o nov\u00fdch, a to jak ve smyslu vyu\u017eit\u00ed elektrick\u00e9 energie, tak ve smyslu \u010di\u0161t\u011bn\u00ed odpadn\u00edch vod. V roce 2015 vstupujeme do nov\u00e9 etapy t\u00edm, \u017ee letos uvedeme do provozu prvn\u00ed \u010d\u00e1st p\u0159estav\u011bn\u00e9 observato\u0159e. V leto\u0161n\u00edm roce zah\u00e1j\u00ed \u010dinnost polsko-ukrajinsk\u00e1 stanice horsk\u00e9 slu\u017eby. To znamen\u00e1, \u017ee od podzimu, pokud se n\u00e1m poda\u0159\u00ed dokon\u010dit rekonstrukci pokoj\u016f, zde budou hor\u0161t\u00ed z\u00e1chran\u00e1\u0159i slou\u017eit bez p\u0159eru\u0161en\u00ed. Budou m\u00edt dva \u00fakoly najednou: p\u0159edev\u0161\u00edm poskytovat pomoc a z\u00e1chranu t\u011bm, kte\u0159\u00ed ji v hor\u00e1ch pot\u0159ebuj\u00ed, a tak\u00e9 chr\u00e1nit budovu,\" \u0159ekl Jan Malicki.<\/p>\n<p style=\"color: #000000; font-family: Roboto, Arial, Verdana, Tahoma, sans-serif;\">Na leto\u0161n\u00edm jubilejn\u00edm XXV. ekonomick\u00e9m f\u00f3ru v Krynici se se\u0161li politici, ekonomov\u00e9, z\u00e1stupci v\u011bdy a podnikatelsk\u00e9 sf\u00e9ry, kte\u0159\u00ed se sna\u017eili nazna\u010dit sm\u011bry v\u00fdvoje a c\u00edle, p\u0159ed nimi\u017e stoj\u00ed star\u00fd kontinent tv\u00e1\u0159\u00ed v tv\u00e1\u0159 vn\u011bj\u0161\u00edm hrozb\u00e1m a politick\u00e9 a ekonomick\u00e9 nestabilit\u011b uvnit\u0159 Evropsk\u00e9 unie. F\u00f3ra se z\u00fa\u010dastnili tak\u00e9 polsk\u00fd prezident Andrzej Duda a premi\u00e9rka Ewa Kopaczov\u00e1. V\u0161ichni m\u011bli na jazyku v\u00e1lku na Ukrajin\u011b a velmi aktu\u00e1ln\u00ed t\u00e9ma uprchl\u00edk\u016f a p\u0159ist\u011bhovalc\u016f.<\/p>\n<p style=\"color: #000000; font-family: Roboto, Arial, Verdana, Tahoma, sans-serif;\">Jak se v\u00e1m u\u017e \u010dtvrt stolet\u00ed da\u0159\u00ed p\u0159esv\u011bd\u010dit tolik v\u00fdznamn\u00fdch osobnost\u00ed, lid\u00ed s r\u016fzn\u00fdmi n\u00e1zory z cel\u00e9 Evropy, aby se z\u00fa\u010dastnili polsk\u00e9ho Davosu? - Na tuto ot\u00e1zku novin\u00e1\u0159e Kurieru odpov\u011bd\u011bl hlavn\u00ed inici\u00e1tor, p\u0159edseda programov\u00e9 rady Ekonomick\u00e9ho f\u00f3ra a nadace Institut v\u00fdchodn\u00edch studi\u00ed Zygmunt Berdychowski:<\/p>\n<p style=\"color: #000000; font-family: Roboto, Arial, Verdana, Tahoma, sans-serif;\"><span style=\"color: #000000; font-family: Roboto, Arial, Verdana, Tahoma, sans-serif;\">-&nbsp;<\/span> Nev\u00edm, jak se to stalo. Pro st\u0159edn\u00ed Evropu je to naprosto v\u00fdjime\u010dn\u00e9, neuv\u011b\u0159iteln\u00e9. Pro\u010d se poda\u0159ilo takovou instituci vybudovat za 25 let a jak mohla vzniknout ve sv\u011bt\u011b, kde doch\u00e1z\u00ed ka\u017ed\u00fdch p\u00e1r let k obrovsk\u00fdm zm\u011bn\u00e1m, na to nedok\u00e1\u017eu odpov\u011bd\u011bt. S\u00e1m se div\u00edm, jak je to mo\u017en\u00e9. Je obt\u00ed\u017en\u00e9 naj\u00edt n\u011bco, co by tento jev vysv\u011btlovalo. P\u0159edev\u0161\u00edm bychom si p\u0159\u00e1li, aby p\u0159\u00ed\u0161t\u00ed ro\u010dn\u00edk F\u00f3ra byl je\u0161t\u011b zaj\u00edmav\u011bj\u0161\u00ed a atraktivn\u011bj\u0161\u00ed. R\u00e1di bychom, aby bylo je\u0161t\u011b v\u00edce host\u016f a t\u00e9mat. R\u00e1di bychom v lednu 2016 uspo\u0159\u00e1dali v Lod\u017ei velk\u00e9 f\u00f3rum Evropa-Ukrajina. Zkr\u00e1tka spousta pl\u00e1n\u016f, ambic\u00ed a z\u00e1m\u011br\u016f.<\/p>\n<p style=\"color: #000000; font-family: Roboto, Arial, Verdana, Tahoma, sans-serif;\"><strong>\"Kurier Galicyjski\", Konstanty Czawaga<\/strong>&nbsp;<br \/>Text vy\u0161el v \u010d. 17 (237) 15.-28. z\u00e1\u0159\u00ed 2015<\/p>","protected":false},"excerpt":{"rendered":"<p>Jakie s\u0105 zagro\u017cenia i szanse dla wsp\u00f3\u0142pracy w Europie \u015arodkowo-Wschodniej w warunkach zagro\u017cenia? Czy po\u0142o\u017cone w tej cz\u0119\u015bci naszego kontynentu pa\u0144stwa narodowe s\u0105 traktowane podmiotowo? Czy mog\u0105 zachowa\u0107 swoje dziedzictwo? Jak nale\u017cy prowadzi\u0107 tam polityk\u0119 gospodarcz\u0105 i poszukiwa\u0107 inwestycji? \u2013 te pytania zosta\u0142y poruszone w panelu dyskusyjnym \u201eEuropa Karpat\u201d podczas XXV Forum Ekonomicznego w Krynicy-Zdroju. [&hellip;]<\/p>","protected":false},"author":6,"featured_media":0,"comment_status":"open","ping_status":"open","sticky":false,"template":"","format":"standard","meta":{"ngg_post_thumbnail":0,"footnotes":""},"categories":[49],"tags":[],"class_list":["post-690","post","type-post","status-publish","format-standard","hentry","category-podkarpacie"],"yoast_head":"<!-- This site is optimized with the Yoast SEO plugin v24.7 - https:\/\/yoast.com\/wordpress\/plugins\/seo\/ -->\n<title>W Krynicy o Europie Karpat i Ukrainie &#8211; Marek Kuchci\u0144ski<\/title>\n<meta name=\"robots\" content=\"index, follow, max-snippet:-1, max-image-preview:large, max-video-preview:-1\" \/>\n<link rel=\"canonical\" href=\"https:\/\/marekkuchcinski.pl\/cs\/podkarpacie\/w-krynicy-o-europie-karpat-i-ukrainie\/\" \/>\n<meta property=\"og:locale\" content=\"cs_CZ\" \/>\n<meta property=\"og:type\" content=\"article\" \/>\n<meta property=\"og:title\" content=\"W Krynicy o Europie Karpat i Ukrainie &#8211; Marek Kuchci\u0144ski\" \/>\n<meta property=\"og:description\" content=\"Jakie s\u0105 zagro\u017cenia i szanse dla wsp\u00f3\u0142pracy w Europie \u015arodkowo-Wschodniej w warunkach zagro\u017cenia? Czy po\u0142o\u017cone w tej cz\u0119\u015bci naszego kontynentu pa\u0144stwa narodowe s\u0105 traktowane podmiotowo? Czy mog\u0105 zachowa\u0107 swoje dziedzictwo? Jak nale\u017cy prowadzi\u0107 tam polityk\u0119 gospodarcz\u0105 i poszukiwa\u0107 inwestycji? \u2013 te pytania zosta\u0142y poruszone w panelu dyskusyjnym \u201eEuropa Karpat\u201d podczas XXV Forum Ekonomicznego w Krynicy-Zdroju. [&hellip;]\" \/>\n<meta property=\"og:url\" content=\"https:\/\/marekkuchcinski.pl\/cs\/podkarpacie\/w-krynicy-o-europie-karpat-i-ukrainie\/\" \/>\n<meta property=\"og:site_name\" content=\"Marek Kuchci\u0144ski\" \/>\n<meta property=\"article:published_time\" content=\"2016-01-08T10:10:04+00:00\" \/>\n<meta property=\"article:modified_time\" content=\"2016-08-25T14:57:56+00:00\" \/>\n<meta property=\"og:image\" content=\"https:\/\/marekkuchcinski.pl\/wp-content\/uploads\/2022\/09\/Marek.jpg\" \/>\n\t<meta property=\"og:image:width\" content=\"1600\" \/>\n\t<meta property=\"og:image:height\" content=\"971\" \/>\n\t<meta property=\"og:image:type\" content=\"image\/jpeg\" \/>\n<meta name=\"author\" content=\"admin\" \/>\n<meta name=\"twitter:card\" content=\"summary_large_image\" \/>\n<meta name=\"twitter:label1\" content=\"Napsal(a)\" \/>\n\t<meta name=\"twitter:data1\" content=\"admin\" \/>\n\t<meta name=\"twitter:label2\" content=\"Odhadovan\u00e1 doba \u010dten\u00ed\" \/>\n\t<meta name=\"twitter:data2\" content=\"10 minut\" \/>\n<script type=\"application\/ld+json\" class=\"yoast-schema-graph\">{\"@context\":\"https:\/\/schema.org\",\"@graph\":[{\"@type\":\"Article\",\"@id\":\"https:\/\/marekkuchcinski.pl\/en\/podkarpacie\/w-krynicy-o-europie-karpat-i-ukrainie\/#article\",\"isPartOf\":{\"@id\":\"https:\/\/marekkuchcinski.pl\/en\/podkarpacie\/w-krynicy-o-europie-karpat-i-ukrainie\/\"},\"author\":{\"name\":\"admin\",\"@id\":\"https:\/\/marekkuchcinski.pl\/#\/schema\/person\/6f62700996b4d950b6ea2d1183b6c6be\"},\"headline\":\"W Krynicy o Europie Karpat i Ukrainie\",\"datePublished\":\"2016-01-08T10:10:04+00:00\",\"dateModified\":\"2016-08-25T14:57:56+00:00\",\"mainEntityOfPage\":{\"@id\":\"https:\/\/marekkuchcinski.pl\/en\/podkarpacie\/w-krynicy-o-europie-karpat-i-ukrainie\/\"},\"wordCount\":2001,\"commentCount\":0,\"publisher\":{\"@id\":\"https:\/\/marekkuchcinski.pl\/#organization\"},\"articleSection\":[\"Podkarpacie\"],\"inLanguage\":\"cs\",\"potentialAction\":[{\"@type\":\"CommentAction\",\"name\":\"Comment\",\"target\":[\"https:\/\/marekkuchcinski.pl\/en\/podkarpacie\/w-krynicy-o-europie-karpat-i-ukrainie\/#respond\"]}]},{\"@type\":\"WebPage\",\"@id\":\"https:\/\/marekkuchcinski.pl\/en\/podkarpacie\/w-krynicy-o-europie-karpat-i-ukrainie\/\",\"url\":\"https:\/\/marekkuchcinski.pl\/en\/podkarpacie\/w-krynicy-o-europie-karpat-i-ukrainie\/\",\"name\":\"W Krynicy o Europie Karpat i Ukrainie &#8211; Marek Kuchci\u0144ski\",\"isPartOf\":{\"@id\":\"https:\/\/marekkuchcinski.pl\/#website\"},\"datePublished\":\"2016-01-08T10:10:04+00:00\",\"dateModified\":\"2016-08-25T14:57:56+00:00\",\"breadcrumb\":{\"@id\":\"https:\/\/marekkuchcinski.pl\/en\/podkarpacie\/w-krynicy-o-europie-karpat-i-ukrainie\/#breadcrumb\"},\"inLanguage\":\"cs\",\"potentialAction\":[{\"@type\":\"ReadAction\",\"target\":[\"https:\/\/marekkuchcinski.pl\/en\/podkarpacie\/w-krynicy-o-europie-karpat-i-ukrainie\/\"]}]},{\"@type\":\"BreadcrumbList\",\"@id\":\"https:\/\/marekkuchcinski.pl\/en\/podkarpacie\/w-krynicy-o-europie-karpat-i-ukrainie\/#breadcrumb\",\"itemListElement\":[{\"@type\":\"ListItem\",\"position\":1,\"name\":\"Strona g\u0142\u00f3wna\",\"item\":\"https:\/\/marekkuchcinski.pl\/\"},{\"@type\":\"ListItem\",\"position\":2,\"name\":\"W Krynicy o Europie Karpat i Ukrainie\"}]},{\"@type\":\"WebSite\",\"@id\":\"https:\/\/marekkuchcinski.pl\/#website\",\"url\":\"https:\/\/marekkuchcinski.pl\/\",\"name\":\"Marek Kuchci\u0144ski\",\"description\":\"Pose\u0142 na sejm RP &ndash; okr\u0119g nr 22\",\"publisher\":{\"@id\":\"https:\/\/marekkuchcinski.pl\/#organization\"},\"potentialAction\":[{\"@type\":\"SearchAction\",\"target\":{\"@type\":\"EntryPoint\",\"urlTemplate\":\"https:\/\/marekkuchcinski.pl\/?s={search_term_string}\"},\"query-input\":{\"@type\":\"PropertyValueSpecification\",\"valueRequired\":true,\"valueName\":\"search_term_string\"}}],\"inLanguage\":\"cs\"},{\"@type\":\"Organization\",\"@id\":\"https:\/\/marekkuchcinski.pl\/#organization\",\"name\":\"Marek Kuchci\u0144ski\",\"url\":\"https:\/\/marekkuchcinski.pl\/\",\"logo\":{\"@type\":\"ImageObject\",\"inLanguage\":\"cs\",\"@id\":\"https:\/\/marekkuchcinski.pl\/#\/schema\/logo\/image\/\",\"url\":\"https:\/\/marekkuchcinski.pl\/wp-content\/uploads\/2022\/09\/Marek.jpg\",\"contentUrl\":\"https:\/\/marekkuchcinski.pl\/wp-content\/uploads\/2022\/09\/Marek.jpg\",\"width\":1600,\"height\":971,\"caption\":\"Marek Kuchci\u0144ski\"},\"image\":{\"@id\":\"https:\/\/marekkuchcinski.pl\/#\/schema\/logo\/image\/\"}},{\"@type\":\"Person\",\"@id\":\"https:\/\/marekkuchcinski.pl\/#\/schema\/person\/6f62700996b4d950b6ea2d1183b6c6be\",\"name\":\"admin\",\"image\":{\"@type\":\"ImageObject\",\"inLanguage\":\"cs\",\"@id\":\"https:\/\/marekkuchcinski.pl\/#\/schema\/person\/image\/\",\"url\":\"https:\/\/secure.gravatar.com\/avatar\/4bab693b9d55c3d6b52c0296a8765085?s=96&d=mm&r=g\",\"contentUrl\":\"https:\/\/secure.gravatar.com\/avatar\/4bab693b9d55c3d6b52c0296a8765085?s=96&d=mm&r=g\",\"caption\":\"admin\"},\"url\":\"https:\/\/marekkuchcinski.pl\/cs\/author\/marta-olejnik\/\"}]}<\/script>\n<!-- \/ Yoast SEO plugin. -->","yoast_head_json":{"title":"W Krynicy o Europie Karpat i Ukrainie &#8211; Marek Kuchci\u0144ski","robots":{"index":"index","follow":"follow","max-snippet":"max-snippet:-1","max-image-preview":"max-image-preview:large","max-video-preview":"max-video-preview:-1"},"canonical":"https:\/\/marekkuchcinski.pl\/cs\/podkarpacie\/w-krynicy-o-europie-karpat-i-ukrainie\/","og_locale":"cs_CZ","og_type":"article","og_title":"W Krynicy o Europie Karpat i Ukrainie &#8211; Marek Kuchci\u0144ski","og_description":"Jakie s\u0105 zagro\u017cenia i szanse dla wsp\u00f3\u0142pracy w Europie \u015arodkowo-Wschodniej w warunkach zagro\u017cenia? Czy po\u0142o\u017cone w tej cz\u0119\u015bci naszego kontynentu pa\u0144stwa narodowe s\u0105 traktowane podmiotowo? Czy mog\u0105 zachowa\u0107 swoje dziedzictwo? Jak nale\u017cy prowadzi\u0107 tam polityk\u0119 gospodarcz\u0105 i poszukiwa\u0107 inwestycji? \u2013 te pytania zosta\u0142y poruszone w panelu dyskusyjnym \u201eEuropa Karpat\u201d podczas XXV Forum Ekonomicznego w Krynicy-Zdroju. [&hellip;]","og_url":"https:\/\/marekkuchcinski.pl\/cs\/podkarpacie\/w-krynicy-o-europie-karpat-i-ukrainie\/","og_site_name":"Marek Kuchci\u0144ski","article_published_time":"2016-01-08T10:10:04+00:00","article_modified_time":"2016-08-25T14:57:56+00:00","og_image":[{"width":1600,"height":971,"url":"https:\/\/marekkuchcinski.pl\/wp-content\/uploads\/2022\/09\/Marek.jpg","type":"image\/jpeg"}],"author":"admin","twitter_card":"summary_large_image","twitter_misc":{"Napsal(a)":"admin","Odhadovan\u00e1 doba \u010dten\u00ed":"10 minut"},"schema":{"@context":"https:\/\/schema.org","@graph":[{"@type":"Article","@id":"https:\/\/marekkuchcinski.pl\/en\/podkarpacie\/w-krynicy-o-europie-karpat-i-ukrainie\/#article","isPartOf":{"@id":"https:\/\/marekkuchcinski.pl\/en\/podkarpacie\/w-krynicy-o-europie-karpat-i-ukrainie\/"},"author":{"name":"admin","@id":"https:\/\/marekkuchcinski.pl\/#\/schema\/person\/6f62700996b4d950b6ea2d1183b6c6be"},"headline":"W Krynicy o Europie Karpat i Ukrainie","datePublished":"2016-01-08T10:10:04+00:00","dateModified":"2016-08-25T14:57:56+00:00","mainEntityOfPage":{"@id":"https:\/\/marekkuchcinski.pl\/en\/podkarpacie\/w-krynicy-o-europie-karpat-i-ukrainie\/"},"wordCount":2001,"commentCount":0,"publisher":{"@id":"https:\/\/marekkuchcinski.pl\/#organization"},"articleSection":["Podkarpacie"],"inLanguage":"cs","potentialAction":[{"@type":"CommentAction","name":"Comment","target":["https:\/\/marekkuchcinski.pl\/en\/podkarpacie\/w-krynicy-o-europie-karpat-i-ukrainie\/#respond"]}]},{"@type":"WebPage","@id":"https:\/\/marekkuchcinski.pl\/en\/podkarpacie\/w-krynicy-o-europie-karpat-i-ukrainie\/","url":"https:\/\/marekkuchcinski.pl\/en\/podkarpacie\/w-krynicy-o-europie-karpat-i-ukrainie\/","name":"W Krynicy o Europie Karpat i Ukrainie &#8211; Marek Kuchci\u0144ski","isPartOf":{"@id":"https:\/\/marekkuchcinski.pl\/#website"},"datePublished":"2016-01-08T10:10:04+00:00","dateModified":"2016-08-25T14:57:56+00:00","breadcrumb":{"@id":"https:\/\/marekkuchcinski.pl\/en\/podkarpacie\/w-krynicy-o-europie-karpat-i-ukrainie\/#breadcrumb"},"inLanguage":"cs","potentialAction":[{"@type":"ReadAction","target":["https:\/\/marekkuchcinski.pl\/en\/podkarpacie\/w-krynicy-o-europie-karpat-i-ukrainie\/"]}]},{"@type":"BreadcrumbList","@id":"https:\/\/marekkuchcinski.pl\/en\/podkarpacie\/w-krynicy-o-europie-karpat-i-ukrainie\/#breadcrumb","itemListElement":[{"@type":"ListItem","position":1,"name":"Strona g\u0142\u00f3wna","item":"https:\/\/marekkuchcinski.pl\/"},{"@type":"ListItem","position":2,"name":"W Krynicy o Europie Karpat i Ukrainie"}]},{"@type":"WebSite","@id":"https:\/\/marekkuchcinski.pl\/#website","url":"https:\/\/marekkuchcinski.pl\/","name":"Marek Kuchci\u0144ski","description":"Pose\u0142 na sejm RP &ndash; okr\u0119g nr 22","publisher":{"@id":"https:\/\/marekkuchcinski.pl\/#organization"},"potentialAction":[{"@type":"SearchAction","target":{"@type":"EntryPoint","urlTemplate":"https:\/\/marekkuchcinski.pl\/?s={search_term_string}"},"query-input":{"@type":"PropertyValueSpecification","valueRequired":true,"valueName":"search_term_string"}}],"inLanguage":"cs"},{"@type":"Organization","@id":"https:\/\/marekkuchcinski.pl\/#organization","name":"Marek Kuchci\u0144ski","url":"https:\/\/marekkuchcinski.pl\/","logo":{"@type":"ImageObject","inLanguage":"cs","@id":"https:\/\/marekkuchcinski.pl\/#\/schema\/logo\/image\/","url":"https:\/\/marekkuchcinski.pl\/wp-content\/uploads\/2022\/09\/Marek.jpg","contentUrl":"https:\/\/marekkuchcinski.pl\/wp-content\/uploads\/2022\/09\/Marek.jpg","width":1600,"height":971,"caption":"Marek Kuchci\u0144ski"},"image":{"@id":"https:\/\/marekkuchcinski.pl\/#\/schema\/logo\/image\/"}},{"@type":"Person","@id":"https:\/\/marekkuchcinski.pl\/#\/schema\/person\/6f62700996b4d950b6ea2d1183b6c6be","name":"admin","image":{"@type":"ImageObject","inLanguage":"cs","@id":"https:\/\/marekkuchcinski.pl\/#\/schema\/person\/image\/","url":"https:\/\/secure.gravatar.com\/avatar\/4bab693b9d55c3d6b52c0296a8765085?s=96&d=mm&r=g","contentUrl":"https:\/\/secure.gravatar.com\/avatar\/4bab693b9d55c3d6b52c0296a8765085?s=96&d=mm&r=g","caption":"admin"},"url":"https:\/\/marekkuchcinski.pl\/cs\/author\/marta-olejnik\/"}]}},"_links":{"self":[{"href":"https:\/\/marekkuchcinski.pl\/cs\/wp-json\/wp\/v2\/posts\/690","targetHints":{"allow":["GET"]}}],"collection":[{"href":"https:\/\/marekkuchcinski.pl\/cs\/wp-json\/wp\/v2\/posts"}],"about":[{"href":"https:\/\/marekkuchcinski.pl\/cs\/wp-json\/wp\/v2\/types\/post"}],"author":[{"embeddable":true,"href":"https:\/\/marekkuchcinski.pl\/cs\/wp-json\/wp\/v2\/users\/6"}],"replies":[{"embeddable":true,"href":"https:\/\/marekkuchcinski.pl\/cs\/wp-json\/wp\/v2\/comments?post=690"}],"version-history":[{"count":1,"href":"https:\/\/marekkuchcinski.pl\/cs\/wp-json\/wp\/v2\/posts\/690\/revisions"}],"predecessor-version":[{"id":3098,"href":"https:\/\/marekkuchcinski.pl\/cs\/wp-json\/wp\/v2\/posts\/690\/revisions\/3098"}],"wp:attachment":[{"href":"https:\/\/marekkuchcinski.pl\/cs\/wp-json\/wp\/v2\/media?parent=690"}],"wp:term":[{"taxonomy":"category","embeddable":true,"href":"https:\/\/marekkuchcinski.pl\/cs\/wp-json\/wp\/v2\/categories?post=690"},{"taxonomy":"post_tag","embeddable":true,"href":"https:\/\/marekkuchcinski.pl\/cs\/wp-json\/wp\/v2\/tags?post=690"}],"curies":[{"name":"wp","href":"https:\/\/api.w.org\/{rel}","templated":true}]}}