{"id":6812,"date":"2017-06-28T22:54:28","date_gmt":"2017-06-28T20:54:28","guid":{"rendered":"https:\/\/marekkuchcinski.pl\/?p=6812"},"modified":"2017-06-30T11:01:44","modified_gmt":"2017-06-30T09:01:44","slug":"6812","status":"publish","type":"post","link":"https:\/\/marekkuchcinski.pl\/cs\/wydarzenia\/6812\/","title":{"rendered":"25. zased\u00e1n\u00ed ministr\u016f \u017eivotn\u00edho prost\u0159ed\u00ed Visegr\u00e1dsk\u00e9 skupiny"},"content":{"rendered":"<p>B\u011bhem dvoudenn\u00edho setk\u00e1n\u00ed v Zakopan\u00e9m jednali minist\u0159i \u017eivotn\u00edho prost\u0159ed\u00ed skupiny V4 a Bulharska mimo jin\u00e9 o oblastech Natura 2000, kvalit\u011b ovzdu\u0161\u00ed, biologick\u00e9 rozmanitosti a v\u00fdzv\u00e1ch klimatick\u00e9 a energetick\u00e9 politiky. B\u011bhem 25. zased\u00e1n\u00ed na t\u00e9to \u00farovni vystoupil p\u0159edseda Sejmu Marek Kuchci\u0144ski, kter\u00fd p\u0159ipomn\u011bl cestu, kterou Visegr\u00e1dsk\u00e1 skupina pro\u0161la, aby se stala v\u00fdznamn\u00fdm partnerem v Evrop\u011b:<br \/>\n<em>Kdy\u017e jsme p\u0159ed n\u011bkolika lety za\u010dali aktivn\u011b pracovat na spolupr\u00e1ci v r\u00e1mci st\u0159edn\u00ed Evropy, a to nejen v r\u00e1mci Visegr\u00e1dsk\u00e9 skupiny, inspirovali n\u00e1s a vedli minist\u0159i \u017eivotn\u00edho prost\u0159ed\u00ed, tedy mimo jin\u00e9 Karpatsk\u00e1 \u00famluva. Z\u00e1klady spolupr\u00e1ce mezi na\u0161imi zem\u011bmi, komunitami a \u017eivotn\u00edm prost\u0159ed\u00edm zalo\u017een\u00e9 na udr\u017eiteln\u00e9m rozvoji se tak roz\u0161\u00ed\u0159ily do v\u0161ech oblast\u00ed na\u0161\u00ed \u010dinnosti. V posledn\u00edch letech\u00a0<span class=\"text_exposed_show\">Je z\u0159ejm\u00e9, \u017ee v\u00fdznam st\u0159edn\u00ed Evropy roste, pokud se pos\u00edl\u00ed spolupr\u00e1ce, a to i mezi zem\u011bmi Visegr\u00e1du. Nejlep\u0161\u00edm p\u0159\u00edkladem jsou takov\u00e9 glob\u00e1ln\u00ed v\u00fdzvy nebo \u00fakoly, jako je klimatick\u00e1 politika nebo Natura 2000 v Evrop\u011b. Jasn\u011b vid\u00edme, \u017ee spolupr\u00e1ce v oblasti \u017eivotn\u00edho prost\u0159ed\u00ed se net\u00fdk\u00e1 pouze ochrany p\u0159\u00edrody nebo ochrany ovzdu\u0161\u00ed \u010di klimatu. Pokud se v\u0161ak setk\u00e1me na parlamentn\u00ed \u00farovni s hlavami st\u00e1t\u016f, st\u0159edoevropsk\u00fdch parlament\u016f nebo jin\u00fdmi ministry, je jasn\u00e9, \u017ee z\u00e1sadn\u00ed je \u010dlov\u011bk a odkaz na \u010dlov\u011bka a podm\u00ednky, ve kter\u00fdch \u017eije.<\/span><\/em><\/p>\n<p><a href=\"https:\/\/marekkuchcinski.pl\/wp-content\/uploads\/2017\/06\/KU178441-001.jpg\"><img fetchpriority=\"high\" decoding=\"async\" class=\"alignnone size-full wp-image-6813\" src=\"https:\/\/marekkuchcinski.pl\/wp-content\/uploads\/2017\/06\/KU178441-001.jpg\" alt=\"KU178441-001\" width=\"800\" height=\"533\" srcset=\"https:\/\/marekkuchcinski.pl\/wp-content\/uploads\/2017\/06\/KU178441-001.jpg 800w, https:\/\/marekkuchcinski.pl\/wp-content\/uploads\/2017\/06\/KU178441-001-300x200.jpg 300w, https:\/\/marekkuchcinski.pl\/wp-content\/uploads\/2017\/06\/KU178441-001-768x512.jpg 768w\" sizes=\"(max-width: 800px) 100vw, 800px\" \/><\/a> <a href=\"https:\/\/marekkuchcinski.pl\/wp-content\/uploads\/2017\/06\/KU178580.jpg\"><img decoding=\"async\" class=\"alignnone size-full wp-image-6814\" src=\"https:\/\/marekkuchcinski.pl\/wp-content\/uploads\/2017\/06\/KU178580.jpg\" alt=\"KU178580\" width=\"800\" height=\"534\" srcset=\"https:\/\/marekkuchcinski.pl\/wp-content\/uploads\/2017\/06\/KU178580.jpg 800w, https:\/\/marekkuchcinski.pl\/wp-content\/uploads\/2017\/06\/KU178580-300x200.jpg 300w, https:\/\/marekkuchcinski.pl\/wp-content\/uploads\/2017\/06\/KU178580-768x513.jpg 768w\" sizes=\"(max-width: 800px) 100vw, 800px\" \/><\/a> <a href=\"https:\/\/marekkuchcinski.pl\/wp-content\/uploads\/2017\/06\/KU178388.jpg\"><img decoding=\"async\" class=\"alignnone size-full wp-image-6815\" src=\"https:\/\/marekkuchcinski.pl\/wp-content\/uploads\/2017\/06\/KU178388.jpg\" alt=\"KU178388\" width=\"800\" height=\"534\" srcset=\"https:\/\/marekkuchcinski.pl\/wp-content\/uploads\/2017\/06\/KU178388.jpg 800w, https:\/\/marekkuchcinski.pl\/wp-content\/uploads\/2017\/06\/KU178388-300x200.jpg 300w, https:\/\/marekkuchcinski.pl\/wp-content\/uploads\/2017\/06\/KU178388-768x513.jpg 768w\" sizes=\"(max-width: 800px) 100vw, 800px\" \/><\/a><a href=\"https:\/\/marekkuchcinski.pl\/wp-content\/uploads\/2017\/06\/KU178381.jpg\"><img loading=\"lazy\" decoding=\"async\" class=\"alignnone size-full wp-image-6816\" src=\"https:\/\/marekkuchcinski.pl\/wp-content\/uploads\/2017\/06\/KU178381.jpg\" alt=\"KU178381\" width=\"2736\" height=\"1824\" srcset=\"https:\/\/marekkuchcinski.pl\/wp-content\/uploads\/2017\/06\/KU178381.jpg 2048w, https:\/\/marekkuchcinski.pl\/wp-content\/uploads\/2017\/06\/KU178381-300x200.jpg 300w, https:\/\/marekkuchcinski.pl\/wp-content\/uploads\/2017\/06\/KU178381-768x512.jpg 768w, https:\/\/marekkuchcinski.pl\/wp-content\/uploads\/2017\/06\/KU178381-1024x683.jpg 1024w\" sizes=\"(max-width: 2736px) 100vw, 2736px\" \/><\/a> <a href=\"https:\/\/marekkuchcinski.pl\/wp-content\/uploads\/2017\/06\/KU178570.jpg\"><img loading=\"lazy\" decoding=\"async\" class=\"alignnone size-full wp-image-6817\" src=\"https:\/\/marekkuchcinski.pl\/wp-content\/uploads\/2017\/06\/KU178570.jpg\" alt=\"KU178570\" width=\"2736\" height=\"1824\" srcset=\"https:\/\/marekkuchcinski.pl\/wp-content\/uploads\/2017\/06\/KU178570.jpg 2048w, https:\/\/marekkuchcinski.pl\/wp-content\/uploads\/2017\/06\/KU178570-300x200.jpg 300w, https:\/\/marekkuchcinski.pl\/wp-content\/uploads\/2017\/06\/KU178570-768x512.jpg 768w, https:\/\/marekkuchcinski.pl\/wp-content\/uploads\/2017\/06\/KU178570-1024x683.jpg 1024w\" sizes=\"(max-width: 2736px) 100vw, 2736px\" \/><\/a>Zakopan\u00e9, 25. zased\u00e1n\u00ed ministr\u016f \u017eivotn\u00edho prost\u0159ed\u00ed\u00a0<a class=\"_58cn\" href=\"https:\/\/www.facebook.com\/hashtag\/v4?source=feed_text&amp;story_id=1932367736979446\" data-ft=\"{&quot;tn&quot;:&quot;*N&quot;,&quot;type&quot;:104}\"><span class=\"_5afx\"><span class=\"_58cl _5afz\">#<\/span><span class=\"_58cm\">V4<\/span><\/span><\/a>\u00a0a Bulharska.<br \/>\nKdy\u017e jsme p\u0159ed n\u011bkolika lety za\u010dali aktivn\u011b pracovat na spolupr\u00e1ci v r\u00e1mci st\u0159edn\u00ed Evropy, a to nejen v r\u00e1mci Visegr\u00e1dsk\u00e9 skupiny, inspirovali n\u00e1s a vedli minist\u0159i \u017eivotn\u00edho prost\u0159ed\u00ed, tedy mimo jin\u00e9 Karpatsk\u00e1 \u00famluva. Z\u00e1klady spolupr\u00e1ce mezi na\u0161imi zem\u011bmi, komunitami a \u017eivotn\u00edm prost\u0159ed\u00edm zalo\u017een\u00e9 na udr\u017eiteln\u00e9m rozvoji se tak roz\u0161\u00ed\u0159ily do v\u0161ech oblast\u00ed na\u0161\u00ed \u010dinnosti. V posledn\u00edch letech\u00a0<span class=\"text_exposed_show\">Je z\u0159ejm\u00e9, \u017ee v\u00fdznam st\u0159edn\u00ed Evropy roste, pokud se pos\u00edl\u00ed spolupr\u00e1ce, a to i mezi zem\u011bmi Visegr\u00e1du. Nejlep\u0161\u00edm p\u0159\u00edkladem jsou takov\u00e9 glob\u00e1ln\u00ed v\u00fdzvy nebo \u00fakoly, jako je klimatick\u00e1 politika nebo Natura 2000 v Evrop\u011b. Jasn\u011b vid\u00edme, \u017ee spolupr\u00e1ce v oblasti \u017eivotn\u00edho prost\u0159ed\u00ed se net\u00fdk\u00e1 pouze ochrany p\u0159\u00edrody nebo ochrany ovzdu\u0161\u00ed \u010di klimatu. Pokud se v\u0161ak setk\u00e1me na parlamentn\u00ed \u00farovni s hlavami st\u00e1t\u016f, st\u0159edoevropsk\u00fdch parlament\u016f nebo jin\u00fdmi ministry, je jasn\u00e9, \u017ee z\u00e1sadn\u00ed je \u010dlov\u011bk a odkaz na \u010dlov\u011bka a podm\u00ednky, ve kter\u00fdch \u017eije.<\/span><\/p>","protected":false},"excerpt":{"rendered":"<p>Podczas dwudniowych obrad w Zakopanem ministrowie \u015brodowiska grupy V4 i Bu\u0142garii rozmawiali m.in. o obszarach Natura 2000, jako\u015bci powietrza, r\u00f3\u017cnorodno\u015bci biologicznej i wyzwaniach w zakresie polityki klimatyczno-energetycznej. Podczas 25. spotkania na tym szczeblu g\u0142os zabra\u0142 marsza\u0142ek Sejmu Marek Kuchci\u0144ski, kt\u00f3ry przypomnia\u0142 drog\u0119, jak\u0105 przesz\u0142a Grupa Wyszehradzka, by sta\u0107 si\u0119 licz\u0105cym w Europie partnerem: Kilkana\u015bcie lat [&hellip;]<\/p>\n","protected":false},"author":6,"featured_media":6813,"comment_status":"open","ping_status":"open","sticky":false,"template":"","format":"standard","meta":{"ngg_post_thumbnail":0,"footnotes":""},"categories":[50,3],"tags":[],"class_list":["post-6812","post","type-post","status-publish","format-standard","has-post-thumbnail","hentry","category-wspolpraca-miedzynarodowa","category-wydarzenia"],"_links":{"self":[{"href":"https:\/\/marekkuchcinski.pl\/cs\/wp-json\/wp\/v2\/posts\/6812","targetHints":{"allow":["GET"]}}],"collection":[{"href":"https:\/\/marekkuchcinski.pl\/cs\/wp-json\/wp\/v2\/posts"}],"about":[{"href":"https:\/\/marekkuchcinski.pl\/cs\/wp-json\/wp\/v2\/types\/post"}],"author":[{"embeddable":true,"href":"https:\/\/marekkuchcinski.pl\/cs\/wp-json\/wp\/v2\/users\/6"}],"replies":[{"embeddable":true,"href":"https:\/\/marekkuchcinski.pl\/cs\/wp-json\/wp\/v2\/comments?post=6812"}],"version-history":[{"count":2,"href":"https:\/\/marekkuchcinski.pl\/cs\/wp-json\/wp\/v2\/posts\/6812\/revisions"}],"predecessor-version":[{"id":6819,"href":"https:\/\/marekkuchcinski.pl\/cs\/wp-json\/wp\/v2\/posts\/6812\/revisions\/6819"}],"wp:featuredmedia":[{"embeddable":true,"href":"https:\/\/marekkuchcinski.pl\/cs\/wp-json\/wp\/v2\/media\/6813"}],"wp:attachment":[{"href":"https:\/\/marekkuchcinski.pl\/cs\/wp-json\/wp\/v2\/media?parent=6812"}],"wp:term":[{"taxonomy":"category","embeddable":true,"href":"https:\/\/marekkuchcinski.pl\/cs\/wp-json\/wp\/v2\/categories?post=6812"},{"taxonomy":"post_tag","embeddable":true,"href":"https:\/\/marekkuchcinski.pl\/cs\/wp-json\/wp\/v2\/tags?post=6812"}],"curies":[{"name":"wp","href":"https:\/\/api.w.org\/{rel}","templated":true}]}}