{"id":6589,"date":"2017-05-29T10:34:00","date_gmt":"2017-05-29T08:34:00","guid":{"rendered":"https:\/\/marekkuchcinski.pl\/?p=6589"},"modified":"2017-05-29T10:34:00","modified_gmt":"2017-05-29T08:34:00","slug":"dobra-zmiana-podkarpaciu","status":"publish","type":"post","link":"https:\/\/marekkuchcinski.pl\/cs\/wydarzenia\/dobra-zmiana-podkarpaciu\/","title":{"rendered":"Dobr\u00e1 zm\u011bna v Podkarpatsk\u00e9 Rusi"},"content":{"rendered":"<p><strong>Na v\u00fdjezdn\u00edm zased\u00e1n\u00ed ve Strachocin\u011b p\u0159ijal poslaneck\u00fd klub Pr\u00e1vo a spravedlnost r\u00e1zn\u00e9 kroky k urychlen\u00ed rozvoje Podkarpatska.<\/strong><\/p>\n<p>Program strany p\u0159edpokl\u00e1d\u00e1 vyv\u00e1\u017een\u00fd a rovnom\u011brn\u00fd rozvoj Polska. Zahrnuje p\u0159edev\u0161\u00edm:<\/p>\n<p>- opat\u0159en\u00ed ke zv\u00fd\u0161en\u00ed komunika\u010dn\u00ed dostupnosti Podkarpatska prost\u0159ednictv\u00edm okam\u017eit\u00e9 realizace silni\u010dn\u00edch a \u017eelezni\u010dn\u00edch investic, mimo jin\u00e9 Via Carpatia, rozvoje komunika\u010dn\u00edho spojen\u00ed se Slovenskem nebo hrani\u010dn\u00edch p\u0159echod\u016f s Ukrajinou,<\/p>\n<p>- rekonstrukce a rozvoj ropn\u00e9ho a plyn\u00e1rensk\u00e9ho pr\u016fmyslu a rafineri\u00ed,<\/p>\n<p>- rozvoj zem\u011bd\u011blstv\u00ed, zejm\u00e9na v horsk\u00fdch oblastech, a zlep\u0161en\u00ed rodinn\u00fdch farem,<\/p>\n<p>- rychl\u00e1 realizace investic v oblasti vodn\u00edho hospod\u00e1\u0159stv\u00ed a protipovod\u0148ov\u00e9 ochrany v\u00fdstavbou vodn\u00ed n\u00e1dr\u017ee K\u0105ty Myscowa,<\/p>\n<p>- spu\u0161t\u011bn\u00ed sportovn\u00ed a turistick\u00e9 infrastruktury, zejm\u00e9na v Bieszczadech, a rozvoj kulturn\u00edch aktivit a ochrana na\u0161eho n\u00e1rodn\u00edho d\u011bdictv\u00ed,<\/p>\n<p>- zintenzivnit pr\u00e1ci na rozvoji Karpat a mezin\u00e1rodn\u00ed spolupr\u00e1ci s c\u00edlem vytvo\u0159it z regionu siln\u00e9 turistick\u00e9 a kulturn\u00ed centrum Evropy.<\/p>\n<p>Strachocina, kde se narodil svat\u00fd Ond\u0159ej Bobola, patron Polska, nav\u0161t\u00edvili mimo jin\u00e9 p\u0159edseda Sejmu Marek Kuchci\u0144ski, p\u0159edseda strany Pr\u00e1vo a spravedlnost (PiS) a m\u00edstop\u0159edseda Sejmu Ryszard Terlecki, m\u00edstop\u0159edseda Sejmu Joachim Brudzi\u0144ski a p\u0159edseda strany PiS Jaros\u0142aw Kaczy\u0144ski.<\/p>\n<p>- Politici PiS se ve Strachocinu sch\u00e1zej\u00ed od roku 2005. Svat\u00fd Andrzej Bobola je patron, kter\u00fd se velmi dob\u0159e star\u00e1 o polsk\u00e9 z\u00e1le\u017eitosti - proto na n\u011bj vzpom\u00edn\u00e1me. A je dob\u0159e, \u017ee v Polsku jsou lid\u00e9, kte\u0159\u00ed usiluj\u00ed o to, aby se stal jedn\u00edm z nejv\u00fdznamn\u011bj\u0161\u00edch polsk\u00fdch sv\u011btc\u016f - \u0159ekl p\u0159edseda Sejmu.<\/p>\n<p>Poslanci se tak\u00e9 z\u00fa\u010dastnili m\u0161e za jednotu vlasti.<\/p>\n<p><a href=\"https:\/\/marekkuchcinski.pl\/wp-content\/uploads\/2017\/05\/DSC_0033.jpg\"><img fetchpriority=\"high\" decoding=\"async\" class=\"alignnone size-full wp-image-6590\" src=\"https:\/\/marekkuchcinski.pl\/wp-content\/uploads\/2017\/05\/DSC_0033.jpg\" alt=\"DSC_0033\" width=\"3008\" height=\"2000\" srcset=\"https:\/\/marekkuchcinski.pl\/wp-content\/uploads\/2017\/05\/DSC_0033.jpg 2048w, https:\/\/marekkuchcinski.pl\/wp-content\/uploads\/2017\/05\/DSC_0033-300x199.jpg 300w, https:\/\/marekkuchcinski.pl\/wp-content\/uploads\/2017\/05\/DSC_0033-768x511.jpg 768w, https:\/\/marekkuchcinski.pl\/wp-content\/uploads\/2017\/05\/DSC_0033-1024x681.jpg 1024w\" sizes=\"(max-width: 3008px) 100vw, 3008px\" \/><\/a> <a href=\"https:\/\/marekkuchcinski.pl\/wp-content\/uploads\/2017\/05\/DSC_0037.jpg\"><img decoding=\"async\" class=\"alignnone size-full wp-image-6591\" src=\"https:\/\/marekkuchcinski.pl\/wp-content\/uploads\/2017\/05\/DSC_0037.jpg\" alt=\"DSC_0037\" width=\"3008\" height=\"2000\" srcset=\"https:\/\/marekkuchcinski.pl\/wp-content\/uploads\/2017\/05\/DSC_0037.jpg 2048w, https:\/\/marekkuchcinski.pl\/wp-content\/uploads\/2017\/05\/DSC_0037-300x199.jpg 300w, https:\/\/marekkuchcinski.pl\/wp-content\/uploads\/2017\/05\/DSC_0037-768x511.jpg 768w, https:\/\/marekkuchcinski.pl\/wp-content\/uploads\/2017\/05\/DSC_0037-1024x681.jpg 1024w\" sizes=\"(max-width: 3008px) 100vw, 3008px\" \/><\/a> <a href=\"https:\/\/marekkuchcinski.pl\/wp-content\/uploads\/2017\/05\/DSC_0040.jpg\"><img decoding=\"async\" class=\"alignnone size-full wp-image-6592\" src=\"https:\/\/marekkuchcinski.pl\/wp-content\/uploads\/2017\/05\/DSC_0040.jpg\" alt=\"DSC_0040\" width=\"3008\" height=\"2000\" srcset=\"https:\/\/marekkuchcinski.pl\/wp-content\/uploads\/2017\/05\/DSC_0040.jpg 2048w, https:\/\/marekkuchcinski.pl\/wp-content\/uploads\/2017\/05\/DSC_0040-300x199.jpg 300w, https:\/\/marekkuchcinski.pl\/wp-content\/uploads\/2017\/05\/DSC_0040-768x511.jpg 768w, https:\/\/marekkuchcinski.pl\/wp-content\/uploads\/2017\/05\/DSC_0040-1024x681.jpg 1024w\" sizes=\"(max-width: 3008px) 100vw, 3008px\" \/><\/a> <a href=\"https:\/\/marekkuchcinski.pl\/wp-content\/uploads\/2017\/05\/DSC_0045.jpg\"><img loading=\"lazy\" decoding=\"async\" class=\"alignnone size-full wp-image-6594\" src=\"https:\/\/marekkuchcinski.pl\/wp-content\/uploads\/2017\/05\/DSC_0045.jpg\" alt=\"DSC_0045\" width=\"3008\" height=\"2000\" srcset=\"https:\/\/marekkuchcinski.pl\/wp-content\/uploads\/2017\/05\/DSC_0045.jpg 2048w, https:\/\/marekkuchcinski.pl\/wp-content\/uploads\/2017\/05\/DSC_0045-300x199.jpg 300w, https:\/\/marekkuchcinski.pl\/wp-content\/uploads\/2017\/05\/DSC_0045-768x511.jpg 768w, https:\/\/marekkuchcinski.pl\/wp-content\/uploads\/2017\/05\/DSC_0045-1024x681.jpg 1024w\" sizes=\"(max-width: 3008px) 100vw, 3008px\" \/><\/a> <a href=\"https:\/\/marekkuchcinski.pl\/wp-content\/uploads\/2017\/05\/DSC_0048.jpg\"><img loading=\"lazy\" decoding=\"async\" class=\"alignnone size-full wp-image-6596\" src=\"https:\/\/marekkuchcinski.pl\/wp-content\/uploads\/2017\/05\/DSC_0048.jpg\" alt=\"DSC_0048\" width=\"3008\" height=\"2000\" srcset=\"https:\/\/marekkuchcinski.pl\/wp-content\/uploads\/2017\/05\/DSC_0048.jpg 2048w, https:\/\/marekkuchcinski.pl\/wp-content\/uploads\/2017\/05\/DSC_0048-300x199.jpg 300w, https:\/\/marekkuchcinski.pl\/wp-content\/uploads\/2017\/05\/DSC_0048-768x511.jpg 768w, https:\/\/marekkuchcinski.pl\/wp-content\/uploads\/2017\/05\/DSC_0048-1024x681.jpg 1024w\" sizes=\"(max-width: 3008px) 100vw, 3008px\" \/><\/a><\/p>","protected":false},"excerpt":{"rendered":"<p>Podczas wyjazdowego spotkania w Strachocinie Klub Parlamentarny Prawo i Sprawiedliwo\u015b\u0107 podj\u0105\u0142 stanowcze kroki maj\u0105ce przyspieszy\u0107 rozw\u00f3j Podkarpacia. Program partii zak\u0142ada zr\u00f3wnowa\u017cony i r\u00f3wnomierny rozw\u00f3j Polski. Wpisuj\u0105 si\u0119 w niego przede wszystkim: \u2013 dzia\u0142ania na rzecz zwi\u0119kszenia dost\u0119pno\u015bci komunikacyjnej Podkarpacia poprzez niezw\u0142oczn\u0105 realizacj\u0119 inwestycji drogowych i kolejowych, m.in. Via Carpatia, rozw\u00f3j po\u0142\u0105cze\u0144 komunikacyjnych ze S\u0142owacj\u0105 czy [&hellip;]<\/p>\n","protected":false},"author":6,"featured_media":6602,"comment_status":"open","ping_status":"open","sticky":false,"template":"","format":"standard","meta":{"ngg_post_thumbnail":0,"footnotes":""},"categories":[49,3],"tags":[],"class_list":["post-6589","post","type-post","status-publish","format-standard","has-post-thumbnail","hentry","category-podkarpacie","category-wydarzenia"],"_links":{"self":[{"href":"https:\/\/marekkuchcinski.pl\/cs\/wp-json\/wp\/v2\/posts\/6589","targetHints":{"allow":["GET"]}}],"collection":[{"href":"https:\/\/marekkuchcinski.pl\/cs\/wp-json\/wp\/v2\/posts"}],"about":[{"href":"https:\/\/marekkuchcinski.pl\/cs\/wp-json\/wp\/v2\/types\/post"}],"author":[{"embeddable":true,"href":"https:\/\/marekkuchcinski.pl\/cs\/wp-json\/wp\/v2\/users\/6"}],"replies":[{"embeddable":true,"href":"https:\/\/marekkuchcinski.pl\/cs\/wp-json\/wp\/v2\/comments?post=6589"}],"version-history":[{"count":1,"href":"https:\/\/marekkuchcinski.pl\/cs\/wp-json\/wp\/v2\/posts\/6589\/revisions"}],"predecessor-version":[{"id":6603,"href":"https:\/\/marekkuchcinski.pl\/cs\/wp-json\/wp\/v2\/posts\/6589\/revisions\/6603"}],"wp:featuredmedia":[{"embeddable":true,"href":"https:\/\/marekkuchcinski.pl\/cs\/wp-json\/wp\/v2\/media\/6602"}],"wp:attachment":[{"href":"https:\/\/marekkuchcinski.pl\/cs\/wp-json\/wp\/v2\/media?parent=6589"}],"wp:term":[{"taxonomy":"category","embeddable":true,"href":"https:\/\/marekkuchcinski.pl\/cs\/wp-json\/wp\/v2\/categories?post=6589"},{"taxonomy":"post_tag","embeddable":true,"href":"https:\/\/marekkuchcinski.pl\/cs\/wp-json\/wp\/v2\/tags?post=6589"}],"curies":[{"name":"wp","href":"https:\/\/api.w.org\/{rel}","templated":true}]}}