{"id":6483,"date":"2017-05-22T15:45:47","date_gmt":"2017-05-22T13:45:47","guid":{"rendered":"https:\/\/marekkuchcinski.pl\/?p=6483"},"modified":"2017-05-22T15:52:39","modified_gmt":"2017-05-22T13:52:39","slug":"kongres-polska-wielki-projekt","status":"publish","type":"post","link":"https:\/\/marekkuchcinski.pl\/cs\/wydarzenia\/kongres-polska-wielki-projekt\/","title":{"rendered":"Kongres Polsko - Velk\u00fd projekt"},"content":{"rendered":"<p><strong>B\u011bhem leto\u0161n\u00edho ro\u010dn\u00edku kongresu projektu \"Polsko velk\u00e9\" zah\u00e1jil p\u0159edseda Sejmu Marek Kuchci\u0144ski vernis\u00e1\u017e prac\u00ed Andrzeje Krauzeho a p\u0159edal mu medaili \"Odvaha a d\u016fv\u011bryhodnost\".<\/strong><\/p>\n<p>V sobotu p\u0159evzali cenu Lecha Kaczy\u0144sk\u00e9ho karikaturista Andrzej Krauze a jeho bratr, re\u017eis\u00e9r Antoni. Na ve\u010dern\u00ed vernis\u00e1\u017ei v galerii Kordegarda Marek Kuchci\u0144ski zd\u016fraznil, \u017ee sta\u010d\u00ed nahl\u00e9dnout do t\u00fdden\u00edku, abychom zjistili, jak jemn\u011b Andrzej Krauze komentuje na\u0161i realitu.<\/p>\n<p><a href=\"https:\/\/marekkuchcinski.pl\/wp-content\/uploads\/2017\/05\/DARw5WnXYAE2dkG.jpg\"><img fetchpriority=\"high\" decoding=\"async\" class=\"alignnone wp-image-6490\" src=\"https:\/\/marekkuchcinski.pl\/wp-content\/uploads\/2017\/05\/DARw5WnXYAE2dkG.jpg\" alt=\"DARw5WnXYAE2dkG\" width=\"712\" height=\"565\" srcset=\"https:\/\/marekkuchcinski.pl\/wp-content\/uploads\/2017\/05\/DARw5WnXYAE2dkG.jpg 558w, https:\/\/marekkuchcinski.pl\/wp-content\/uploads\/2017\/05\/DARw5WnXYAE2dkG-300x238.jpg 300w\" sizes=\"(max-width: 712px) 100vw, 712px\" \/><\/a><\/p>\n<p>- Pan Andrew n\u00e1s vlastn\u011b v\u0161echny kresl\u00ed, proto\u017ee jeho pozn\u00e1mky se t\u00fdkaj\u00ed ka\u017ed\u00e9ho z n\u00e1s. Ukazuje na\u0161i velikost i malost, ukazuje na\u0161i p\u00fdchu i posm\u011bch, ale v\u017edy je to pravda.<\/p>\n<p>P\u0159edseda Sejmu tak\u00e9 upozornil na m\u00edsto kon\u00e1n\u00ed v\u00fdstavy. - Jsme na Krakovsk\u00e9m p\u0159edm\u011bst\u00ed, mezi katedr\u00e1lou, n\u00e1m\u011bst\u00edm Zamkowy, hradem, d\u011bkanskou akademi\u00ed a univerzitou, tedy na m\u00edst\u011b, kde se nesm\u00edrn\u011b zvl\u00e1\u0161tn\u00edm a d\u016fle\u017eit\u00fdm zp\u016fsobem snoub\u00ed r\u016fzn\u00e9 atributy a symboly polsk\u00e9ho v\u00fdtvarn\u00e9ho um\u011bn\u00ed, na\u0161\u00ed kr\u00e1sn\u00e9 kultury,\" poznamenal.<\/p>\n<p><a href=\"https:\/\/marekkuchcinski.pl\/wp-content\/uploads\/2017\/05\/18557275_1912710908945129_7653784846136522944_n.jpg\"><img decoding=\"async\" class=\"alignnone size-full wp-image-6485\" src=\"https:\/\/marekkuchcinski.pl\/wp-content\/uploads\/2017\/05\/18557275_1912710908945129_7653784846136522944_n.jpg\" alt=\"18557275_1912710908945129_7653784846136522944_n\" width=\"960\" height=\"639\" srcset=\"https:\/\/marekkuchcinski.pl\/wp-content\/uploads\/2017\/05\/18557275_1912710908945129_7653784846136522944_n.jpg 960w, https:\/\/marekkuchcinski.pl\/wp-content\/uploads\/2017\/05\/18557275_1912710908945129_7653784846136522944_n-300x200.jpg 300w, https:\/\/marekkuchcinski.pl\/wp-content\/uploads\/2017\/05\/18557275_1912710908945129_7653784846136522944_n-768x511.jpg 768w\" sizes=\"(max-width: 960px) 100vw, 960px\" \/><\/a> <a href=\"https:\/\/marekkuchcinski.pl\/wp-content\/uploads\/2017\/05\/18557288_1912710912278462_6158436971168451333_n-1.jpg\"><img decoding=\"async\" class=\"alignnone size-full wp-image-6486\" src=\"https:\/\/marekkuchcinski.pl\/wp-content\/uploads\/2017\/05\/18557288_1912710912278462_6158436971168451333_n-1.jpg\" alt=\"18557288_1912710912278462_6158436971168451333_n\" width=\"960\" height=\"639\" srcset=\"https:\/\/marekkuchcinski.pl\/wp-content\/uploads\/2017\/05\/18557288_1912710912278462_6158436971168451333_n-1.jpg 960w, https:\/\/marekkuchcinski.pl\/wp-content\/uploads\/2017\/05\/18557288_1912710912278462_6158436971168451333_n-1-300x200.jpg 300w, https:\/\/marekkuchcinski.pl\/wp-content\/uploads\/2017\/05\/18557288_1912710912278462_6158436971168451333_n-1-768x511.jpg 768w\" sizes=\"(max-width: 960px) 100vw, 960px\" \/><\/a> <a href=\"https:\/\/marekkuchcinski.pl\/wp-content\/uploads\/2017\/05\/18582395_1912710915611795_4776337381995764317_n.jpg\"><img loading=\"lazy\" decoding=\"async\" class=\"alignnone size-full wp-image-6487\" src=\"https:\/\/marekkuchcinski.pl\/wp-content\/uploads\/2017\/05\/18582395_1912710915611795_4776337381995764317_n.jpg\" alt=\"18582395_1912710915611795_4776337381995764317_n\" width=\"639\" height=\"960\" srcset=\"https:\/\/marekkuchcinski.pl\/wp-content\/uploads\/2017\/05\/18582395_1912710915611795_4776337381995764317_n.jpg 639w, https:\/\/marekkuchcinski.pl\/wp-content\/uploads\/2017\/05\/18582395_1912710915611795_4776337381995764317_n-200x300.jpg 200w\" sizes=\"(max-width: 639px) 100vw, 639px\" \/><\/a> <a href=\"https:\/\/marekkuchcinski.pl\/wp-content\/uploads\/2017\/05\/18557020_1912710918945128_6241477588930681819_n-Kopia.jpg\"><img loading=\"lazy\" decoding=\"async\" class=\"alignnone size-full wp-image-6488\" src=\"https:\/\/marekkuchcinski.pl\/wp-content\/uploads\/2017\/05\/18557020_1912710918945128_6241477588930681819_n-Kopia.jpg\" alt=\"18557020_1912710918945128_6241477588930681819_n - Kopia\" width=\"960\" height=\"639\" srcset=\"https:\/\/marekkuchcinski.pl\/wp-content\/uploads\/2017\/05\/18557020_1912710918945128_6241477588930681819_n-Kopia.jpg 960w, https:\/\/marekkuchcinski.pl\/wp-content\/uploads\/2017\/05\/18557020_1912710918945128_6241477588930681819_n-Kopia-300x200.jpg 300w, https:\/\/marekkuchcinski.pl\/wp-content\/uploads\/2017\/05\/18557020_1912710918945128_6241477588930681819_n-Kopia-768x511.jpg 768w\" sizes=\"(max-width: 960px) 100vw, 960px\" \/><\/a><\/p>\n<p>Opozi\u010dn\u00ed aktivistka Irena Lasota v ned\u011bli nechala sv\u00e9ho bratra p\u0159evz\u00edt z rukou p\u0159edsedy Sejmu medaili Za odvahu a d\u016fv\u011bryhodnost.<\/p>\n<p><a href=\"https:\/\/marekkuchcinski.pl\/wp-content\/uploads\/2017\/05\/RZ__1846.jpg\"><img loading=\"lazy\" decoding=\"async\" class=\"alignnone size-full wp-image-6496\" src=\"https:\/\/marekkuchcinski.pl\/wp-content\/uploads\/2017\/05\/RZ__1846.jpg\" alt=\"RZ__1846\" width=\"2835\" height=\"1890\" srcset=\"https:\/\/marekkuchcinski.pl\/wp-content\/uploads\/2017\/05\/RZ__1846.jpg 2048w, https:\/\/marekkuchcinski.pl\/wp-content\/uploads\/2017\/05\/RZ__1846-300x200.jpg 300w, https:\/\/marekkuchcinski.pl\/wp-content\/uploads\/2017\/05\/RZ__1846-768x512.jpg 768w, https:\/\/marekkuchcinski.pl\/wp-content\/uploads\/2017\/05\/RZ__1846-1024x683.jpg 1024w\" sizes=\"(max-width: 2835px) 100vw, 2835px\" \/><\/a><\/p>\n<p>- Irena je charismatickou osobnost\u00ed, kterou najdete v\u0161ude tam, kde je d\u016fle\u017eit\u00e1 svoboda a demokracie. Cht\u011bl bych za to Iren\u011b pod\u011bkovat, stejn\u011b jako porot\u011b, \u017ee ocenila takov\u00e9ho \u010dlov\u011bka, kter\u00fd zvy\u0161uje pov\u011bdom\u00ed na r\u016fzn\u00fdch m\u00edstech, nejen ve st\u0159edn\u00ed Evrop\u011b, proto\u017ee mluv\u00edme tak\u00e9 o Kub\u011b a asijsk\u00fdch zem\u00edch nebo o n\u00e1rodech bojuj\u00edc\u00edch za svobodu v Asii. Probouz\u00ed n\u00e1rodn\u00ed pov\u011bdom\u00ed a ukazuje, \u017ee podpora, pomoc a solidarita jsou nejlep\u0161\u00edmi zp\u016fsoby, jak b\u00fdt svobodn\u00fdm \u010dlov\u011bkem,\" \u0159ekl p\u0159edseda Sejmu.<\/p>\n<p><a href=\"https:\/\/marekkuchcinski.pl\/wp-content\/uploads\/2017\/05\/RZ__1735.jpg\"><img loading=\"lazy\" decoding=\"async\" class=\"alignnone size-full wp-image-6495\" src=\"https:\/\/marekkuchcinski.pl\/wp-content\/uploads\/2017\/05\/RZ__1735.jpg\" alt=\"RZ__1735\" width=\"3360\" height=\"2240\" srcset=\"https:\/\/marekkuchcinski.pl\/wp-content\/uploads\/2017\/05\/RZ__1735.jpg 2048w, https:\/\/marekkuchcinski.pl\/wp-content\/uploads\/2017\/05\/RZ__1735-300x200.jpg 300w, https:\/\/marekkuchcinski.pl\/wp-content\/uploads\/2017\/05\/RZ__1735-768x512.jpg 768w, https:\/\/marekkuchcinski.pl\/wp-content\/uploads\/2017\/05\/RZ__1735-1024x683.jpg 1024w\" sizes=\"(max-width: 3360px) 100vw, 3360px\" \/><\/a><a href=\"https:\/\/marekkuchcinski.pl\/wp-content\/uploads\/2017\/05\/RZ__1672.jpg\"><img loading=\"lazy\" decoding=\"async\" class=\"alignnone size-full wp-image-6494\" src=\"https:\/\/marekkuchcinski.pl\/wp-content\/uploads\/2017\/05\/RZ__1672.jpg\" alt=\"RZ__1672\" width=\"2835\" height=\"1890\" srcset=\"https:\/\/marekkuchcinski.pl\/wp-content\/uploads\/2017\/05\/RZ__1672.jpg 2048w, https:\/\/marekkuchcinski.pl\/wp-content\/uploads\/2017\/05\/RZ__1672-300x200.jpg 300w, https:\/\/marekkuchcinski.pl\/wp-content\/uploads\/2017\/05\/RZ__1672-768x512.jpg 768w, https:\/\/marekkuchcinski.pl\/wp-content\/uploads\/2017\/05\/RZ__1672-1024x683.jpg 1024w\" sizes=\"(max-width: 2835px) 100vw, 2835px\" \/><\/a><a href=\"https:\/\/marekkuchcinski.pl\/wp-content\/uploads\/2017\/05\/RZ__1636.jpg\"><img loading=\"lazy\" decoding=\"async\" class=\"alignnone size-full wp-image-6492\" src=\"https:\/\/marekkuchcinski.pl\/wp-content\/uploads\/2017\/05\/RZ__1636.jpg\" alt=\"RZ__1636\" width=\"2835\" height=\"1890\" srcset=\"https:\/\/marekkuchcinski.pl\/wp-content\/uploads\/2017\/05\/RZ__1636.jpg 2048w, https:\/\/marekkuchcinski.pl\/wp-content\/uploads\/2017\/05\/RZ__1636-300x200.jpg 300w, https:\/\/marekkuchcinski.pl\/wp-content\/uploads\/2017\/05\/RZ__1636-768x512.jpg 768w, https:\/\/marekkuchcinski.pl\/wp-content\/uploads\/2017\/05\/RZ__1636-1024x683.jpg 1024w\" sizes=\"(max-width: 2835px) 100vw, 2835px\" \/><\/a><\/p>","protected":false},"excerpt":{"rendered":"<p>Podczas tegorocznej edycji kongresu Polska Wielki Projekt marsza\u0142ek Sejmu Marek Kuchci\u0144ski otworzy\u0142 wernisa\u017c prac Andrzeja Krauzego oraz wr\u0119czy\u0142 medal \u201eOdwaga i Wiarygodno\u015b\u0107\u201d. W sobot\u0119 Andrzej Krauze, rysownik, razem ze swoim bratem re\u017cyserem Antonim odebrali Nagrod\u0119 im. Lecha Kaczy\u0144skiego. Podczas wieczornego wernisa\u017cu w galerii Kordegarda Marek Kuchci\u0144ski podkre\u015bla\u0142, \u017ce wystarczy si\u0119gn\u0105\u0107 do kt\u00f3rego\u015b z tygodnik\u00f3w, by [&hellip;]<\/p>\n","protected":false},"author":6,"featured_media":6484,"comment_status":"open","ping_status":"open","sticky":false,"template":"","format":"standard","meta":{"ngg_post_thumbnail":0,"footnotes":""},"categories":[49,3],"tags":[],"class_list":["post-6483","post","type-post","status-publish","format-standard","has-post-thumbnail","hentry","category-podkarpacie","category-wydarzenia"],"_links":{"self":[{"href":"https:\/\/marekkuchcinski.pl\/cs\/wp-json\/wp\/v2\/posts\/6483","targetHints":{"allow":["GET"]}}],"collection":[{"href":"https:\/\/marekkuchcinski.pl\/cs\/wp-json\/wp\/v2\/posts"}],"about":[{"href":"https:\/\/marekkuchcinski.pl\/cs\/wp-json\/wp\/v2\/types\/post"}],"author":[{"embeddable":true,"href":"https:\/\/marekkuchcinski.pl\/cs\/wp-json\/wp\/v2\/users\/6"}],"replies":[{"embeddable":true,"href":"https:\/\/marekkuchcinski.pl\/cs\/wp-json\/wp\/v2\/comments?post=6483"}],"version-history":[{"count":5,"href":"https:\/\/marekkuchcinski.pl\/cs\/wp-json\/wp\/v2\/posts\/6483\/revisions"}],"predecessor-version":[{"id":6501,"href":"https:\/\/marekkuchcinski.pl\/cs\/wp-json\/wp\/v2\/posts\/6483\/revisions\/6501"}],"wp:featuredmedia":[{"embeddable":true,"href":"https:\/\/marekkuchcinski.pl\/cs\/wp-json\/wp\/v2\/media\/6484"}],"wp:attachment":[{"href":"https:\/\/marekkuchcinski.pl\/cs\/wp-json\/wp\/v2\/media?parent=6483"}],"wp:term":[{"taxonomy":"category","embeddable":true,"href":"https:\/\/marekkuchcinski.pl\/cs\/wp-json\/wp\/v2\/categories?post=6483"},{"taxonomy":"post_tag","embeddable":true,"href":"https:\/\/marekkuchcinski.pl\/cs\/wp-json\/wp\/v2\/tags?post=6483"}],"curies":[{"name":"wp","href":"https:\/\/api.w.org\/{rel}","templated":true}]}}