{"id":6383,"date":"2017-05-14T00:30:35","date_gmt":"2017-05-13T22:30:35","guid":{"rendered":"https:\/\/marekkuchcinski.pl\/?p=6383"},"modified":"2017-05-15T12:11:54","modified_gmt":"2017-05-15T10:11:54","slug":"150-temu-urodzil-sie-kardynal-sapieha","status":"publish","type":"post","link":"https:\/\/marekkuchcinski.pl\/cs\/wydarzenia\/150-temu-urodzil-sie-kardynal-sapieha\/","title":{"rendered":"P\u0159edseda Sejmu: Nezlomn\u00fd kn\u00ed\u017ee by m\u011bl b\u00fdt p\u0159\u00edtomen v srdc\u00edch v\u0161ech Pol\u00e1k\u016f."},"content":{"rendered":"<p>N\u00e1zev v\u00fdstavy \"Vr\u00e1tit pam\u011b\u0165. 150. v\u00fdro\u010d\u00ed narozen\u00ed kardin\u00e1la Adama Stefana Sapiehy 1867-1951\" odkazuje na slova svat\u00e9ho Jana Pavla II. o povinnosti p\u0159ipom\u00ednat si vynikaj\u00edc\u00edho kn\u00ed\u017eete c\u00edrkve a z\u00e1rove\u0148 nese v\u00fdzvu, aby byl Nezlomn\u00fd kn\u00ed\u017ee p\u0159\u00edtomen v srdc\u00edch v\u0161ech Pol\u00e1k\u016f,\" \u0159ekl p\u0159edseda Sejmu Marek Kuchci\u0144ski b\u011bhem zah\u00e1jen\u00ed oslav 150. v\u00fdro\u010d\u00ed narozen\u00ed kardin\u00e1la Sapiehy.<\/p>\n<p>A pr\u00e1v\u011b d\u00edky p\u00e9\u010di o pam\u00e1tku Sapiehy, mimo\u0159\u00e1dn\u00e9 p\u00e9\u010di a nasazen\u00ed \u0161lechtic\u016f bylo mo\u017en\u00e9 tuto v\u00fdstavu uspo\u0159\u00e1dat. Nab\u00eddli muzeu rodinn\u00e9 pam\u00e1tky a um\u011bleck\u00e1 d\u00edla, tj. portr\u00e9ty kardin\u00e1lov\u00fdch p\u0159edk\u016f, akvarely, grafiky, pam\u011btn\u00ed fotografie a dokumenty. Pro tuto komunitu byl kardin\u00e1l Sapieha nejd\u016fle\u017eit\u011bj\u0161\u00ed osobnost\u00ed meziv\u00e1le\u010dn\u00e9ho a pov\u00e1le\u010dn\u00e9ho Polska. Tak\u00e9 b\u011bhem druh\u00e9 sv\u011btov\u00e9 v\u00e1lky je kolem sebe sjednotil a v krakovsk\u00e9m biskupsk\u00e9m pal\u00e1ci zachr\u00e1nil mnoho neoceniteln\u00fdch um\u011bleck\u00fdch d\u011bl spojen\u00fdch s polsk\u00fdmi d\u011bjinami. P\u0159edseda Sejmu zd\u016fraznil, \u017ee Sapieha sv\u00fdm postojem d\u00e1v\u00e1 p\u0159\u00edklad vlasteneck\u00e9ho chov\u00e1n\u00ed. - Ve 20. stolet\u00ed bylo jen m\u00e1lo Pol\u00e1k\u016f, kte\u0159\u00ed byli v t\u011b\u017ek\u00fdch dob\u00e1ch \"nezlomn\u00fdmi lidmi\" a z\u00e1rove\u0148 byli str\u00e1\u017eci tradice Nejv\u011bt\u0161\u00ed polsk\u00e9 republiky,\" \u0159ekl. - Mezi n\u011b m\u016f\u017eeme po\u010d\u00edtat i p\u0159\u00edslu\u0161n\u00edky rodu Sapieh\u016f, jednoho z nejv\u00fdznamn\u011bj\u0161\u00edch rod\u016f republiky, kter\u00fd ve sv\u00e9 historii spojoval Velkokn\u00ed\u017eectv\u00ed litevsk\u00e9 a Korunu polsk\u00e9ho kr\u00e1lovstv\u00ed.<\/p>\n<p>Mar\u0161\u00e1l tak\u00e9 hovo\u0159il o tom, jak n\u00e1s kardin\u00e1l provedl t\u011bmito t\u011b\u017ek\u00fdmi \u010dasy. Svou nezlomnost \u010derpal tak\u00e9 z velk\u00e9 tradice polsk\u00e9ho st\u00e1tu a vlastn\u00ed rodiny. Byl vychov\u00e1n ve vlasteneck\u00e9m duchu a dok\u00e1zal spojit romantismus s pozitivismem. Vedla ho velikost jeho c\u00edl\u016f, kter\u00e9 m\u011bly sv\u00e9 opodstatn\u011bn\u00ed v polsk\u00e9 kultu\u0159e, ale tak\u00e9 p\u0159esv\u011bd\u010den\u00ed, \u017ee je t\u0159eba realisticky pohl\u00ed\u017eet na vlastn\u00ed mo\u017enosti, aby n\u00e1rod nebyl vystaven zbyte\u010dn\u00e9mu utrpen\u00ed. Z tohoto poselstv\u00ed vyvodil, \u017ee je t\u0159eba pom\u00e1hat nejchud\u0161\u00edm a nejv\u00edce znev\u00fdhodn\u011bn\u00fdm.<\/p>\n<p>Kn\u00ed\u017ee kardin\u00e1l je tak\u00e9 nejv\u011bt\u0161\u00edm hrdinou zem\u011b P\u0159emyslovc\u016f. D\u00edky jeho pr\u00e1ci dnes v N\u00e1rodn\u00edm muzeu zem\u011b P\u0159emyslovc\u016f pro\u017e\u00edv\u00e1me na\u0161i historii - uzav\u0159enou v \u017eivotopise velk\u00e9ho Pol\u00e1ka a v historii rodu Sapieh\u016f. Shrom\u00e1\u017ed\u011bn\u00e9 expon\u00e1ty vytv\u00e1\u0159ej\u00ed obraz charismatick\u00e9 osobnosti, v\u00fdjime\u010dn\u00e9 postavy, kter\u00e1 m\u011bla v tehdej\u0161\u00ed spole\u010dnosti nezpochybnitelnou autoritu.<\/p>\n<p>V\u00fdstava byla inspirov\u00e1na pan\u00ed Danutou \u0141\u0105czy\u0144skou, studentkou profesora Adama Vetulaniho, p\u0159\u00edtele kardin\u00e1la Sapiehy. P\u0159edm\u011bty poch\u00e1zej\u00ed tak\u00e9 z muze\u00ed a instituc\u00ed, nap\u0159. z kr\u00e1lovsk\u00e9ho hradu Wawel, krakovsk\u00e9ho archivu . Metropolitn\u00ed muzeum, Arcidiec\u00e9zn\u00ed a katedr\u00e1ln\u00ed muzeum v Krakov\u011b, N\u00e1rodn\u00ed muzeum v Krakov\u011b, Historick\u00e9 muzeum m\u011bsta Krakova. Mezi cenn\u00e9 p\u0159edm\u011bty pat\u0159\u00ed staro\u017eitn\u00fd n\u00e1bytek, portr\u00e9ty ze sb\u00edrek Kozienice a Krasiczyn, star\u00e9 tisky, kopie z neoceniteln\u00e9 Sapiehovy knihovny, dokumenty, kontuszov\u00e9 opasky, bohat\u00e9 tkaniny, karbunkuly, hodiny, fotografie, p\u0159edm\u011bty ze Sapiehovy sb\u00edrky shroma\u017e\u010fovan\u00e9 po generace, sv\u011bd\u010d\u00edc\u00ed o sl\u00e1v\u011b polsk\u00e9 arm\u00e1dy a vlastenectv\u00ed rodiny. Za zm\u00ednku stoj\u00ed p\u0159edm\u011bty spojen\u00e9 zejm\u00e9na s osobou kardin\u00e1la Sapiehy. Pat\u0159\u00ed k nim dokumenty a korespondence, diplomy a vyznamen\u00e1n\u00ed, kter\u00e9 obdr\u017eel jako projev uzn\u00e1n\u00ed a \u00facty, jeho od\u011bv, liturgick\u00e9 paramenty a dal\u0161\u00ed, kter\u00e9 nyn\u00ed s velkou p\u00e9\u010d\u00ed uchov\u00e1vaj\u00ed krakovsk\u00e1 c\u00edrkevn\u00ed muzea a v\u011bdeck\u00e9 instituce.<\/p>\n<p><a href=\"https:\/\/marekkuchcinski.pl\/wp-content\/uploads\/2017\/05\/DSCF3465-1.jpg\"><img fetchpriority=\"high\" decoding=\"async\" class=\"alignnone size-full wp-image-6413\" src=\"https:\/\/marekkuchcinski.pl\/wp-content\/uploads\/2017\/05\/DSCF3465-1.jpg\" alt=\"DSCF3465 (1)\" width=\"3842\" height=\"1964\" srcset=\"https:\/\/marekkuchcinski.pl\/wp-content\/uploads\/2017\/05\/DSCF3465-1.jpg 2048w, https:\/\/marekkuchcinski.pl\/wp-content\/uploads\/2017\/05\/DSCF3465-1-300x153.jpg 300w, https:\/\/marekkuchcinski.pl\/wp-content\/uploads\/2017\/05\/DSCF3465-1-768x393.jpg 768w, https:\/\/marekkuchcinski.pl\/wp-content\/uploads\/2017\/05\/DSCF3465-1-1024x523.jpg 1024w\" sizes=\"(max-width: 3842px) 100vw, 3842px\" \/><\/a><a href=\"https:\/\/marekkuchcinski.pl\/wp-content\/uploads\/2017\/05\/DSCF3492-1.jpg\"><img decoding=\"async\" class=\"alignnone size-full wp-image-6396\" src=\"https:\/\/marekkuchcinski.pl\/wp-content\/uploads\/2017\/05\/DSCF3492-1.jpg\" alt=\"DSCF3492 (1)\" width=\"3466\" height=\"1993\" srcset=\"https:\/\/marekkuchcinski.pl\/wp-content\/uploads\/2017\/05\/DSCF3492-1.jpg 2048w, https:\/\/marekkuchcinski.pl\/wp-content\/uploads\/2017\/05\/DSCF3492-1-300x173.jpg 300w, https:\/\/marekkuchcinski.pl\/wp-content\/uploads\/2017\/05\/DSCF3492-1-768x442.jpg 768w, https:\/\/marekkuchcinski.pl\/wp-content\/uploads\/2017\/05\/DSCF3492-1-1024x589.jpg 1024w\" sizes=\"(max-width: 3466px) 100vw, 3466px\" \/><\/a><a href=\"https:\/\/marekkuchcinski.pl\/wp-content\/uploads\/2017\/05\/DSCF3485.jpg\"><img decoding=\"async\" class=\"alignnone size-full wp-image-6399\" src=\"https:\/\/marekkuchcinski.pl\/wp-content\/uploads\/2017\/05\/DSCF3485.jpg\" alt=\"DSCF3485\" width=\"4896\" height=\"2760\" srcset=\"https:\/\/marekkuchcinski.pl\/wp-content\/uploads\/2017\/05\/DSCF3485.jpg 2048w, https:\/\/marekkuchcinski.pl\/wp-content\/uploads\/2017\/05\/DSCF3485-300x169.jpg 300w, https:\/\/marekkuchcinski.pl\/wp-content\/uploads\/2017\/05\/DSCF3485-768x433.jpg 768w, https:\/\/marekkuchcinski.pl\/wp-content\/uploads\/2017\/05\/DSCF3485-1024x577.jpg 1024w\" sizes=\"(max-width: 4896px) 100vw, 4896px\" \/><\/a><a href=\"https:\/\/marekkuchcinski.pl\/wp-content\/uploads\/2017\/05\/DSCF3519.jpg\"><img loading=\"lazy\" decoding=\"async\" class=\"alignnone size-full wp-image-6402\" src=\"https:\/\/marekkuchcinski.pl\/wp-content\/uploads\/2017\/05\/DSCF3519.jpg\" alt=\"DSCF3519\" width=\"4706\" height=\"2713\" srcset=\"https:\/\/marekkuchcinski.pl\/wp-content\/uploads\/2017\/05\/DSCF3519.jpg 2048w, https:\/\/marekkuchcinski.pl\/wp-content\/uploads\/2017\/05\/DSCF3519-300x173.jpg 300w, https:\/\/marekkuchcinski.pl\/wp-content\/uploads\/2017\/05\/DSCF3519-768x443.jpg 768w, https:\/\/marekkuchcinski.pl\/wp-content\/uploads\/2017\/05\/DSCF3519-1024x590.jpg 1024w\" sizes=\"(max-width: 4706px) 100vw, 4706px\" \/><\/a>Komisa\u0159 v\u00fdstavy Marcin Marynowski a Jan Jarosz, \u0159editel N\u00e1rodn\u00edho muzea v P\u0159emy\u0161lu.<a href=\"https:\/\/marekkuchcinski.pl\/wp-content\/uploads\/2017\/05\/DSCF3412.jpg\"><img loading=\"lazy\" decoding=\"async\" class=\"alignnone size-full wp-image-6412\" src=\"https:\/\/marekkuchcinski.pl\/wp-content\/uploads\/2017\/05\/DSCF3412.jpg\" alt=\"DSCF3412\" width=\"4896\" height=\"2760\" srcset=\"https:\/\/marekkuchcinski.pl\/wp-content\/uploads\/2017\/05\/DSCF3412.jpg 2048w, https:\/\/marekkuchcinski.pl\/wp-content\/uploads\/2017\/05\/DSCF3412-300x169.jpg 300w, https:\/\/marekkuchcinski.pl\/wp-content\/uploads\/2017\/05\/DSCF3412-768x433.jpg 768w, https:\/\/marekkuchcinski.pl\/wp-content\/uploads\/2017\/05\/DSCF3412-1024x577.jpg 1024w\" sizes=\"(max-width: 4896px) 100vw, 4896px\" \/><\/a><a href=\"https:\/\/marekkuchcinski.pl\/wp-content\/uploads\/2017\/05\/DSCF3530-2.jpg\"><img loading=\"lazy\" decoding=\"async\" class=\"alignnone size-full wp-image-6404\" src=\"https:\/\/marekkuchcinski.pl\/wp-content\/uploads\/2017\/05\/DSCF3530-2.jpg\" alt=\"DSCF3530 (2)\" width=\"2683\" height=\"1911\" srcset=\"https:\/\/marekkuchcinski.pl\/wp-content\/uploads\/2017\/05\/DSCF3530-2.jpg 2048w, https:\/\/marekkuchcinski.pl\/wp-content\/uploads\/2017\/05\/DSCF3530-2-300x214.jpg 300w, https:\/\/marekkuchcinski.pl\/wp-content\/uploads\/2017\/05\/DSCF3530-2-768x547.jpg 768w, https:\/\/marekkuchcinski.pl\/wp-content\/uploads\/2017\/05\/DSCF3530-2-1024x729.jpg 1024w\" sizes=\"(max-width: 2683px) 100vw, 2683px\" \/><\/a>Zprava sed\u011bt: Sestra Bo\u017eena Leszczynska (soukrom\u00e1 sestra biskupa Zamojsko-Lubaczowsk\u00e9ho), pan\u00ed Marynowsk\u00e1 (matka kur\u00e1tora v\u00fdstavy).<br \/>\nPan\u00ed \u0141\u0105czy\u0144ska, osobn\u00ed tajemnice kardin\u00e1la Sapiehy, Miko\u0142aj Radziwi\u0142\u0142, Maciej Radziwi\u0142\u0142 s man\u017eelkou, Krystyna Shmeruk Heritage Foundation.<a href=\"https:\/\/marekkuchcinski.pl\/wp-content\/uploads\/2017\/05\/DSCF3526.jpg\"><img loading=\"lazy\" decoding=\"async\" class=\"alignnone size-full wp-image-6408\" src=\"https:\/\/marekkuchcinski.pl\/wp-content\/uploads\/2017\/05\/DSCF3526.jpg\" alt=\"DSCF3526\" width=\"2270\" height=\"2035\" srcset=\"https:\/\/marekkuchcinski.pl\/wp-content\/uploads\/2017\/05\/DSCF3526.jpg 2048w, https:\/\/marekkuchcinski.pl\/wp-content\/uploads\/2017\/05\/DSCF3526-300x269.jpg 300w, https:\/\/marekkuchcinski.pl\/wp-content\/uploads\/2017\/05\/DSCF3526-768x688.jpg 768w, https:\/\/marekkuchcinski.pl\/wp-content\/uploads\/2017\/05\/DSCF3526-1024x918.jpg 1024w\" sizes=\"(max-width: 2270px) 100vw, 2270px\" \/><\/a>Zprava sed\u00ed: Marek Kuchci\u0144ski, p\u0159edseda Sejmu; W\u0142adys\u0142aw Ortyl, mar\u0161\u00e1lek Podkarpatsk\u00e9ho vojvodstv\u00ed; Grzegorz Hayder, m\u00edstop\u0159edseda Przemy\u0161lu; Piotr Pini\u0144ski, p\u0159edseda Nadace Lanckoro\u0144ski; Maria Czekaj, vnu\u010dka Paw\u0142a Sapiehy; Lucjan Ku\u017aniar, z\u00e1stupce mar\u0161\u00e1lka Podkarpatsk\u00e9ho vojvodstv\u00ed; Jan P\u0105czek, starosta Przemy\u0161lu.<a href=\"https:\/\/marekkuchcinski.pl\/wp-content\/uploads\/2017\/05\/1-IMG_7881.jpg\"><img loading=\"lazy\" decoding=\"async\" class=\"alignnone size-full wp-image-6414\" src=\"https:\/\/marekkuchcinski.pl\/wp-content\/uploads\/2017\/05\/1-IMG_7881.jpg\" alt=\"1-IMG_7881\" width=\"4187\" height=\"2797\" srcset=\"https:\/\/marekkuchcinski.pl\/wp-content\/uploads\/2017\/05\/1-IMG_7881.jpg 2048w, https:\/\/marekkuchcinski.pl\/wp-content\/uploads\/2017\/05\/1-IMG_7881-300x200.jpg 300w, https:\/\/marekkuchcinski.pl\/wp-content\/uploads\/2017\/05\/1-IMG_7881-768x513.jpg 768w, https:\/\/marekkuchcinski.pl\/wp-content\/uploads\/2017\/05\/1-IMG_7881-1024x684.jpg 1024w\" sizes=\"(max-width: 4187px) 100vw, 4187px\" \/><\/a> <a href=\"https:\/\/marekkuchcinski.pl\/wp-content\/uploads\/2017\/05\/1-IMG_7882.jpg\"><img loading=\"lazy\" decoding=\"async\" class=\"alignnone size-full wp-image-6415\" src=\"https:\/\/marekkuchcinski.pl\/wp-content\/uploads\/2017\/05\/1-IMG_7882.jpg\" alt=\"1-IMG_7882\" width=\"4564\" height=\"3049\" srcset=\"https:\/\/marekkuchcinski.pl\/wp-content\/uploads\/2017\/05\/1-IMG_7882.jpg 2048w, https:\/\/marekkuchcinski.pl\/wp-content\/uploads\/2017\/05\/1-IMG_7882-300x200.jpg 300w, https:\/\/marekkuchcinski.pl\/wp-content\/uploads\/2017\/05\/1-IMG_7882-768x513.jpg 768w, https:\/\/marekkuchcinski.pl\/wp-content\/uploads\/2017\/05\/1-IMG_7882-1024x684.jpg 1024w\" sizes=\"(max-width: 4564px) 100vw, 4564px\" \/><\/a> <a href=\"https:\/\/marekkuchcinski.pl\/wp-content\/uploads\/2017\/05\/1-IMG_7883.jpg\"><img loading=\"lazy\" decoding=\"async\" class=\"alignnone size-full wp-image-6416\" src=\"https:\/\/marekkuchcinski.pl\/wp-content\/uploads\/2017\/05\/1-IMG_7883.jpg\" alt=\"1-IMG_7883\" width=\"4218\" height=\"2816\" srcset=\"https:\/\/marekkuchcinski.pl\/wp-content\/uploads\/2017\/05\/1-IMG_7883.jpg 2048w, https:\/\/marekkuchcinski.pl\/wp-content\/uploads\/2017\/05\/1-IMG_7883-300x200.jpg 300w, https:\/\/marekkuchcinski.pl\/wp-content\/uploads\/2017\/05\/1-IMG_7883-768x513.jpg 768w, https:\/\/marekkuchcinski.pl\/wp-content\/uploads\/2017\/05\/1-IMG_7883-1024x684.jpg 1024w\" sizes=\"(max-width: 4218px) 100vw, 4218px\" \/><\/a><a href=\"https:\/\/marekkuchcinski.pl\/wp-content\/uploads\/2017\/05\/1-IMG_7941.jpg\"><img loading=\"lazy\" decoding=\"async\" class=\"alignnone size-full wp-image-6417\" src=\"https:\/\/marekkuchcinski.pl\/wp-content\/uploads\/2017\/05\/1-IMG_7941.jpg\" alt=\"1-IMG_7941\" width=\"4752\" height=\"3168\" srcset=\"https:\/\/marekkuchcinski.pl\/wp-content\/uploads\/2017\/05\/1-IMG_7941.jpg 2048w, https:\/\/marekkuchcinski.pl\/wp-content\/uploads\/2017\/05\/1-IMG_7941-300x200.jpg 300w, https:\/\/marekkuchcinski.pl\/wp-content\/uploads\/2017\/05\/1-IMG_7941-768x512.jpg 768w, https:\/\/marekkuchcinski.pl\/wp-content\/uploads\/2017\/05\/1-IMG_7941-1024x683.jpg 1024w\" sizes=\"(max-width: 4752px) 100vw, 4752px\" \/><\/a>Zprava: Micha\u0142 Soba\u0144ski, Jadwiga Czartoryska<a href=\"https:\/\/marekkuchcinski.pl\/wp-content\/uploads\/2017\/05\/DSCF3366.jpg\"><img loading=\"lazy\" decoding=\"async\" class=\"alignnone size-full wp-image-6420\" src=\"https:\/\/marekkuchcinski.pl\/wp-content\/uploads\/2017\/05\/DSCF3366.jpg\" alt=\"DSCF3366\" width=\"4896\" height=\"2760\" srcset=\"https:\/\/marekkuchcinski.pl\/wp-content\/uploads\/2017\/05\/DSCF3366.jpg 2048w, https:\/\/marekkuchcinski.pl\/wp-content\/uploads\/2017\/05\/DSCF3366-300x169.jpg 300w, https:\/\/marekkuchcinski.pl\/wp-content\/uploads\/2017\/05\/DSCF3366-768x433.jpg 768w, https:\/\/marekkuchcinski.pl\/wp-content\/uploads\/2017\/05\/DSCF3366-1024x577.jpg 1024w\" sizes=\"(max-width: 4896px) 100vw, 4896px\" \/><\/a><\/p>\n<p><a href=\"https:\/\/marekkuchcinski.pl\/wp-content\/uploads\/2017\/05\/DSCF3371.jpg\"><img loading=\"lazy\" decoding=\"async\" class=\"alignnone size-full wp-image-6421\" src=\"https:\/\/marekkuchcinski.pl\/wp-content\/uploads\/2017\/05\/DSCF3371.jpg\" alt=\"DSCF3371\" width=\"3732\" height=\"2401\" srcset=\"https:\/\/marekkuchcinski.pl\/wp-content\/uploads\/2017\/05\/DSCF3371.jpg 2048w, https:\/\/marekkuchcinski.pl\/wp-content\/uploads\/2017\/05\/DSCF3371-300x193.jpg 300w, https:\/\/marekkuchcinski.pl\/wp-content\/uploads\/2017\/05\/DSCF3371-768x494.jpg 768w, https:\/\/marekkuchcinski.pl\/wp-content\/uploads\/2017\/05\/DSCF3371-1024x659.jpg 1024w\" sizes=\"(max-width: 3732px) 100vw, 3732px\" \/><\/a> <a href=\"https:\/\/marekkuchcinski.pl\/wp-content\/uploads\/2017\/05\/DSCF3376.jpg\"><img loading=\"lazy\" decoding=\"async\" class=\"alignnone size-full wp-image-6423\" src=\"https:\/\/marekkuchcinski.pl\/wp-content\/uploads\/2017\/05\/DSCF3376.jpg\" alt=\"DSCF3376\" width=\"4896\" height=\"2760\" srcset=\"https:\/\/marekkuchcinski.pl\/wp-content\/uploads\/2017\/05\/DSCF3376.jpg 2048w, https:\/\/marekkuchcinski.pl\/wp-content\/uploads\/2017\/05\/DSCF3376-300x169.jpg 300w, https:\/\/marekkuchcinski.pl\/wp-content\/uploads\/2017\/05\/DSCF3376-768x433.jpg 768w, https:\/\/marekkuchcinski.pl\/wp-content\/uploads\/2017\/05\/DSCF3376-1024x577.jpg 1024w\" sizes=\"(max-width: 4896px) 100vw, 4896px\" \/><\/a> <a href=\"https:\/\/marekkuchcinski.pl\/wp-content\/uploads\/2017\/05\/DSCF3383.jpg\"><img loading=\"lazy\" decoding=\"async\" class=\"alignnone size-full wp-image-6424\" src=\"https:\/\/marekkuchcinski.pl\/wp-content\/uploads\/2017\/05\/DSCF3383.jpg\" alt=\"DSCF3383\" width=\"3804\" height=\"2737\" srcset=\"https:\/\/marekkuchcinski.pl\/wp-content\/uploads\/2017\/05\/DSCF3383.jpg 2048w, https:\/\/marekkuchcinski.pl\/wp-content\/uploads\/2017\/05\/DSCF3383-300x216.jpg 300w, https:\/\/marekkuchcinski.pl\/wp-content\/uploads\/2017\/05\/DSCF3383-768x553.jpg 768w, https:\/\/marekkuchcinski.pl\/wp-content\/uploads\/2017\/05\/DSCF3383-1024x737.jpg 1024w\" sizes=\"(max-width: 3804px) 100vw, 3804px\" \/><\/a> <a href=\"https:\/\/marekkuchcinski.pl\/wp-content\/uploads\/2017\/05\/DSCF3378.jpg\"><img loading=\"lazy\" decoding=\"async\" class=\"alignnone size-full wp-image-6425\" src=\"https:\/\/marekkuchcinski.pl\/wp-content\/uploads\/2017\/05\/DSCF3378.jpg\" alt=\"DSCF3378\" width=\"4441\" height=\"2561\" srcset=\"https:\/\/marekkuchcinski.pl\/wp-content\/uploads\/2017\/05\/DSCF3378.jpg 2048w, https:\/\/marekkuchcinski.pl\/wp-content\/uploads\/2017\/05\/DSCF3378-300x173.jpg 300w, https:\/\/marekkuchcinski.pl\/wp-content\/uploads\/2017\/05\/DSCF3378-768x443.jpg 768w, https:\/\/marekkuchcinski.pl\/wp-content\/uploads\/2017\/05\/DSCF3378-1024x591.jpg 1024w\" sizes=\"(max-width: 4441px) 100vw, 4441px\" \/><\/a> <a href=\"https:\/\/marekkuchcinski.pl\/wp-content\/uploads\/2017\/05\/DSCF3387.jpg\"><img loading=\"lazy\" decoding=\"async\" class=\"alignnone size-full wp-image-6427\" src=\"https:\/\/marekkuchcinski.pl\/wp-content\/uploads\/2017\/05\/DSCF3387.jpg\" alt=\"DSCF3387\" width=\"4896\" height=\"2760\" srcset=\"https:\/\/marekkuchcinski.pl\/wp-content\/uploads\/2017\/05\/DSCF3387.jpg 2048w, https:\/\/marekkuchcinski.pl\/wp-content\/uploads\/2017\/05\/DSCF3387-300x169.jpg 300w, https:\/\/marekkuchcinski.pl\/wp-content\/uploads\/2017\/05\/DSCF3387-768x433.jpg 768w, https:\/\/marekkuchcinski.pl\/wp-content\/uploads\/2017\/05\/DSCF3387-1024x577.jpg 1024w\" sizes=\"(max-width: 4896px) 100vw, 4896px\" \/><\/a> <a href=\"https:\/\/marekkuchcinski.pl\/wp-content\/uploads\/2017\/05\/DSCF3572.jpg\"><img loading=\"lazy\" decoding=\"async\" class=\"alignnone size-full wp-image-6428\" src=\"https:\/\/marekkuchcinski.pl\/wp-content\/uploads\/2017\/05\/DSCF3572.jpg\" alt=\"DSCF3572\" width=\"4896\" height=\"2760\" srcset=\"https:\/\/marekkuchcinski.pl\/wp-content\/uploads\/2017\/05\/DSCF3572.jpg 2048w, https:\/\/marekkuchcinski.pl\/wp-content\/uploads\/2017\/05\/DSCF3572-300x169.jpg 300w, https:\/\/marekkuchcinski.pl\/wp-content\/uploads\/2017\/05\/DSCF3572-768x433.jpg 768w, https:\/\/marekkuchcinski.pl\/wp-content\/uploads\/2017\/05\/DSCF3572-1024x577.jpg 1024w\" sizes=\"(max-width: 4896px) 100vw, 4896px\" \/><\/a><a href=\"https:\/\/marekkuchcinski.pl\/wp-content\/uploads\/2017\/05\/1-IMG_7857.jpg\"><img loading=\"lazy\" decoding=\"async\" class=\"alignnone size-full wp-image-6418\" src=\"https:\/\/marekkuchcinski.pl\/wp-content\/uploads\/2017\/05\/1-IMG_7857.jpg\" alt=\"1-IMG_7857\" width=\"4752\" height=\"3168\" srcset=\"https:\/\/marekkuchcinski.pl\/wp-content\/uploads\/2017\/05\/1-IMG_7857.jpg 2048w, https:\/\/marekkuchcinski.pl\/wp-content\/uploads\/2017\/05\/1-IMG_7857-300x200.jpg 300w, https:\/\/marekkuchcinski.pl\/wp-content\/uploads\/2017\/05\/1-IMG_7857-768x512.jpg 768w, https:\/\/marekkuchcinski.pl\/wp-content\/uploads\/2017\/05\/1-IMG_7857-1024x683.jpg 1024w\" sizes=\"(max-width: 4752px) 100vw, 4752px\" \/><\/a> <a href=\"https:\/\/marekkuchcinski.pl\/wp-content\/uploads\/2017\/05\/1-IMG_7869.jpg\"><img loading=\"lazy\" decoding=\"async\" class=\"alignnone size-full wp-image-6419\" src=\"https:\/\/marekkuchcinski.pl\/wp-content\/uploads\/2017\/05\/1-IMG_7869.jpg\" alt=\"1-IMG_7869\" width=\"4431\" height=\"2961\" srcset=\"https:\/\/marekkuchcinski.pl\/wp-content\/uploads\/2017\/05\/1-IMG_7869.jpg 2048w, https:\/\/marekkuchcinski.pl\/wp-content\/uploads\/2017\/05\/1-IMG_7869-300x200.jpg 300w, https:\/\/marekkuchcinski.pl\/wp-content\/uploads\/2017\/05\/1-IMG_7869-768x513.jpg 768w, https:\/\/marekkuchcinski.pl\/wp-content\/uploads\/2017\/05\/1-IMG_7869-1024x684.jpg 1024w\" sizes=\"(max-width: 4431px) 100vw, 4431px\" \/><\/a> <a href=\"https:\/\/marekkuchcinski.pl\/wp-content\/uploads\/2017\/05\/DSCF3323.jpg\"><img loading=\"lazy\" decoding=\"async\" class=\"alignnone size-full wp-image-6392\" src=\"https:\/\/marekkuchcinski.pl\/wp-content\/uploads\/2017\/05\/DSCF3323.jpg\" alt=\"DSCF3323\" width=\"3805\" height=\"2704\" srcset=\"https:\/\/marekkuchcinski.pl\/wp-content\/uploads\/2017\/05\/DSCF3323.jpg 2048w, https:\/\/marekkuchcinski.pl\/wp-content\/uploads\/2017\/05\/DSCF3323-300x213.jpg 300w, https:\/\/marekkuchcinski.pl\/wp-content\/uploads\/2017\/05\/DSCF3323-768x546.jpg 768w, https:\/\/marekkuchcinski.pl\/wp-content\/uploads\/2017\/05\/DSCF3323-1024x728.jpg 1024w\" sizes=\"(max-width: 3805px) 100vw, 3805px\" \/><\/a><a href=\"https:\/\/marekkuchcinski.pl\/wp-content\/uploads\/2017\/05\/1-IMG_8057.jpg\"><img loading=\"lazy\" decoding=\"async\" class=\"alignnone size-full wp-image-6430\" src=\"https:\/\/marekkuchcinski.pl\/wp-content\/uploads\/2017\/05\/1-IMG_8057.jpg\" alt=\"1-IMG_8057\" width=\"4752\" height=\"3168\" srcset=\"https:\/\/marekkuchcinski.pl\/wp-content\/uploads\/2017\/05\/1-IMG_8057.jpg 2048w, https:\/\/marekkuchcinski.pl\/wp-content\/uploads\/2017\/05\/1-IMG_8057-300x200.jpg 300w, https:\/\/marekkuchcinski.pl\/wp-content\/uploads\/2017\/05\/1-IMG_8057-768x512.jpg 768w, https:\/\/marekkuchcinski.pl\/wp-content\/uploads\/2017\/05\/1-IMG_8057-1024x683.jpg 1024w\" sizes=\"(max-width: 4752px) 100vw, 4752px\" \/><\/a> <a href=\"https:\/\/marekkuchcinski.pl\/wp-content\/uploads\/2017\/05\/1-IMG_8005.jpg\"><img loading=\"lazy\" decoding=\"async\" class=\"alignnone size-full wp-image-6431\" src=\"https:\/\/marekkuchcinski.pl\/wp-content\/uploads\/2017\/05\/1-IMG_8005.jpg\" alt=\"1-IMG_8005\" width=\"4752\" height=\"3168\" srcset=\"https:\/\/marekkuchcinski.pl\/wp-content\/uploads\/2017\/05\/1-IMG_8005.jpg 2048w, https:\/\/marekkuchcinski.pl\/wp-content\/uploads\/2017\/05\/1-IMG_8005-300x200.jpg 300w, https:\/\/marekkuchcinski.pl\/wp-content\/uploads\/2017\/05\/1-IMG_8005-768x512.jpg 768w, https:\/\/marekkuchcinski.pl\/wp-content\/uploads\/2017\/05\/1-IMG_8005-1024x683.jpg 1024w\" sizes=\"(max-width: 4752px) 100vw, 4752px\" \/><\/a> <a href=\"https:\/\/marekkuchcinski.pl\/wp-content\/uploads\/2017\/05\/1-IMG_8023.jpg\"><img loading=\"lazy\" decoding=\"async\" class=\"alignnone size-full wp-image-6432\" src=\"https:\/\/marekkuchcinski.pl\/wp-content\/uploads\/2017\/05\/1-IMG_8023.jpg\" alt=\"1-IMG_8023\" width=\"4752\" height=\"3168\" srcset=\"https:\/\/marekkuchcinski.pl\/wp-content\/uploads\/2017\/05\/1-IMG_8023.jpg 2048w, https:\/\/marekkuchcinski.pl\/wp-content\/uploads\/2017\/05\/1-IMG_8023-300x200.jpg 300w, https:\/\/marekkuchcinski.pl\/wp-content\/uploads\/2017\/05\/1-IMG_8023-768x512.jpg 768w, https:\/\/marekkuchcinski.pl\/wp-content\/uploads\/2017\/05\/1-IMG_8023-1024x683.jpg 1024w\" sizes=\"(max-width: 4752px) 100vw, 4752px\" \/><\/a> <a href=\"https:\/\/marekkuchcinski.pl\/wp-content\/uploads\/2017\/05\/1-IMG_8051.jpg\"><img loading=\"lazy\" decoding=\"async\" class=\"alignnone size-full wp-image-6433\" src=\"https:\/\/marekkuchcinski.pl\/wp-content\/uploads\/2017\/05\/1-IMG_8051.jpg\" alt=\"1-IMG_8051\" width=\"3804\" height=\"2540\" srcset=\"https:\/\/marekkuchcinski.pl\/wp-content\/uploads\/2017\/05\/1-IMG_8051.jpg 2048w, https:\/\/marekkuchcinski.pl\/wp-content\/uploads\/2017\/05\/1-IMG_8051-300x200.jpg 300w, https:\/\/marekkuchcinski.pl\/wp-content\/uploads\/2017\/05\/1-IMG_8051-768x513.jpg 768w, https:\/\/marekkuchcinski.pl\/wp-content\/uploads\/2017\/05\/1-IMG_8051-1024x684.jpg 1024w\" sizes=\"(max-width: 3804px) 100vw, 3804px\" \/><\/a><a href=\"https:\/\/marekkuchcinski.pl\/wp-content\/uploads\/2017\/05\/1-IMG_8090.jpg\"><img loading=\"lazy\" decoding=\"async\" class=\"alignnone size-full wp-image-6435\" src=\"https:\/\/marekkuchcinski.pl\/wp-content\/uploads\/2017\/05\/1-IMG_8090.jpg\" alt=\"1-IMG_8090\" width=\"3622\" height=\"3005\" srcset=\"https:\/\/marekkuchcinski.pl\/wp-content\/uploads\/2017\/05\/1-IMG_8090.jpg 2048w, https:\/\/marekkuchcinski.pl\/wp-content\/uploads\/2017\/05\/1-IMG_8090-300x249.jpg 300w, https:\/\/marekkuchcinski.pl\/wp-content\/uploads\/2017\/05\/1-IMG_8090-768x637.jpg 768w, https:\/\/marekkuchcinski.pl\/wp-content\/uploads\/2017\/05\/1-IMG_8090-1024x850.jpg 1024w\" sizes=\"(max-width: 3622px) 100vw, 3622px\" \/><\/a>V Krasiczyn\u011b roste dub vysazen\u00fd v den narozen\u00ed kardin\u00e1la Adama Sapiehy<a href=\"https:\/\/marekkuchcinski.pl\/wp-content\/uploads\/2017\/05\/1-DSCF3629.jpg\"><img loading=\"lazy\" decoding=\"async\" class=\"alignnone size-full wp-image-6438\" src=\"https:\/\/marekkuchcinski.pl\/wp-content\/uploads\/2017\/05\/1-DSCF3629.jpg\" alt=\"1-DSCF3629\" width=\"4896\" height=\"2760\" srcset=\"https:\/\/marekkuchcinski.pl\/wp-content\/uploads\/2017\/05\/1-DSCF3629.jpg 2048w, https:\/\/marekkuchcinski.pl\/wp-content\/uploads\/2017\/05\/1-DSCF3629-300x169.jpg 300w, https:\/\/marekkuchcinski.pl\/wp-content\/uploads\/2017\/05\/1-DSCF3629-768x433.jpg 768w, https:\/\/marekkuchcinski.pl\/wp-content\/uploads\/2017\/05\/1-DSCF3629-1024x577.jpg 1024w\" sizes=\"(max-width: 4896px) 100vw, 4896px\" \/><\/a><a href=\"https:\/\/marekkuchcinski.pl\/wp-content\/uploads\/2017\/05\/1-DSCF3597.jpg\"><img loading=\"lazy\" decoding=\"async\" class=\"alignnone size-full wp-image-6436\" src=\"https:\/\/marekkuchcinski.pl\/wp-content\/uploads\/2017\/05\/1-DSCF3597.jpg\" alt=\"1-DSCF3597\" width=\"3359\" height=\"2240\" srcset=\"https:\/\/marekkuchcinski.pl\/wp-content\/uploads\/2017\/05\/1-DSCF3597.jpg 2048w, https:\/\/marekkuchcinski.pl\/wp-content\/uploads\/2017\/05\/1-DSCF3597-300x200.jpg 300w, https:\/\/marekkuchcinski.pl\/wp-content\/uploads\/2017\/05\/1-DSCF3597-768x512.jpg 768w, https:\/\/marekkuchcinski.pl\/wp-content\/uploads\/2017\/05\/1-DSCF3597-1024x683.jpg 1024w\" sizes=\"(max-width: 3359px) 100vw, 3359px\" \/><\/a><\/p>\n<p><em>Foto: M. Olejnik<\/em><\/p>\n<p>&nbsp;<\/p>\n<p>&nbsp;<\/p>\n<p>&nbsp;<\/p>","protected":false},"excerpt":{"rendered":"<p>Tytu\u0142 wystawy \u201ePrzywr\u00f3ci\u0107 pami\u0119ci. 150. rocznica urodzin ksi\u0119cia kardyna\u0142a Adama Stefana Sapiehy 1867-1951&#8243; nawi\u0105zuje do s\u0142\u00f3w \u015awi\u0119tego Jana Paw\u0142a II o obowi\u0105zku pami\u0119ci o Wybitnym Ksi\u0119ciu Ko\u015bcio\u0142a, a zarazem niesie wyzwanie, by Ksi\u0105\u017c\u0119 Niez\u0142omny by\u0142 obecny w sercach wszystkich Polak\u00f3w \u2013 powiedzia\u0142 marsza\u0142ek Sejmu Marek Kuchci\u0144ski podczas otwarcia uroczysto\u015bci zwi\u0105zanych ze 150. rocznic\u0105 urodzin kardyna\u0142a [&hellip;]<\/p>\n","protected":false},"author":6,"featured_media":6413,"comment_status":"open","ping_status":"open","sticky":false,"template":"","format":"standard","meta":{"ngg_post_thumbnail":0,"footnotes":""},"categories":[49,77,3],"tags":[],"class_list":["post-6383","post","type-post","status-publish","format-standard","has-post-thumbnail","hentry","category-podkarpacie","category-wazne-daty","category-wydarzenia"],"_links":{"self":[{"href":"https:\/\/marekkuchcinski.pl\/cs\/wp-json\/wp\/v2\/posts\/6383","targetHints":{"allow":["GET"]}}],"collection":[{"href":"https:\/\/marekkuchcinski.pl\/cs\/wp-json\/wp\/v2\/posts"}],"about":[{"href":"https:\/\/marekkuchcinski.pl\/cs\/wp-json\/wp\/v2\/types\/post"}],"author":[{"embeddable":true,"href":"https:\/\/marekkuchcinski.pl\/cs\/wp-json\/wp\/v2\/users\/6"}],"replies":[{"embeddable":true,"href":"https:\/\/marekkuchcinski.pl\/cs\/wp-json\/wp\/v2\/comments?post=6383"}],"version-history":[{"count":8,"href":"https:\/\/marekkuchcinski.pl\/cs\/wp-json\/wp\/v2\/posts\/6383\/revisions"}],"predecessor-version":[{"id":6445,"href":"https:\/\/marekkuchcinski.pl\/cs\/wp-json\/wp\/v2\/posts\/6383\/revisions\/6445"}],"wp:featuredmedia":[{"embeddable":true,"href":"https:\/\/marekkuchcinski.pl\/cs\/wp-json\/wp\/v2\/media\/6413"}],"wp:attachment":[{"href":"https:\/\/marekkuchcinski.pl\/cs\/wp-json\/wp\/v2\/media?parent=6383"}],"wp:term":[{"taxonomy":"category","embeddable":true,"href":"https:\/\/marekkuchcinski.pl\/cs\/wp-json\/wp\/v2\/categories?post=6383"},{"taxonomy":"post_tag","embeddable":true,"href":"https:\/\/marekkuchcinski.pl\/cs\/wp-json\/wp\/v2\/tags?post=6383"}],"curies":[{"name":"wp","href":"https:\/\/api.w.org\/{rel}","templated":true}]}}