{"id":6345,"date":"2017-05-09T16:32:33","date_gmt":"2017-05-09T14:32:33","guid":{"rendered":"https:\/\/marekkuchcinski.pl\/?p=6345"},"modified":"2017-05-09T16:32:33","modified_gmt":"2017-05-09T14:32:33","slug":"marszalek-sejmu-tym-roku-podejmujemy-szereg-inicjatyw-o-charakterze-regionalnym-zwiazanym-naszym-wspolistnieniem-europie","status":"publish","type":"post","link":"https:\/\/marekkuchcinski.pl\/cs\/wydarzenia\/marszalek-sejmu-tym-roku-podejmujemy-szereg-inicjatyw-o-charakterze-regionalnym-zwiazanym-naszym-wspolistnieniem-europie\/","title":{"rendered":"P\u0159edseda Sejmu: V leto\u0161n\u00edm roce podnik\u00e1me \u0159adu iniciativ region\u00e1ln\u00edho charakteru, kter\u00e9 se t\u00fdkaj\u00ed na\u0161eho sou\u017eit\u00ed v Evrop\u011b."},"content":{"rendered":"<p>Seim Polsk\u00e9 republiky bude pokra\u010dovat a rozv\u00edjet svou \u010dinnost ve v\u0161ech dosavadn\u00edch sm\u011brech a posilovat ji ve v\u0161ech oblastech, kter\u00e9 jsou relevantn\u00ed pro sou\u010dasn\u00e9 mezin\u00e1rodn\u00ed prost\u0159ed\u00ed,\" \u0159ekl mar\u0161\u00e1lek Sejmu b\u011bhem setk\u00e1n\u00ed s diplomatick\u00fdm sborem u p\u0159\u00edle\u017eitosti Dne \u00fastavy 3. kv\u011btna. - Dnes je t\u0159eba p\u0159ipomenout, \u017ee \u00dastava 3. kv\u011btna byla projektem evropsk\u00e9ho charakteru, nebo\u0165 nov\u011b upravovala sou\u017eit\u00ed Polska a Litvy, \u0159ekl p\u0159edseda parlamentu.<\/p>\n<p>Marek Kuchci\u0144ski zd\u016fraznil, \u017ee se jako p\u0159edseda Sejmu \u00fa\u010dastn\u00ed mezin\u00e1rodn\u00edch jedn\u00e1n\u00ed mnohostrann\u00e9 i dvoustrann\u00e9 povahy, v\u010detn\u011b zased\u00e1n\u00ed p\u0159edsed\u016f parlament\u016f Evropsk\u00e9 unie. P\u0159ipomn\u011bl tak\u00e9 projekt obnovy Unie p\u0159edlo\u017een\u00fd Polskem na zased\u00e1n\u00ed v Lucemburku, a to \"Evropa solidarity\". Bezpe\u010dnost, hranice, obnoven\u00e9 instituce\".<\/p>\n<p>Proto\u017ee si uv\u011bdomuji, \u017ee Evropa je mnohem \u0161ir\u0161\u00ed ne\u017e Evropsk\u00e1 unie, p\u0159evzal jsem iniciativu k setk\u00e1n\u00ed p\u0159edsed\u016f parlament\u016f zem\u00ed st\u0159edn\u00ed a v\u00fdchodn\u00ed Evropy, kter\u00e9 nejsou \u010dleny EU. Konference se konala v Sejmu na konci srpna lo\u0148sk\u00e9ho roku a potvrdila opr\u00e1vn\u011bnost t\u00e9to iniciativy. Proto i v leto\u0161n\u00edm roce p\u0159ij\u00edm\u00e1me \u0159adu region\u00e1ln\u00edch iniciativ t\u00fdkaj\u00edc\u00edch se na\u0161eho sou\u017eit\u00ed v Evrop\u011b. Jde o ment\u00e1ln\u00ed, kulturn\u00ed a politickou bl\u00edzkost,\" ujistil p\u0159edseda parlamentu.<\/p>\n<p>Sejm Polsk\u00e9 republiky v \u010dele s mar\u0161\u00e1lem Kuchci\u0144sk\u00fdm prov\u00e1d\u00ed aktivn\u00ed zahrani\u010dn\u00ed politiku a parlamentn\u00ed diplomacie nab\u00fdv\u00e1 na v\u00fdznamu. - Uplynul\u00fd rok 2016 byl rokem 1050. v\u00fdro\u010d\u00ed pok\u0159t\u011bn\u00ed Polska - p\u0159i t\u00e9to p\u0159\u00edle\u017eitosti se v Poznani konalo N\u00e1rodn\u00ed shrom\u00e1\u017ed\u011bn\u00ed a cel\u00fd rok byl pln\u00fd \u010detn\u00fdch iniciativ p\u0159ipom\u00ednaj\u00edc\u00edch toto v\u00fdznamn\u00e9 v\u00fdro\u010d\u00ed, uvedl p\u0159edseda Sejmu. P\u0159ipomn\u011bl tak\u00e9 \u010detn\u00e1 ofici\u00e1ln\u00ed i neform\u00e1ln\u00ed bilater\u00e1ln\u00ed setk\u00e1n\u00ed s p\u0159edsedy parlament\u016f t\u00e9m\u011b\u0159 v\u0161ech evropsk\u00fdch zem\u00ed, \u00fa\u010dast polsk\u00e9ho Sejmu na oslav\u00e1ch Roku polsko-ma\u010farsk\u00e9 solidarity a Dn\u016f polsko-ma\u010farsk\u00e9ho p\u0159\u00e1telstv\u00ed, podpis dohody o strategick\u00e9 spolupr\u00e1ci mezi polsk\u00fdm a ma\u010farsk\u00fdm parlamentem a projekt Karpatsk\u00e1 Evropa za \u00fa\u010dasti poslanc\u016f ze zem\u00ed st\u0159edn\u00ed a v\u00fdchodn\u00ed Evropy, \u010detn\u00e1 \u010dty\u0159strann\u00e1 setk\u00e1n\u00ed p\u0159edsed\u016f parlament\u016f zem\u00ed Visegr\u00e1dsk\u00e9 skupiny, setk\u00e1n\u00ed p\u0159edsednictev polsk\u00e9ho Sejmu s p\u0159edsednictvy ostatn\u00edch parlament\u016f, bilater\u00e1ln\u00ed skupiny a parlamentn\u00ed f\u00f3ra, spolupr\u00e1ce v r\u00e1mci bilater\u00e1ln\u00edch i multilater\u00e1ln\u00edch parlamentn\u00edch shrom\u00e1\u017ed\u011bn\u00ed, n\u00e1v\u0161t\u011bva delegace polsko-b\u011blorusk\u00e9 parlamentn\u00ed skupiny v B\u011blorusku, \u010dinnost v r\u00e1mci parlamentn\u00ed dimenze V\u00fdmarsk\u00e9ho troj\u00faheln\u00edku.<\/p>\n<p><a href=\"https:\/\/marekkuchcinski.pl\/wp-content\/uploads\/2017\/05\/RZ__1017.jpg\"><img fetchpriority=\"high\" decoding=\"async\" class=\"alignnone size-full wp-image-6346\" src=\"https:\/\/marekkuchcinski.pl\/wp-content\/uploads\/2017\/05\/RZ__1017.jpg\" alt=\"RZ__1017\" width=\"3360\" height=\"2240\" srcset=\"https:\/\/marekkuchcinski.pl\/wp-content\/uploads\/2017\/05\/RZ__1017.jpg 2048w, https:\/\/marekkuchcinski.pl\/wp-content\/uploads\/2017\/05\/RZ__1017-300x200.jpg 300w, https:\/\/marekkuchcinski.pl\/wp-content\/uploads\/2017\/05\/RZ__1017-768x512.jpg 768w, https:\/\/marekkuchcinski.pl\/wp-content\/uploads\/2017\/05\/RZ__1017-1024x683.jpg 1024w\" sizes=\"(max-width: 3360px) 100vw, 3360px\" \/><\/a><\/p>\n<p>&nbsp;<\/p>","protected":false},"excerpt":{"rendered":"<p>Sejm Rzeczypospolitej Polskiej b\u0119dzie kontynuowa\u0142 i rozwija\u0142 swoj\u0105 aktywno\u015b\u0107 na wszystkich istniej\u0105cych kierunkach oraz wzmacnia\u0142 j\u0105 we wszystkich dziedzinach i obszarach, kt\u00f3re s\u0105 istotne dla wsp\u00f3\u0142czesnego \u015brodowiska mi\u0119dzynarodowego \u2013 powiedzia\u0142 marsza\u0142ek Sejmu podczas spotkania z korpusem dyplomatycznym z okazji \u015awi\u0119ta Konstytucji 3 maja. \u2013 Dzisiaj warto pami\u0119ta\u0107, \u017ce Konstytucja 3 maja by\u0142a projektem o\u00a0charakterze unijnym, [&hellip;]<\/p>\n","protected":false},"author":6,"featured_media":6347,"comment_status":"open","ping_status":"open","sticky":false,"template":"","format":"standard","meta":{"ngg_post_thumbnail":0,"footnotes":""},"categories":[50,3],"tags":[],"class_list":["post-6345","post","type-post","status-publish","format-standard","has-post-thumbnail","hentry","category-wspolpraca-miedzynarodowa","category-wydarzenia"],"_links":{"self":[{"href":"https:\/\/marekkuchcinski.pl\/cs\/wp-json\/wp\/v2\/posts\/6345","targetHints":{"allow":["GET"]}}],"collection":[{"href":"https:\/\/marekkuchcinski.pl\/cs\/wp-json\/wp\/v2\/posts"}],"about":[{"href":"https:\/\/marekkuchcinski.pl\/cs\/wp-json\/wp\/v2\/types\/post"}],"author":[{"embeddable":true,"href":"https:\/\/marekkuchcinski.pl\/cs\/wp-json\/wp\/v2\/users\/6"}],"replies":[{"embeddable":true,"href":"https:\/\/marekkuchcinski.pl\/cs\/wp-json\/wp\/v2\/comments?post=6345"}],"version-history":[{"count":1,"href":"https:\/\/marekkuchcinski.pl\/cs\/wp-json\/wp\/v2\/posts\/6345\/revisions"}],"predecessor-version":[{"id":6348,"href":"https:\/\/marekkuchcinski.pl\/cs\/wp-json\/wp\/v2\/posts\/6345\/revisions\/6348"}],"wp:featuredmedia":[{"embeddable":true,"href":"https:\/\/marekkuchcinski.pl\/cs\/wp-json\/wp\/v2\/media\/6347"}],"wp:attachment":[{"href":"https:\/\/marekkuchcinski.pl\/cs\/wp-json\/wp\/v2\/media?parent=6345"}],"wp:term":[{"taxonomy":"category","embeddable":true,"href":"https:\/\/marekkuchcinski.pl\/cs\/wp-json\/wp\/v2\/categories?post=6345"},{"taxonomy":"post_tag","embeddable":true,"href":"https:\/\/marekkuchcinski.pl\/cs\/wp-json\/wp\/v2\/tags?post=6345"}],"curies":[{"name":"wp","href":"https:\/\/api.w.org\/{rel}","templated":true}]}}