{"id":6184,"date":"2017-04-22T15:05:38","date_gmt":"2017-04-22T13:05:38","guid":{"rendered":"https:\/\/marekkuchcinski.pl\/?p=6184"},"modified":"2017-04-22T15:26:50","modified_gmt":"2017-04-22T13:26:50","slug":"list-marszalka-sejmu-prymasa-polski-abp-wojciecha-polaka-okazji-600-lecia-prymasostwa","status":"publish","type":"post","link":"https:\/\/marekkuchcinski.pl\/cs\/wydarzenia\/list-marszalka-sejmu-prymasa-polski-abp-wojciecha-polaka-okazji-600-lecia-prymasostwa\/","title":{"rendered":"Dopis p\u0159edsedy Sejmu primasovi Polska arcibiskupovi Wojciechu Pol\u00e1kovi u p\u0159\u00edle\u017eitosti 600. v\u00fdro\u010d\u00ed primasstv\u00ed"},"content":{"rendered":"<p>V leto\u0161n\u00edm roce si p\u0159ipom\u00edn\u00e1me 600. v\u00fdro\u010d\u00ed prim\u00e1tu hn\u011bzdensk\u00e9ho arcibiskupa.\u00a0<em>Jsem p\u0159esv\u011bd\u010den, \u017ee oslavy 600. v\u00fdro\u010d\u00ed prim\u00e1tu v Polsku budou nejen skv\u011blou p\u0159\u00edle\u017eitost\u00ed p\u0159ipomenout na\u0161\u00ed spole\u010dnosti toto d\u011bdictv\u00ed, ale tak\u00e9 n\u00e1m umo\u017en\u00ed siln\u011bji ne\u017e obvykle poc\u00edtit sjednocuj\u00edc\u00ed s\u00edlu k\u0159es\u0165anstv\u00ed pro na\u0161e spole\u010denstv\u00ed.<\/em> - napsal p\u0159edseda Sejmu Marek Kuchci\u0144ski v dopise primasovi Polska Wojciechu Pol\u00e1kovi.<\/p>\n<p><a href=\"https:\/\/marekkuchcinski.pl\/wp-content\/uploads\/2017\/04\/1-FullSizeRender-001.jpg\"><img fetchpriority=\"high\" decoding=\"async\" class=\"alignnone size-full wp-image-6191\" src=\"https:\/\/marekkuchcinski.pl\/wp-content\/uploads\/2017\/04\/1-FullSizeRender-001.jpg\" alt=\"1-FullSizeRender-001\" width=\"647\" height=\"863\" srcset=\"https:\/\/marekkuchcinski.pl\/wp-content\/uploads\/2017\/04\/1-FullSizeRender-001.jpg 647w, https:\/\/marekkuchcinski.pl\/wp-content\/uploads\/2017\/04\/1-FullSizeRender-001-225x300.jpg 225w\" sizes=\"(max-width: 647px) 100vw, 647px\" \/><\/a><\/p>\n<p>&nbsp;<\/p>\n<p>&nbsp;<\/p>\n<p>&nbsp;<\/p>\n<p>&nbsp;<\/p>","protected":false},"excerpt":{"rendered":"<p>W tym roku przypada jubileusz 600-lecia nadania prymasostwa arcybiskupom gnie\u017anie\u0144skim.\u00a0Jestem przekonany, \u017ce obchody 600-lecia prymasostwa w Polsce b\u0119d\u0105 nie tylko doskona\u0142\u0105 okazj\u0105 do przypomnienia naszemu spo\u0142ecze\u0144stwu tego dziedzictwa, lecz tak\u017ce pozwol\u0105 poczu\u0107 mocniej ni\u017c zwykle jednocz\u0105c\u0105 si\u0142\u0119 chrze\u015bcija\u0144stwa dla naszej wsp\u00f3lnoty &#8211; napisa\u0142 w li\u015bcie do Prymasa Polski Wojciecha Polaka Marsza\u0142ek Sejmu Marek Kuchci\u0144ski. &nbsp; [&hellip;]<\/p>\n","protected":false},"author":6,"featured_media":6194,"comment_status":"open","ping_status":"open","sticky":false,"template":"","format":"standard","meta":{"ngg_post_thumbnail":0,"footnotes":""},"categories":[3],"tags":[],"class_list":["post-6184","post","type-post","status-publish","format-standard","has-post-thumbnail","hentry","category-wydarzenia"],"_links":{"self":[{"href":"https:\/\/marekkuchcinski.pl\/cs\/wp-json\/wp\/v2\/posts\/6184","targetHints":{"allow":["GET"]}}],"collection":[{"href":"https:\/\/marekkuchcinski.pl\/cs\/wp-json\/wp\/v2\/posts"}],"about":[{"href":"https:\/\/marekkuchcinski.pl\/cs\/wp-json\/wp\/v2\/types\/post"}],"author":[{"embeddable":true,"href":"https:\/\/marekkuchcinski.pl\/cs\/wp-json\/wp\/v2\/users\/6"}],"replies":[{"embeddable":true,"href":"https:\/\/marekkuchcinski.pl\/cs\/wp-json\/wp\/v2\/comments?post=6184"}],"version-history":[{"count":8,"href":"https:\/\/marekkuchcinski.pl\/cs\/wp-json\/wp\/v2\/posts\/6184\/revisions"}],"predecessor-version":[{"id":6199,"href":"https:\/\/marekkuchcinski.pl\/cs\/wp-json\/wp\/v2\/posts\/6184\/revisions\/6199"}],"wp:featuredmedia":[{"embeddable":true,"href":"https:\/\/marekkuchcinski.pl\/cs\/wp-json\/wp\/v2\/media\/6194"}],"wp:attachment":[{"href":"https:\/\/marekkuchcinski.pl\/cs\/wp-json\/wp\/v2\/media?parent=6184"}],"wp:term":[{"taxonomy":"category","embeddable":true,"href":"https:\/\/marekkuchcinski.pl\/cs\/wp-json\/wp\/v2\/categories?post=6184"},{"taxonomy":"post_tag","embeddable":true,"href":"https:\/\/marekkuchcinski.pl\/cs\/wp-json\/wp\/v2\/tags?post=6184"}],"curies":[{"name":"wp","href":"https:\/\/api.w.org\/{rel}","templated":true}]}}