{"id":6051,"date":"2017-04-16T08:04:48","date_gmt":"2017-04-16T06:04:48","guid":{"rendered":"https:\/\/marekkuchcinski.pl\/?p=6051"},"modified":"2017-04-17T10:43:39","modified_gmt":"2017-04-17T08:43:39","slug":"sniadanie-wielkanocne-caritas-archidiecezji-przemyskiej","status":"publish","type":"post","link":"https:\/\/marekkuchcinski.pl\/cs\/wydarzenia\/sniadanie-wielkanocne-caritas-archidiecezji-przemyskiej\/","title":{"rendered":"Velikono\u010dn\u00ed sn\u00eddan\u011b Caritas arcidiec\u00e9ze Przemy\u015bl"},"content":{"rendered":"<p>V p\u0159edve\u010der slavnosti Zmrtv\u00fdchvst\u00e1n\u00ed P\u00e1n\u011b, na B\u00edlou sobotu. \u00a0<a style=\"font-style: inherit; font-weight: inherit;\" href=\"http:\/\/www.przemysl.caritas.pl\/\">Caritas arcidiec\u00e9ze Przemy\u015bl<\/a>\u00a0uspo\u0159\u00e1dal velikono\u010dn\u00ed sn\u00eddani pro lidi bez domova, osam\u011bl\u00e9 a ty, kte\u0159\u00ed pot\u0159ebuj\u00ed zvl\u00e1\u0161tn\u00ed pomoc, z m\u011bsta Przemysl a jeho okol\u00ed. Setk\u00e1n\u00ed se z\u00fa\u010dastnil p\u0159emy\u0161lsk\u00fd arcibiskup metropolita Adam Szal, kter\u00fd po\u017eehnal j\u00eddlo na velikono\u010dn\u00ed st\u016fl a pop\u0159\u00e1l v\u0161em p\u0159\u00edtomn\u00fdm velikono\u010dn\u00ed sv\u00e1tky. Velikono\u010dn\u00ed p\u0159\u00e1n\u00ed vyslovil tak\u00e9 p\u0159edseda polsk\u00e9ho Sejmu -\u00a0<strong style=\"font-style: inherit;\">Marek Kuchci\u0144ski<\/strong>, n\u00e1m\u011bstek mar\u0161\u00e1lka Podkarpatsk\u00e9 oblasti -\u00a0<strong style=\"font-style: inherit;\">Lucjan Ku\u017aniar<\/strong>\u00a0a starosta m\u011bsta Przemy\u015bl -\u00a0<strong style=\"font-style: inherit;\">Robert Choma<\/strong>, Przemysl Starost -\u00a0<strong style=\"font-style: inherit;\">Jan P\u0105czek\u00a0<\/strong>a vrchn\u00ed velitel \u017eelezni\u010dn\u00ed policie -<strong>\u00a0<\/strong><strong style=\"font-style: inherit;\">Joseph Halyk<\/strong>.<\/p>\n<p>- Cht\u011bl bych co nejsrde\u010dn\u011bji pop\u0159\u00e1t zdrav\u00ed, klid a velkou nad\u011bji, \u017ee dojde ke zm\u011bn\u00e1m a \u017ee se st\u00e1tn\u00ed org\u00e1ny budou o v\u0161echny obyvatele na\u0161\u00ed vlasti starat s rostouc\u00ed silou - \u0159ekl mar\u0161\u00e1l Kuchci\u0144ski.<\/p>\n<p>Z\u00e1v\u011brem\u00a0<strong style=\"font-style: inherit;\">P\u00e1ter Artur Janiec<\/strong>, \u0159editel Caritas arcidiec\u00e9ze Przemy\u015bl, pozval v\u0161echny ke slavnostn\u00edmu stolu.<\/p>\n<p><em>Text: R\u00e1dio Fara<\/em><\/p>\n<p><a href=\"https:\/\/marekkuchcinski.pl\/wp-content\/uploads\/2017\/04\/1-C9d4LteXUAAAjKH-1.jpg\"><img fetchpriority=\"high\" decoding=\"async\" class=\"alignnone wp-image-6058\" src=\"https:\/\/marekkuchcinski.pl\/wp-content\/uploads\/2017\/04\/1-C9d4LteXUAAAjKH-1.jpg\" alt=\"1-C9d4LteXUAAAjKH\" width=\"1207\" height=\"1127\" srcset=\"https:\/\/marekkuchcinski.pl\/wp-content\/uploads\/2017\/04\/1-C9d4LteXUAAAjKH-1.jpg 879w, https:\/\/marekkuchcinski.pl\/wp-content\/uploads\/2017\/04\/1-C9d4LteXUAAAjKH-1-300x280.jpg 300w, https:\/\/marekkuchcinski.pl\/wp-content\/uploads\/2017\/04\/1-C9d4LteXUAAAjKH-1-768x717.jpg 768w\" sizes=\"(max-width: 1207px) 100vw, 1207px\" \/><\/a><em>Foto: Facebook Caritas<\/em><a href=\"https:\/\/marekkuchcinski.pl\/wp-content\/uploads\/2017\/04\/58f22aae3bd59_p.jpg\"><img decoding=\"async\" class=\"alignnone wp-image-6054\" src=\"https:\/\/marekkuchcinski.pl\/wp-content\/uploads\/2017\/04\/58f22aae3bd59_p.jpg\" alt=\"58f22aae3bd59_p\" width=\"1177\" height=\"872\" srcset=\"https:\/\/marekkuchcinski.pl\/wp-content\/uploads\/2017\/04\/58f22aae3bd59_p.jpg 780w, https:\/\/marekkuchcinski.pl\/wp-content\/uploads\/2017\/04\/58f22aae3bd59_p-300x222.jpg 300w, https:\/\/marekkuchcinski.pl\/wp-content\/uploads\/2017\/04\/58f22aae3bd59_p-768x568.jpg 768w\" sizes=\"(max-width: 1177px) 100vw, 1177px\" \/><\/a><\/p>\n<div class=\"fotoContentStream\">\n<p class=\"autor\"><em>foto: \u0141ukasz Solski, Nowiny24<\/em><\/p>\n<\/div>","protected":false},"excerpt":{"rendered":"<p>W przededniu Uroczysto\u015bci Zmartwychwstania Pa\u0144skiego, tj. w Wielk\u0105 Sobot\u0119 \u00a0Caritas Archidiecezji Przemyskiej\u00a0zorganizowa\u0142a \u015bniadanie wielkanocne dla os\u00f3b bezdomnych, samotnych i potrzebuj\u0105cych szczeg\u00f3lnej pomocy, pochodz\u0105cych z terenu miasta Przemy\u015bla i okolic. W spotkaniu uczestniczy\u0142 Metropolita Przemyski abp Adam Szal, kt\u00f3ry pob\u0142ogos\u0142awi\u0142 pokarmy na st\u00f3\u0142 wielkanocny oraz z\u0142o\u017cy\u0142 wszystkim obecnym \u017cyczenia \u015bwi\u0105teczne. \u017byczenia Wielkanocne z\u0142o\u017cyli r\u00f3wnie\u017c Marsza\u0142ek Sejmu [&hellip;]<\/p>\n","protected":false},"author":6,"featured_media":6057,"comment_status":"open","ping_status":"open","sticky":false,"template":"","format":"standard","meta":{"ngg_post_thumbnail":0,"footnotes":""},"categories":[49,3],"tags":[],"class_list":["post-6051","post","type-post","status-publish","format-standard","has-post-thumbnail","hentry","category-podkarpacie","category-wydarzenia"],"_links":{"self":[{"href":"https:\/\/marekkuchcinski.pl\/cs\/wp-json\/wp\/v2\/posts\/6051","targetHints":{"allow":["GET"]}}],"collection":[{"href":"https:\/\/marekkuchcinski.pl\/cs\/wp-json\/wp\/v2\/posts"}],"about":[{"href":"https:\/\/marekkuchcinski.pl\/cs\/wp-json\/wp\/v2\/types\/post"}],"author":[{"embeddable":true,"href":"https:\/\/marekkuchcinski.pl\/cs\/wp-json\/wp\/v2\/users\/6"}],"replies":[{"embeddable":true,"href":"https:\/\/marekkuchcinski.pl\/cs\/wp-json\/wp\/v2\/comments?post=6051"}],"version-history":[{"count":8,"href":"https:\/\/marekkuchcinski.pl\/cs\/wp-json\/wp\/v2\/posts\/6051\/revisions"}],"predecessor-version":[{"id":6077,"href":"https:\/\/marekkuchcinski.pl\/cs\/wp-json\/wp\/v2\/posts\/6051\/revisions\/6077"}],"wp:featuredmedia":[{"embeddable":true,"href":"https:\/\/marekkuchcinski.pl\/cs\/wp-json\/wp\/v2\/media\/6057"}],"wp:attachment":[{"href":"https:\/\/marekkuchcinski.pl\/cs\/wp-json\/wp\/v2\/media?parent=6051"}],"wp:term":[{"taxonomy":"category","embeddable":true,"href":"https:\/\/marekkuchcinski.pl\/cs\/wp-json\/wp\/v2\/categories?post=6051"},{"taxonomy":"post_tag","embeddable":true,"href":"https:\/\/marekkuchcinski.pl\/cs\/wp-json\/wp\/v2\/tags?post=6051"}],"curies":[{"name":"wp","href":"https:\/\/api.w.org\/{rel}","templated":true}]}}