{"id":6041,"date":"2017-04-14T11:13:45","date_gmt":"2017-04-14T09:13:45","guid":{"rendered":"https:\/\/marekkuchcinski.pl\/?p=6041"},"modified":"2017-04-14T11:24:26","modified_gmt":"2017-04-14T09:24:26","slug":"zyczenia-marszalka-sejmu-marka-kuchcinskiego-okazji-swiat-zmartwychwstania-panskiego","status":"publish","type":"post","link":"https:\/\/marekkuchcinski.pl\/cs\/wydarzenia\/zyczenia-marszalka-sejmu-marka-kuchcinskiego-okazji-swiat-zmartwychwstania-panskiego\/","title":{"rendered":"Pozdravy p\u0159edsedy Sejmu Marka Kuchci\u0144sk\u00e9ho u p\u0159\u00edle\u017eitosti Velikonoc"},"content":{"rendered":"<p>Velikonoce jsou pro mnoh\u00e9 z n\u00e1s v\u00fdjime\u010dn\u00fdm obdob\u00edm. \u010cas p\u0159echodu od smrti k nov\u00e9mu \u017eivotu, pascha Krista - kone\u010dn\u00e9ho v\u00edt\u011bze nad smrt\u00ed, peklem a satanem. Velikonoce jsou tak\u00e9 \u010dasem v\u00edry, \u017ee n\u00e1\u0161 sv\u011bt, na\u0161e zem\u011b, na\u0161e vlast, na\u0161e rodina, my sami sm\u011b\u0159ujeme k dobru, kter\u00e9 nakonec zv\u00edt\u011bz\u00ed. Civilizace \u017eivota zv\u00edt\u011bz\u00ed nad smrt\u00ed. Nad\u011bje p\u0159ekon\u00e1 osam\u011blost. Rodina bude napln\u011bna teplem.\u00a0<a href=\"https:\/\/marekkuchcinski.pl\/wp-content\/uploads\/2017\/04\/kartka-mail1-kopia.jpg\"><img fetchpriority=\"high\" decoding=\"async\" class=\"alignnone size-full wp-image-6043\" src=\"https:\/\/marekkuchcinski.pl\/wp-content\/uploads\/2017\/04\/kartka-mail1-kopia.jpg\" alt=\"kartka-mail1-kopia\" width=\"1535\" height=\"1122\" srcset=\"https:\/\/marekkuchcinski.pl\/wp-content\/uploads\/2017\/04\/kartka-mail1-kopia.jpg 1535w, https:\/\/marekkuchcinski.pl\/wp-content\/uploads\/2017\/04\/kartka-mail1-kopia-300x219.jpg 300w, https:\/\/marekkuchcinski.pl\/wp-content\/uploads\/2017\/04\/kartka-mail1-kopia-768x561.jpg 768w, https:\/\/marekkuchcinski.pl\/wp-content\/uploads\/2017\/04\/kartka-mail1-kopia-1024x748.jpg 1024w\" sizes=\"(max-width: 1535px) 100vw, 1535px\" \/><\/a><\/p>","protected":false},"excerpt":{"rendered":"<p>\u015awi\u0119ta Wielkanocne to dla wielu z nas czas szczeg\u00f3lny. Czas przej\u015bcia ze \u015bmierci do nowego \u017cycia, paschy Chrystusa \u2013 ostatecznego zwyci\u0119zcy \u015bmierci, piek\u0142a i szatana. Wielkanoc to tak\u017ce czas wiary w to, \u017ce nasz \u015bwiat, kraj, ojczyzna, rodzina, my sami zmierzamy w stron\u0119 dobra, kt\u00f3re ostatecznie zatriumfuje. Cywilizacja \u017cycia zwyci\u0119\u017cy \u015bmier\u0107. Nadzieja pokona samotno\u015b\u0107. Rodzina [&hellip;]<\/p>\n","protected":false},"author":6,"featured_media":0,"comment_status":"open","ping_status":"open","sticky":false,"template":"","format":"standard","meta":{"ngg_post_thumbnail":0,"footnotes":""},"categories":[77,3],"tags":[],"class_list":["post-6041","post","type-post","status-publish","format-standard","hentry","category-wazne-daty","category-wydarzenia"],"_links":{"self":[{"href":"https:\/\/marekkuchcinski.pl\/cs\/wp-json\/wp\/v2\/posts\/6041","targetHints":{"allow":["GET"]}}],"collection":[{"href":"https:\/\/marekkuchcinski.pl\/cs\/wp-json\/wp\/v2\/posts"}],"about":[{"href":"https:\/\/marekkuchcinski.pl\/cs\/wp-json\/wp\/v2\/types\/post"}],"author":[{"embeddable":true,"href":"https:\/\/marekkuchcinski.pl\/cs\/wp-json\/wp\/v2\/users\/6"}],"replies":[{"embeddable":true,"href":"https:\/\/marekkuchcinski.pl\/cs\/wp-json\/wp\/v2\/comments?post=6041"}],"version-history":[{"count":3,"href":"https:\/\/marekkuchcinski.pl\/cs\/wp-json\/wp\/v2\/posts\/6041\/revisions"}],"predecessor-version":[{"id":6046,"href":"https:\/\/marekkuchcinski.pl\/cs\/wp-json\/wp\/v2\/posts\/6041\/revisions\/6046"}],"wp:attachment":[{"href":"https:\/\/marekkuchcinski.pl\/cs\/wp-json\/wp\/v2\/media?parent=6041"}],"wp:term":[{"taxonomy":"category","embeddable":true,"href":"https:\/\/marekkuchcinski.pl\/cs\/wp-json\/wp\/v2\/categories?post=6041"},{"taxonomy":"post_tag","embeddable":true,"href":"https:\/\/marekkuchcinski.pl\/cs\/wp-json\/wp\/v2\/tags?post=6041"}],"curies":[{"name":"wp","href":"https:\/\/api.w.org\/{rel}","templated":true}]}}