{"id":6033,"date":"2017-04-13T14:45:39","date_gmt":"2017-04-13T12:45:39","guid":{"rendered":"https:\/\/marekkuchcinski.pl\/?p=6033"},"modified":"2017-04-14T09:57:46","modified_gmt":"2017-04-14T07:57:46","slug":"74-rocznica-ujawnienia-zbrodni-katynskiej","status":"publish","type":"post","link":"https:\/\/marekkuchcinski.pl\/cs\/wazne-daty\/74-rocznica-ujawnienia-zbrodni-katynskiej\/","title":{"rendered":"74. v\u00fdro\u010d\u00ed odhalen\u00ed katy\u0148sk\u00e9ho masakru"},"content":{"rendered":"<p>Den vzpom\u00ednek na katy\u0148sk\u00fd masakr p\u0159ipad\u00e1 na v\u00fdro\u010d\u00ed zve\u0159ejn\u011bn\u00ed prvn\u00edch informac\u00ed o n\u00e1lezu masov\u00fdch hrob\u016f polsk\u00fdch d\u016fstojn\u00edk\u016f n\u011bmeckou agenturou Transocean.<\/p>\n<p>Na nejvy\u0161\u0161\u00ed \u00farovni rusk\u00e9 vl\u00e1dy - Stalin, Berija, Merkulov, Rajohman - bylo v b\u0159eznu 1940 p\u0159ijato rozhodnut\u00ed vyvra\u017edit v\u00e1le\u010dn\u00e9 zajatce dr\u017een\u00e9 v t\u00e1borech v Kozelsku, Starob\u011blsku a Osta\u0161kov\u011b jako vyhl\u00e1\u0161en\u00e9 nep\u0159\u00e1tele sov\u011btsk\u00e9 moci, kte\u0159\u00ed neprok\u00e1zali nad\u011bji na zlep\u0161en\u00ed. O m\u011bs\u00edc pozd\u011bji za\u010dala likvidace t\u00e1bor\u016f.<\/p>\n<p>Ve jm\u00e9nu zvr\u00e1cen\u00e9 politiky bylo zavra\u017ed\u011bno v\u00edce ne\u017e 20 000 polsk\u00fdch d\u016fstojn\u00edk\u016f, elity polsk\u00e9 spole\u010dnosti. Rusov\u00e9 se k tomuto zlo\u010dinu dlouh\u00e1 l\u00e9ta nep\u0159izn\u00e1vali a v Polsku za komunistick\u00e9 \u00e9ry hrozilo, \u017ee kdy\u017e se o n\u011bm bude mluvit, hroz\u00ed represe. Zlo\u010din, kter\u00fd je genocidou, v\u00e1le\u010dn\u00fdm zlo\u010dinem a zlo\u010dinem proti lidskosti, st\u00e1le nen\u00ed objasn\u011bn.<\/p>\n<p><a href=\"https:\/\/marekkuchcinski.pl\/wp-content\/uploads\/2017\/04\/C9PHWvXXsAEmOjb.png\"><img fetchpriority=\"high\" decoding=\"async\" class=\"alignnone size-full wp-image-6038\" src=\"https:\/\/marekkuchcinski.pl\/wp-content\/uploads\/2017\/04\/C9PHWvXXsAEmOjb.png\" alt=\"C9PHWvXXsAEmOjb\" width=\"1200\" height=\"675\" srcset=\"https:\/\/marekkuchcinski.pl\/wp-content\/uploads\/2017\/04\/C9PHWvXXsAEmOjb.png 1200w, https:\/\/marekkuchcinski.pl\/wp-content\/uploads\/2017\/04\/C9PHWvXXsAEmOjb-300x169.png 300w, https:\/\/marekkuchcinski.pl\/wp-content\/uploads\/2017\/04\/C9PHWvXXsAEmOjb-768x432.png 768w, https:\/\/marekkuchcinski.pl\/wp-content\/uploads\/2017\/04\/C9PHWvXXsAEmOjb-1024x576.png 1024w\" sizes=\"(max-width: 1200px) 100vw, 1200px\" \/><\/a><\/p>\n<p>&nbsp;<\/p>","protected":false},"excerpt":{"rendered":"<p>Dzie\u0144 Pami\u0119ci Ofiar Zbrodni Katy\u0144skiej przypada w rocznic\u0119 opublikowania przez niemieck\u0105 Agencj\u0119 Transocean\u00a0pierwszych informacji o odkryciu masowych grob\u00f3w polskich oficer\u00f3w. Na najwy\u017cszym szczeblu w\u0142adz rosyjskich \u2013 Stalin, Beria, Mierku\u0142ow, Rajohman \u2013 w marcu 1940 roku zapad\u0142a decyzja o zamordowaniu je\u0144c\u00f3w przetrzymywanych w obozach w Kozielsku, Starobielsku i Ostaszkowie jako zdeklarowanych i nierokuj\u0105cych nadziei poprawy wrog\u00f3w [&hellip;]<\/p>\n","protected":false},"author":6,"featured_media":6034,"comment_status":"open","ping_status":"open","sticky":false,"template":"","format":"standard","meta":{"ngg_post_thumbnail":0,"footnotes":""},"categories":[77],"tags":[],"class_list":["post-6033","post","type-post","status-publish","format-standard","has-post-thumbnail","hentry","category-wazne-daty"],"_links":{"self":[{"href":"https:\/\/marekkuchcinski.pl\/cs\/wp-json\/wp\/v2\/posts\/6033","targetHints":{"allow":["GET"]}}],"collection":[{"href":"https:\/\/marekkuchcinski.pl\/cs\/wp-json\/wp\/v2\/posts"}],"about":[{"href":"https:\/\/marekkuchcinski.pl\/cs\/wp-json\/wp\/v2\/types\/post"}],"author":[{"embeddable":true,"href":"https:\/\/marekkuchcinski.pl\/cs\/wp-json\/wp\/v2\/users\/6"}],"replies":[{"embeddable":true,"href":"https:\/\/marekkuchcinski.pl\/cs\/wp-json\/wp\/v2\/comments?post=6033"}],"version-history":[{"count":3,"href":"https:\/\/marekkuchcinski.pl\/cs\/wp-json\/wp\/v2\/posts\/6033\/revisions"}],"predecessor-version":[{"id":6039,"href":"https:\/\/marekkuchcinski.pl\/cs\/wp-json\/wp\/v2\/posts\/6033\/revisions\/6039"}],"wp:featuredmedia":[{"embeddable":true,"href":"https:\/\/marekkuchcinski.pl\/cs\/wp-json\/wp\/v2\/media\/6034"}],"wp:attachment":[{"href":"https:\/\/marekkuchcinski.pl\/cs\/wp-json\/wp\/v2\/media?parent=6033"}],"wp:term":[{"taxonomy":"category","embeddable":true,"href":"https:\/\/marekkuchcinski.pl\/cs\/wp-json\/wp\/v2\/categories?post=6033"},{"taxonomy":"post_tag","embeddable":true,"href":"https:\/\/marekkuchcinski.pl\/cs\/wp-json\/wp\/v2\/tags?post=6033"}],"curies":[{"name":"wp","href":"https:\/\/api.w.org\/{rel}","templated":true}]}}