{"id":6004,"date":"2017-04-13T10:22:47","date_gmt":"2017-04-13T08:22:47","guid":{"rendered":"https:\/\/marekkuchcinski.pl\/?p=6004"},"modified":"2017-04-13T10:32:26","modified_gmt":"2017-04-13T08:32:26","slug":"marek-kuchcinski-musimy-dbac-o-pamiec-historyczna-o-korzenie-myslac-o-przyszlosci","status":"publish","type":"post","link":"https:\/\/marekkuchcinski.pl\/cs\/wydarzenia\/marek-kuchcinski-musimy-dbac-o-pamiec-historyczna-o-korzenie-myslac-o-przyszlosci\/","title":{"rendered":"Marek Kuchci\u0144ski: Mus\u00edme se starat o historickou pam\u011b\u0165, o na\u0161e ko\u0159eny, ale myslet na budoucnost"},"content":{"rendered":"<p>V r\u00e1mci vl\u00e1dn\u00ed Strategie odpov\u011bdn\u00e9ho rozvoje bude st\u0159edn\u011b velk\u00fdm m\u011bst\u016fm poskytnuta podpora ve v\u00fd\u0161i v\u00edce ne\u017e 2,5 miliardy PLN. Bal\u00ed\u010dek podpory p\u0159edstavil v Przemy\u015blu m\u00edstop\u0159edseda vl\u00e1dy, ministr rozvoje a financ\u00ed Mateusz Morawiecki. Program se bude t\u00fdkat 255 m\u011bst. Pen\u00edze maj\u00ed b\u00fdt ur\u010deny mimo jin\u00e9 na stimulaci investic, rozvoj s vyu\u017eit\u00edm jednotliv\u00fdch aktiv dan\u00e9ho regionu.<\/p>\n<p>Slavnostn\u00edho otev\u0159en\u00ed se z\u00fa\u010dastnili tak\u00e9 p\u0159edseda Sejmu Marek Kuchci\u0144ski, m\u00edstop\u0159edseda vl\u00e1dy Mateusz Morawiecki, st\u00e1tn\u00ed tajemn\u00edk ministerstva rozvoje Jerzy Kwieci\u0144ski, mar\u0161\u00e1lek Podkarpatsk\u00e9ho vojvodstv\u00ed W\u0142adys\u0142aw Ortyl a podkarpatsk\u00e1 vojvodkyn\u011b Ewa Leniart.<\/p>\n<p>Marek Kuchci\u0144ski tvrdil, \u017ee Przemy\u015bl se jev\u00ed jako m\u011bsto, kter\u00e9 spojuje nejen geografick\u00e9 oblasti, ale tak\u00e9 r\u016fzn\u00e9 iniciativy trvaj\u00edc\u00ed v\u00edce ne\u017e 1000 let. - Jsem r\u00e1d, \u017ee polsk\u00e1 vl\u00e1da, \u017ee ministr rozvoje a financ\u00ed m\u016f\u017ee vyhl\u00e1sit program pro st\u0159edn\u011b velk\u00e1 m\u011bsta pr\u00e1v\u011b v Przemy\u015blu, kter\u00fd se p\u0159i pohledu na pravou stranu Visly po\u010d\u00edt\u00e1 mezi m\u011bsta s nejv\u011bt\u0161\u00edm po\u010dtem pam\u00e1tek. Je v nich velk\u00e1 s\u00edla a my jako historick\u00fd n\u00e1rod mus\u00edme pe\u010dovat o historickou pam\u011b\u0165, o sv\u00e9 ko\u0159eny, ale myslet na budoucnost, proto\u017ee z\u00e1kladem rozvoje je ekonomika, finance. Douf\u00e1m, \u017ee program spln\u00ed na\u0161e o\u010dek\u00e1v\u00e1n\u00ed,\" \u0159ekl.<\/p>\n<p><a href=\"https:\/\/marekkuchcinski.pl\/wp-content\/uploads\/2017\/04\/C9M5YiYW0AQO8s2.png\"><img fetchpriority=\"high\" decoding=\"async\" class=\"alignnone size-full wp-image-6005\" src=\"https:\/\/marekkuchcinski.pl\/wp-content\/uploads\/2017\/04\/C9M5YiYW0AQO8s2.png\" alt=\"C9M5YiYW0AQO8s2\" width=\"1024\" height=\"512\" srcset=\"https:\/\/marekkuchcinski.pl\/wp-content\/uploads\/2017\/04\/C9M5YiYW0AQO8s2.png 1024w, https:\/\/marekkuchcinski.pl\/wp-content\/uploads\/2017\/04\/C9M5YiYW0AQO8s2-300x150.png 300w, https:\/\/marekkuchcinski.pl\/wp-content\/uploads\/2017\/04\/C9M5YiYW0AQO8s2-768x384.png 768w\" sizes=\"(max-width: 1024px) 100vw, 1024px\" \/><\/a><\/p>\n<p>V kv\u011btnu pl\u00e1nuje program Infrastruktura a \u017eivotn\u00ed prost\u0159ed\u00ed (OP\u017dP) sout\u011b\u017e na zlep\u0161en\u00ed m\u011bstsk\u00e9ho prost\u0159ed\u00ed v degradovan\u00fdch m\u011bstsk\u00fdch oblastech se samostatnou ob\u00e1lkou 100 milion\u016f PLN pro 255 st\u0159edn\u011b velk\u00fdch m\u011bst, z toho 50 milion\u016f PLN pro 122 st\u0159edn\u011b velk\u00fdch m\u011bst, kter\u00e1 ztr\u00e1cej\u00ed socioekonomick\u00e9 funkce;<\/p>\n<p>V \u010dervnu\/\u010dervenci pl\u00e1nuje program V\u00fdchodn\u00ed Polsko (EIP) sout\u011b\u017e se samostatnou ob\u00e1lkou ve v\u00fd\u0161i 60 milion\u016f PLN pro projekty na \u00fazem\u00ed st\u0159edn\u011b velk\u00fdch m\u011bst, kter\u00e1 ztr\u00e1cej\u00ed socioekonomick\u00e9 funkce, z oblasti v\u00fdchodn\u00edho Polska, t\u00fdkaj\u00edc\u00ed se zav\u00e1d\u011bn\u00ed inovac\u00ed mal\u00fdmi a st\u0159edn\u00edmi podniky;<\/p>\n<p>V \u0159\u00edjnu je pl\u00e1nov\u00e1na sout\u011b\u017e v hodnot\u011b 15 milion\u016f PLN v r\u00e1mci programu rozvoje znalostn\u00edho vzd\u011bl\u00e1v\u00e1n\u00ed (POWER) pro nadn\u00e1rodn\u00ed spolupr\u00e1ci v oblasti soci\u00e1ln\u00ed revitalizace, kter\u00e1 je ur\u010dena pro 122 st\u0159edn\u011b velk\u00fdch m\u011bst, je\u017e ztr\u00e1cej\u00ed socioekonomick\u00e9 funkce;<\/p>\n<p>Na konci roku pl\u00e1nuje program Inteligentn\u00ed rozvoj (OP PI) sout\u011b\u017e v hodnot\u011b 400 milion\u016f PLN na v\u00fdzkum trhu, kter\u00e1 bude cel\u00e1 v\u011bnov\u00e1na projekt\u016fm v 255 st\u0159edn\u011b velk\u00fdch m\u011bstech.<\/p>\n<p>Celkov\u00fd objem prost\u0159edk\u016f v n\u00e1rodn\u00edch opera\u010dn\u00edch programech v sout\u011b\u017e\u00edch ur\u010den\u00fdch pro st\u0159edn\u011b velk\u00e1 m\u011bsta v r\u00e1mci bal\u00ed\u010dku, pl\u00e1novan\u00fdch na p\u0159\u00ed\u0161t\u00ed roky, \u010din\u00ed t\u00e9m\u011b\u0159 2,5 miliardy PLN, z toho: POWER cca 970 milion\u016f PLN, POIR cca 900 milion\u016f PLN, OPI&amp;E cca 520 milion\u016f PLN, POPW cca 60 milion\u016f PLN.<\/p>\n<p><strong>Investi\u010dn\u00ed fond m\u00edstn\u00edch samospr\u00e1v<\/strong><\/p>\n<p>Dal\u0161\u00edm zp\u016fsobem podpory st\u0159edn\u011b velk\u00fdch m\u011bst je vyu\u017eit\u00ed jin\u00fdch n\u00e1stroj\u016f ne\u017e dluhu nebo dotac\u00ed, kter\u00e9 nab\u00edz\u00ed Investi\u010dn\u00ed fond m\u00edstn\u00ed samospr\u00e1vy (FIS) spravovan\u00fd Polsk\u00fdm rozvojov\u00fdm fondem. V r\u00e1mci fondu je mo\u017en\u00e9 z\u00edskat podporu na investice financovan\u00e9 v\u00fdhradn\u011b z n\u00e1rodn\u00edch zdroj\u016f nebo z\u00edskat kapit\u00e1l na vlastn\u00ed p\u0159\u00edsp\u011bvky k projekt\u016fm financovan\u00fdm EU. Mezi potenci\u00e1ln\u00ed oblasti podpory pat\u0159\u00ed silnice, vodohospod\u00e1\u0159stv\u00ed a kanalizace, odpadov\u00e9 hospod\u00e1\u0159stv\u00ed, dod\u00e1vky energie a plynu, soci\u00e1ln\u00ed infrastruktura, revitalizace, ve\u0159ejn\u00e1 doprava nebo zdravotnictv\u00ed.<\/p>\n<p><em>info: portalsamorzadowy.pl<\/em><\/p>\n<p><em>Foto: Michal Mielniczuk UMWP<\/em><\/p>\n<p><a href=\"https:\/\/marekkuchcinski.pl\/wp-content\/uploads\/2017\/04\/09.jpg\"><img decoding=\"async\" class=\"alignnone size-full wp-image-6006\" src=\"https:\/\/marekkuchcinski.pl\/wp-content\/uploads\/2017\/04\/09.jpg\" alt=\"09\" width=\"2560\" height=\"1999\" srcset=\"https:\/\/marekkuchcinski.pl\/wp-content\/uploads\/2017\/04\/09.jpg 2048w, https:\/\/marekkuchcinski.pl\/wp-content\/uploads\/2017\/04\/09-300x234.jpg 300w, https:\/\/marekkuchcinski.pl\/wp-content\/uploads\/2017\/04\/09-768x600.jpg 768w, https:\/\/marekkuchcinski.pl\/wp-content\/uploads\/2017\/04\/09-1024x800.jpg 1024w\" sizes=\"(max-width: 2560px) 100vw, 2560px\" \/><\/a><a href=\"https:\/\/marekkuchcinski.pl\/wp-content\/uploads\/2017\/04\/14.jpg\"><img decoding=\"async\" class=\"alignnone size-full wp-image-6008\" src=\"https:\/\/marekkuchcinski.pl\/wp-content\/uploads\/2017\/04\/14.jpg\" alt=\"14\" width=\"2999\" height=\"1999\" srcset=\"https:\/\/marekkuchcinski.pl\/wp-content\/uploads\/2017\/04\/14.jpg 2048w, https:\/\/marekkuchcinski.pl\/wp-content\/uploads\/2017\/04\/14-300x200.jpg 300w, https:\/\/marekkuchcinski.pl\/wp-content\/uploads\/2017\/04\/14-768x512.jpg 768w, https:\/\/marekkuchcinski.pl\/wp-content\/uploads\/2017\/04\/14-1024x683.jpg 1024w\" sizes=\"(max-width: 2999px) 100vw, 2999px\" \/><\/a><a href=\"https:\/\/marekkuchcinski.pl\/wp-content\/uploads\/2017\/04\/22.jpg\"><img loading=\"lazy\" decoding=\"async\" class=\"alignnone size-full wp-image-6009\" src=\"https:\/\/marekkuchcinski.pl\/wp-content\/uploads\/2017\/04\/22.jpg\" alt=\"22\" width=\"2999\" height=\"1999\" srcset=\"https:\/\/marekkuchcinski.pl\/wp-content\/uploads\/2017\/04\/22.jpg 2048w, https:\/\/marekkuchcinski.pl\/wp-content\/uploads\/2017\/04\/22-300x200.jpg 300w, https:\/\/marekkuchcinski.pl\/wp-content\/uploads\/2017\/04\/22-768x512.jpg 768w, https:\/\/marekkuchcinski.pl\/wp-content\/uploads\/2017\/04\/22-1024x683.jpg 1024w\" sizes=\"(max-width: 2999px) 100vw, 2999px\" \/><\/a><a href=\"https:\/\/marekkuchcinski.pl\/wp-content\/uploads\/2017\/04\/23.jpg\"><img loading=\"lazy\" decoding=\"async\" class=\"alignnone size-full wp-image-6010\" src=\"https:\/\/marekkuchcinski.pl\/wp-content\/uploads\/2017\/04\/23.jpg\" alt=\"23\" width=\"2999\" height=\"1999\" srcset=\"https:\/\/marekkuchcinski.pl\/wp-content\/uploads\/2017\/04\/23.jpg 2048w, https:\/\/marekkuchcinski.pl\/wp-content\/uploads\/2017\/04\/23-300x200.jpg 300w, https:\/\/marekkuchcinski.pl\/wp-content\/uploads\/2017\/04\/23-768x512.jpg 768w, https:\/\/marekkuchcinski.pl\/wp-content\/uploads\/2017\/04\/23-1024x683.jpg 1024w\" sizes=\"(max-width: 2999px) 100vw, 2999px\" \/><\/a><a href=\"https:\/\/marekkuchcinski.pl\/wp-content\/uploads\/2017\/04\/26.jpg\"><img loading=\"lazy\" decoding=\"async\" class=\"alignnone size-full wp-image-6011\" src=\"https:\/\/marekkuchcinski.pl\/wp-content\/uploads\/2017\/04\/26.jpg\" alt=\"26\" width=\"2999\" height=\"1999\" srcset=\"https:\/\/marekkuchcinski.pl\/wp-content\/uploads\/2017\/04\/26.jpg 2048w, https:\/\/marekkuchcinski.pl\/wp-content\/uploads\/2017\/04\/26-300x200.jpg 300w, https:\/\/marekkuchcinski.pl\/wp-content\/uploads\/2017\/04\/26-768x512.jpg 768w, https:\/\/marekkuchcinski.pl\/wp-content\/uploads\/2017\/04\/26-1024x683.jpg 1024w\" sizes=\"(max-width: 2999px) 100vw, 2999px\" \/><\/a><a href=\"https:\/\/marekkuchcinski.pl\/wp-content\/uploads\/2017\/04\/A88A0671.jpg\"><img loading=\"lazy\" decoding=\"async\" class=\"alignnone size-full wp-image-6012\" src=\"https:\/\/marekkuchcinski.pl\/wp-content\/uploads\/2017\/04\/A88A0671.jpg\" alt=\"A88A0671\" width=\"2999\" height=\"1999\" srcset=\"https:\/\/marekkuchcinski.pl\/wp-content\/uploads\/2017\/04\/A88A0671.jpg 2048w, https:\/\/marekkuchcinski.pl\/wp-content\/uploads\/2017\/04\/A88A0671-300x200.jpg 300w, https:\/\/marekkuchcinski.pl\/wp-content\/uploads\/2017\/04\/A88A0671-768x512.jpg 768w, https:\/\/marekkuchcinski.pl\/wp-content\/uploads\/2017\/04\/A88A0671-1024x683.jpg 1024w\" sizes=\"(max-width: 2999px) 100vw, 2999px\" \/><\/a><a href=\"https:\/\/marekkuchcinski.pl\/wp-content\/uploads\/2017\/04\/01-2.jpg\"><img loading=\"lazy\" decoding=\"async\" class=\"alignnone size-full wp-image-6013\" src=\"https:\/\/marekkuchcinski.pl\/wp-content\/uploads\/2017\/04\/01-2.jpg\" alt=\"01 2\" width=\"2999\" height=\"1999\" srcset=\"https:\/\/marekkuchcinski.pl\/wp-content\/uploads\/2017\/04\/01-2.jpg 2048w, https:\/\/marekkuchcinski.pl\/wp-content\/uploads\/2017\/04\/01-2-300x200.jpg 300w, https:\/\/marekkuchcinski.pl\/wp-content\/uploads\/2017\/04\/01-2-768x512.jpg 768w, https:\/\/marekkuchcinski.pl\/wp-content\/uploads\/2017\/04\/01-2-1024x683.jpg 1024w\" sizes=\"(max-width: 2999px) 100vw, 2999px\" \/><\/a><a href=\"https:\/\/marekkuchcinski.pl\/wp-content\/uploads\/2017\/04\/01.jpg\"><img loading=\"lazy\" decoding=\"async\" class=\"alignnone size-full wp-image-6014\" src=\"https:\/\/marekkuchcinski.pl\/wp-content\/uploads\/2017\/04\/01.jpg\" alt=\"01\" width=\"2999\" height=\"1999\" srcset=\"https:\/\/marekkuchcinski.pl\/wp-content\/uploads\/2017\/04\/01.jpg 2048w, https:\/\/marekkuchcinski.pl\/wp-content\/uploads\/2017\/04\/01-300x200.jpg 300w, https:\/\/marekkuchcinski.pl\/wp-content\/uploads\/2017\/04\/01-768x512.jpg 768w, https:\/\/marekkuchcinski.pl\/wp-content\/uploads\/2017\/04\/01-1024x683.jpg 1024w\" sizes=\"(max-width: 2999px) 100vw, 2999px\" \/><\/a><a href=\"https:\/\/marekkuchcinski.pl\/wp-content\/uploads\/2017\/04\/02.jpg\"><img loading=\"lazy\" decoding=\"async\" class=\"alignnone size-full wp-image-6015\" src=\"https:\/\/marekkuchcinski.pl\/wp-content\/uploads\/2017\/04\/02.jpg\" alt=\"02\" width=\"2999\" height=\"1999\" srcset=\"https:\/\/marekkuchcinski.pl\/wp-content\/uploads\/2017\/04\/02.jpg 2048w, https:\/\/marekkuchcinski.pl\/wp-content\/uploads\/2017\/04\/02-300x200.jpg 300w, https:\/\/marekkuchcinski.pl\/wp-content\/uploads\/2017\/04\/02-768x512.jpg 768w, https:\/\/marekkuchcinski.pl\/wp-content\/uploads\/2017\/04\/02-1024x683.jpg 1024w\" sizes=\"(max-width: 2999px) 100vw, 2999px\" \/><\/a><a href=\"https:\/\/marekkuchcinski.pl\/wp-content\/uploads\/2017\/04\/03.jpg\"><img loading=\"lazy\" decoding=\"async\" class=\"alignnone size-full wp-image-6016\" src=\"https:\/\/marekkuchcinski.pl\/wp-content\/uploads\/2017\/04\/03.jpg\" alt=\"03\" width=\"2999\" height=\"1999\" srcset=\"https:\/\/marekkuchcinski.pl\/wp-content\/uploads\/2017\/04\/03.jpg 2048w, https:\/\/marekkuchcinski.pl\/wp-content\/uploads\/2017\/04\/03-300x200.jpg 300w, https:\/\/marekkuchcinski.pl\/wp-content\/uploads\/2017\/04\/03-768x512.jpg 768w, https:\/\/marekkuchcinski.pl\/wp-content\/uploads\/2017\/04\/03-1024x683.jpg 1024w\" sizes=\"(max-width: 2999px) 100vw, 2999px\" \/><\/a><a href=\"https:\/\/marekkuchcinski.pl\/wp-content\/uploads\/2017\/04\/04.jpg\"><img loading=\"lazy\" decoding=\"async\" class=\"alignnone size-full wp-image-6017\" src=\"https:\/\/marekkuchcinski.pl\/wp-content\/uploads\/2017\/04\/04.jpg\" alt=\"04\" width=\"2999\" height=\"1999\" srcset=\"https:\/\/marekkuchcinski.pl\/wp-content\/uploads\/2017\/04\/04.jpg 2048w, https:\/\/marekkuchcinski.pl\/wp-content\/uploads\/2017\/04\/04-300x200.jpg 300w, https:\/\/marekkuchcinski.pl\/wp-content\/uploads\/2017\/04\/04-768x512.jpg 768w, https:\/\/marekkuchcinski.pl\/wp-content\/uploads\/2017\/04\/04-1024x683.jpg 1024w\" sizes=\"(max-width: 2999px) 100vw, 2999px\" \/><\/a><a href=\"https:\/\/marekkuchcinski.pl\/wp-content\/uploads\/2017\/04\/05a.jpg\"><img loading=\"lazy\" decoding=\"async\" class=\"alignnone size-full wp-image-6018\" src=\"https:\/\/marekkuchcinski.pl\/wp-content\/uploads\/2017\/04\/05a.jpg\" alt=\"05a\" width=\"2999\" height=\"1999\" srcset=\"https:\/\/marekkuchcinski.pl\/wp-content\/uploads\/2017\/04\/05a.jpg 2048w, https:\/\/marekkuchcinski.pl\/wp-content\/uploads\/2017\/04\/05a-300x200.jpg 300w, https:\/\/marekkuchcinski.pl\/wp-content\/uploads\/2017\/04\/05a-768x512.jpg 768w, https:\/\/marekkuchcinski.pl\/wp-content\/uploads\/2017\/04\/05a-1024x683.jpg 1024w\" sizes=\"(max-width: 2999px) 100vw, 2999px\" \/><\/a><a href=\"https:\/\/marekkuchcinski.pl\/wp-content\/uploads\/2017\/04\/06.jpg\"><img loading=\"lazy\" decoding=\"async\" class=\"alignnone size-full wp-image-6019\" src=\"https:\/\/marekkuchcinski.pl\/wp-content\/uploads\/2017\/04\/06.jpg\" alt=\"06\" width=\"2999\" height=\"1999\" srcset=\"https:\/\/marekkuchcinski.pl\/wp-content\/uploads\/2017\/04\/06.jpg 2048w, https:\/\/marekkuchcinski.pl\/wp-content\/uploads\/2017\/04\/06-300x200.jpg 300w, https:\/\/marekkuchcinski.pl\/wp-content\/uploads\/2017\/04\/06-768x512.jpg 768w, https:\/\/marekkuchcinski.pl\/wp-content\/uploads\/2017\/04\/06-1024x683.jpg 1024w\" sizes=\"(max-width: 2999px) 100vw, 2999px\" \/><\/a><a href=\"https:\/\/marekkuchcinski.pl\/wp-content\/uploads\/2017\/04\/07.jpg\"><img loading=\"lazy\" decoding=\"async\" class=\"alignnone size-full wp-image-6020\" src=\"https:\/\/marekkuchcinski.pl\/wp-content\/uploads\/2017\/04\/07.jpg\" alt=\"07\" width=\"2999\" height=\"1999\" srcset=\"https:\/\/marekkuchcinski.pl\/wp-content\/uploads\/2017\/04\/07.jpg 2048w, https:\/\/marekkuchcinski.pl\/wp-content\/uploads\/2017\/04\/07-300x200.jpg 300w, https:\/\/marekkuchcinski.pl\/wp-content\/uploads\/2017\/04\/07-768x512.jpg 768w, https:\/\/marekkuchcinski.pl\/wp-content\/uploads\/2017\/04\/07-1024x683.jpg 1024w\" sizes=\"(max-width: 2999px) 100vw, 2999px\" \/><\/a><a href=\"https:\/\/marekkuchcinski.pl\/wp-content\/uploads\/2017\/04\/10-2.jpg\"><img loading=\"lazy\" decoding=\"async\" class=\"alignnone size-full wp-image-6021\" src=\"https:\/\/marekkuchcinski.pl\/wp-content\/uploads\/2017\/04\/10-2.jpg\" alt=\"10 2\" width=\"2999\" height=\"1999\" srcset=\"https:\/\/marekkuchcinski.pl\/wp-content\/uploads\/2017\/04\/10-2.jpg 2048w, https:\/\/marekkuchcinski.pl\/wp-content\/uploads\/2017\/04\/10-2-300x200.jpg 300w, https:\/\/marekkuchcinski.pl\/wp-content\/uploads\/2017\/04\/10-2-768x512.jpg 768w, https:\/\/marekkuchcinski.pl\/wp-content\/uploads\/2017\/04\/10-2-1024x683.jpg 1024w\" sizes=\"(max-width: 2999px) 100vw, 2999px\" \/><\/a><a href=\"https:\/\/marekkuchcinski.pl\/wp-content\/uploads\/2017\/04\/10.jpg\"><img loading=\"lazy\" decoding=\"async\" class=\"alignnone size-full wp-image-6022\" src=\"https:\/\/marekkuchcinski.pl\/wp-content\/uploads\/2017\/04\/10.jpg\" alt=\"10\" width=\"2999\" height=\"1999\" srcset=\"https:\/\/marekkuchcinski.pl\/wp-content\/uploads\/2017\/04\/10.jpg 2048w, https:\/\/marekkuchcinski.pl\/wp-content\/uploads\/2017\/04\/10-300x200.jpg 300w, https:\/\/marekkuchcinski.pl\/wp-content\/uploads\/2017\/04\/10-768x512.jpg 768w, https:\/\/marekkuchcinski.pl\/wp-content\/uploads\/2017\/04\/10-1024x683.jpg 1024w\" sizes=\"(max-width: 2999px) 100vw, 2999px\" \/><\/a><a href=\"https:\/\/marekkuchcinski.pl\/wp-content\/uploads\/2017\/04\/11.jpg\"><img loading=\"lazy\" decoding=\"async\" class=\"alignnone size-full wp-image-6023\" src=\"https:\/\/marekkuchcinski.pl\/wp-content\/uploads\/2017\/04\/11.jpg\" alt=\"11\" width=\"2999\" height=\"1999\" srcset=\"https:\/\/marekkuchcinski.pl\/wp-content\/uploads\/2017\/04\/11.jpg 2048w, https:\/\/marekkuchcinski.pl\/wp-content\/uploads\/2017\/04\/11-300x200.jpg 300w, https:\/\/marekkuchcinski.pl\/wp-content\/uploads\/2017\/04\/11-768x512.jpg 768w, https:\/\/marekkuchcinski.pl\/wp-content\/uploads\/2017\/04\/11-1024x683.jpg 1024w\" sizes=\"(max-width: 2999px) 100vw, 2999px\" \/><\/a><a href=\"https:\/\/marekkuchcinski.pl\/wp-content\/uploads\/2017\/04\/14-2.jpg\"><img loading=\"lazy\" decoding=\"async\" class=\"alignnone size-full wp-image-6024\" src=\"https:\/\/marekkuchcinski.pl\/wp-content\/uploads\/2017\/04\/14-2.jpg\" alt=\"14 2\" width=\"2999\" height=\"1999\" srcset=\"https:\/\/marekkuchcinski.pl\/wp-content\/uploads\/2017\/04\/14-2.jpg 2048w, https:\/\/marekkuchcinski.pl\/wp-content\/uploads\/2017\/04\/14-2-300x200.jpg 300w, https:\/\/marekkuchcinski.pl\/wp-content\/uploads\/2017\/04\/14-2-768x512.jpg 768w, https:\/\/marekkuchcinski.pl\/wp-content\/uploads\/2017\/04\/14-2-1024x683.jpg 1024w\" sizes=\"(max-width: 2999px) 100vw, 2999px\" \/><\/a><\/p>\n<p><em>Dal\u0161\u00ed fotografie: Kancel\u00e1\u0159 poslance Marka Kuchcinsk\u00e9ho v Przemy\u015blu:<\/em><\/p>\n<p><a href=\"https:\/\/marekkuchcinski.pl\/wp-content\/uploads\/2017\/04\/DSCN0401.jpg\"><img loading=\"lazy\" decoding=\"async\" class=\"alignnone  wp-image-6026\" src=\"https:\/\/marekkuchcinski.pl\/wp-content\/uploads\/2017\/04\/DSCN0401.jpg\" alt=\"DSCN0401\" width=\"546\" height=\"352\" srcset=\"https:\/\/marekkuchcinski.pl\/wp-content\/uploads\/2017\/04\/DSCN0401.jpg 549w, https:\/\/marekkuchcinski.pl\/wp-content\/uploads\/2017\/04\/DSCN0401-300x193.jpg 300w\" sizes=\"(max-width: 546px) 100vw, 546px\" \/><\/a> <a href=\"https:\/\/marekkuchcinski.pl\/wp-content\/uploads\/2017\/04\/DSCN0404.jpg\"><img loading=\"lazy\" decoding=\"async\" class=\"alignnone  wp-image-6028\" src=\"https:\/\/marekkuchcinski.pl\/wp-content\/uploads\/2017\/04\/DSCN0404.jpg\" alt=\"DSCN0404\" width=\"554\" height=\"418\" srcset=\"https:\/\/marekkuchcinski.pl\/wp-content\/uploads\/2017\/04\/DSCN0404.jpg 518w, https:\/\/marekkuchcinski.pl\/wp-content\/uploads\/2017\/04\/DSCN0404-300x226.jpg 300w\" sizes=\"(max-width: 554px) 100vw, 554px\" \/><\/a> <a href=\"https:\/\/marekkuchcinski.pl\/wp-content\/uploads\/2017\/04\/DSCN0406.jpg\"><img loading=\"lazy\" decoding=\"async\" class=\"alignnone  wp-image-6029\" src=\"https:\/\/marekkuchcinski.pl\/wp-content\/uploads\/2017\/04\/DSCN0406.jpg\" alt=\"DSCN0406\" width=\"554\" height=\"384\" srcset=\"https:\/\/marekkuchcinski.pl\/wp-content\/uploads\/2017\/04\/DSCN0406.jpg 631w, https:\/\/marekkuchcinski.pl\/wp-content\/uploads\/2017\/04\/DSCN0406-300x208.jpg 300w\" sizes=\"(max-width: 554px) 100vw, 554px\" \/><\/a><\/p>\n<p>&nbsp;<\/p>\n<p>&nbsp;<\/p>","protected":false},"excerpt":{"rendered":"<p>Ponad 2,5 mld z\u0142 wsparcia trafi do \u015brednich miast w ramach rz\u0105dowej Strategii na rzecz Odpowiedzialnego Rozwoju. Pakiet wsparcia przedstawi\u0142 w Przemy\u015blu wicepremier, minister rozwoju i finans\u00f3w Mateusz Morawiecki. Program obejmie 255 miast. Pieni\u0105dze maj\u0105 by\u0107 przeznaczone m.in. na pobudzenie inwestycji, rozw\u00f3j z wykorzystaniem indywidualnych walor\u00f3w danego regionu. Na inauguracji obecni byli tak\u017ce marsza\u0142ek Sejmu [&hellip;]<\/p>\n","protected":false},"author":6,"featured_media":6007,"comment_status":"open","ping_status":"open","sticky":false,"template":"","format":"standard","meta":{"ngg_post_thumbnail":0,"footnotes":""},"categories":[49,82,3],"tags":[],"class_list":["post-6004","post","type-post","status-publish","format-standard","has-post-thumbnail","hentry","category-podkarpacie","category-prawo-i-sprawiedliwosc","category-wydarzenia"],"_links":{"self":[{"href":"https:\/\/marekkuchcinski.pl\/cs\/wp-json\/wp\/v2\/posts\/6004","targetHints":{"allow":["GET"]}}],"collection":[{"href":"https:\/\/marekkuchcinski.pl\/cs\/wp-json\/wp\/v2\/posts"}],"about":[{"href":"https:\/\/marekkuchcinski.pl\/cs\/wp-json\/wp\/v2\/types\/post"}],"author":[{"embeddable":true,"href":"https:\/\/marekkuchcinski.pl\/cs\/wp-json\/wp\/v2\/users\/6"}],"replies":[{"embeddable":true,"href":"https:\/\/marekkuchcinski.pl\/cs\/wp-json\/wp\/v2\/comments?post=6004"}],"version-history":[{"count":3,"href":"https:\/\/marekkuchcinski.pl\/cs\/wp-json\/wp\/v2\/posts\/6004\/revisions"}],"predecessor-version":[{"id":6032,"href":"https:\/\/marekkuchcinski.pl\/cs\/wp-json\/wp\/v2\/posts\/6004\/revisions\/6032"}],"wp:featuredmedia":[{"embeddable":true,"href":"https:\/\/marekkuchcinski.pl\/cs\/wp-json\/wp\/v2\/media\/6007"}],"wp:attachment":[{"href":"https:\/\/marekkuchcinski.pl\/cs\/wp-json\/wp\/v2\/media?parent=6004"}],"wp:term":[{"taxonomy":"category","embeddable":true,"href":"https:\/\/marekkuchcinski.pl\/cs\/wp-json\/wp\/v2\/categories?post=6004"},{"taxonomy":"post_tag","embeddable":true,"href":"https:\/\/marekkuchcinski.pl\/cs\/wp-json\/wp\/v2\/tags?post=6004"}],"curies":[{"name":"wp","href":"https:\/\/api.w.org\/{rel}","templated":true}]}}