{"id":5778,"date":"2017-04-05T15:10:02","date_gmt":"2017-04-05T13:10:02","guid":{"rendered":"https:\/\/marekkuchcinski.pl\/?p=5778"},"modified":"2017-04-05T15:10:02","modified_gmt":"2017-04-05T13:10:02","slug":"zmarla-olga-johann-wiceprzewodniczaca-rady-m-st-warszawy-radna-pis","status":"publish","type":"post","link":"https:\/\/marekkuchcinski.pl\/cs\/wydarzenia\/zmarla-olga-johann-wiceprzewodniczaca-rady-m-st-warszawy-radna-pis\/","title":{"rendered":"Zem\u0159ela Olga Johannov\u00e1, m\u00edstop\u0159edsedkyn\u011b var\u0161avsk\u00e9 m\u011bstsk\u00e9 rady, \u010dlenka strany Pr\u00e1vo a spravedlnost (PiS)."},"content":{"rendered":"<p>Olga Johannov\u00e1 st\u00e1la v\u017edy na spr\u00e1vn\u00e9 stran\u011b. M\u011bla velkou \u00factu ke sv\u00e9 zemi a velk\u00e9 srdce pro lidi. Byla \u010dlenkou v\u00fdboru na ministerstvu \u0161kolstv\u00ed, kter\u00fd se zab\u00fdval probl\u00e9my mlad\u00fdch lid\u00ed s posti\u017een\u00edm. Pracovala tak\u00e9 na Lince d\u016fv\u011bry pro ml\u00e1de\u017e, byla znalkyn\u00ed u soudu pro mladistv\u00e9 a pot\u00e9 kandid\u00e1tkou pr\u00e1va a spravedlnosti pro ombudsmana pro pr\u00e1va d\u011bt\u00ed. Jako var\u0161avsk\u00e1 radn\u00ed bojovala za star\u00e9 \u010din\u017eovn\u00ed domy, za pozemky od\u0148at\u00e9 na z\u00e1klad\u011b Bierutova dekretu, za dekomunizaci ulic a za n\u00e1vrat star\u00fdch p\u0159edv\u00e1le\u010dn\u00fdch n\u00e1zv\u016f. \"Mus\u00edme bojovat za historickou pravdu,\" \u0159ekla.<\/p>\n<p>V letech 2002-2006 byla m\u00edstop\u0159edsedkyn\u00ed Mazovsk\u00e9ho vojvodsk\u00e9ho shrom\u00e1\u017ed\u011bn\u00ed. Byla tak\u00e9 p\u0159edsedkyn\u00ed N\u00e1rodn\u00edho v\u00fdboru pro audit v oblasti pr\u00e1va a spravedlnosti.<\/p>\n<p>Dne 13. prosince 2016, u p\u0159\u00edle\u017eitosti 35. v\u00fdro\u010d\u00ed zaveden\u00ed v\u00e1le\u010dn\u00e9ho stavu v Polsku, prezident Polsk\u00e9 republiky Andrzej Duda vyznamenal Olgu Johannovou Ryt\u00ed\u0159sk\u00fdm k\u0159\u00ed\u017eem \u0158\u00e1du znovuzrozen\u00ed Polska za mimo\u0159\u00e1dn\u00e9 z\u00e1sluhy o demokratick\u00e9 zm\u011bny v Polsku, za \u00fasp\u011bchy v odborn\u00e9 a spole\u010densk\u00e9 pr\u00e1ci ve prosp\u011bch zem\u011b.<\/p>\n<p><a href=\"https:\/\/marekkuchcinski.pl\/wp-content\/uploads\/2017\/04\/dwnld68971816-1.jpg\"><img fetchpriority=\"high\" decoding=\"async\" class=\"alignnone size-full wp-image-5779\" src=\"https:\/\/marekkuchcinski.pl\/wp-content\/uploads\/2017\/04\/dwnld68971816-1.jpg\" alt=\"dwnld68971816 (1)\" width=\"1500\" height=\"1000\" srcset=\"https:\/\/marekkuchcinski.pl\/wp-content\/uploads\/2017\/04\/dwnld68971816-1.jpg 1500w, https:\/\/marekkuchcinski.pl\/wp-content\/uploads\/2017\/04\/dwnld68971816-1-300x200.jpg 300w, https:\/\/marekkuchcinski.pl\/wp-content\/uploads\/2017\/04\/dwnld68971816-1-768x512.jpg 768w, https:\/\/marekkuchcinski.pl\/wp-content\/uploads\/2017\/04\/dwnld68971816-1-1024x683.jpg 1024w\" sizes=\"(max-width: 1500px) 100vw, 1500px\" \/><\/a><\/p>\n<p><em>Foto: Krzysztof Sitkowski \/KPRP<\/em><\/p>","protected":false},"excerpt":{"rendered":"<p>Olga Johann zawsze sta\u0142a po odpowiedniej stronie.\u00a0Mia\u0142a wielki szacunek dla swojego kraju i wielkie serce dla ludzi. By\u0142a cz\u0142onkini\u0105 komisji w Ministerstwie O\u015bwiaty zajmuj\u0105c\u0105 si\u0119 problematyk\u0105 m\u0142odzie\u017cy niepe\u0142nosprawnej. Pracowa\u0142a tak\u017ce w M\u0142odzie\u017cowym Telefonie Zaufania, by\u0142a bieg\u0142\u0105 w s\u0105dzie dla nieletnich, potem kandydatk\u0105 PiS na rzecznika praw dziecka. Jako radna Warszawy walczy\u0142a o stare kamienice, grunty [&hellip;]<\/p>\n","protected":false},"author":6,"featured_media":5779,"comment_status":"open","ping_status":"open","sticky":false,"template":"","format":"standard","meta":{"ngg_post_thumbnail":0,"footnotes":""},"categories":[82,77,3],"tags":[],"class_list":["post-5778","post","type-post","status-publish","format-standard","has-post-thumbnail","hentry","category-prawo-i-sprawiedliwosc","category-wazne-daty","category-wydarzenia"],"_links":{"self":[{"href":"https:\/\/marekkuchcinski.pl\/cs\/wp-json\/wp\/v2\/posts\/5778","targetHints":{"allow":["GET"]}}],"collection":[{"href":"https:\/\/marekkuchcinski.pl\/cs\/wp-json\/wp\/v2\/posts"}],"about":[{"href":"https:\/\/marekkuchcinski.pl\/cs\/wp-json\/wp\/v2\/types\/post"}],"author":[{"embeddable":true,"href":"https:\/\/marekkuchcinski.pl\/cs\/wp-json\/wp\/v2\/users\/6"}],"replies":[{"embeddable":true,"href":"https:\/\/marekkuchcinski.pl\/cs\/wp-json\/wp\/v2\/comments?post=5778"}],"version-history":[{"count":1,"href":"https:\/\/marekkuchcinski.pl\/cs\/wp-json\/wp\/v2\/posts\/5778\/revisions"}],"predecessor-version":[{"id":5780,"href":"https:\/\/marekkuchcinski.pl\/cs\/wp-json\/wp\/v2\/posts\/5778\/revisions\/5780"}],"wp:featuredmedia":[{"embeddable":true,"href":"https:\/\/marekkuchcinski.pl\/cs\/wp-json\/wp\/v2\/media\/5779"}],"wp:attachment":[{"href":"https:\/\/marekkuchcinski.pl\/cs\/wp-json\/wp\/v2\/media?parent=5778"}],"wp:term":[{"taxonomy":"category","embeddable":true,"href":"https:\/\/marekkuchcinski.pl\/cs\/wp-json\/wp\/v2\/categories?post=5778"},{"taxonomy":"post_tag","embeddable":true,"href":"https:\/\/marekkuchcinski.pl\/cs\/wp-json\/wp\/v2\/tags?post=5778"}],"curies":[{"name":"wp","href":"https:\/\/api.w.org\/{rel}","templated":true}]}}