{"id":5756,"date":"2017-04-04T14:41:41","date_gmt":"2017-04-04T12:41:41","guid":{"rendered":"https:\/\/marekkuchcinski.pl\/?p=5756"},"modified":"2017-04-04T14:46:38","modified_gmt":"2017-04-04T12:46:38","slug":"marszalek-kuchcinski-expo-2022-lodzi-pelne-poparcie-polskiego-parlamentu","status":"publish","type":"post","link":"https:\/\/marekkuchcinski.pl\/cs\/wydarzenia\/marszalek-kuchcinski-expo-2022-lodzi-pelne-poparcie-polskiego-parlamentu\/","title":{"rendered":"P\u0159edseda Kuchci\u0144ski: Expo 2022 v Lod\u017ei m\u00e1 plnou podporu polsk\u00e9ho parlamentu"},"content":{"rendered":"<p>P\u0159edseda Sejmu Marek Kuchci\u0144ski se setkal s hodnot\u00edc\u00ed mis\u00ed Mezin\u00e1rodn\u00edho \u00fa\u0159adu pro v\u00fdstavy (BIE). \u00da\u010delem sch\u016fzky bylo projedn\u00e1n\u00ed organizace sv\u011btov\u00e9 v\u00fdstavy Expo 2022 v Lod\u017ei. <a href=\"https:\/\/marekkuchcinski.pl\/wp-content\/uploads\/2017\/04\/56e15c9975033_o-3.jpg\"><img fetchpriority=\"high\" decoding=\"async\" class=\"wp-image-5763 alignleft\" src=\"https:\/\/marekkuchcinski.pl\/wp-content\/uploads\/2017\/04\/56e15c9975033_o-3.jpg\" alt=\"56e15c9975033_o (3)\" width=\"219\" height=\"282\" srcset=\"https:\/\/marekkuchcinski.pl\/wp-content\/uploads\/2017\/04\/56e15c9975033_o-3.jpg 323w, https:\/\/marekkuchcinski.pl\/wp-content\/uploads\/2017\/04\/56e15c9975033_o-3-233x300.jpg 233w\" sizes=\"(max-width: 219px) 100vw, 219px\" \/><\/a>Jedn\u00e1 se o sou\u010d\u00e1st \u0159ady iniciativ polsk\u00fdch \u00fa\u0159ad\u016f, jejich\u017e c\u00edlem je zah\u00e1jit rozs\u00e1hl\u00e9 revitaliza\u010dn\u00ed projekty po cel\u00e9 zemi.<\/p>\n<p>- Spole\u010dn\u011b s vl\u00e1dou jsme odhodl\u00e1ni Expo v Polsku uspo\u0159\u00e1dat,\" tvrd\u00ed mar\u0161\u00e1l. - Lod\u017e je d\u00edky sv\u00e9 prom\u011bn\u011b, tradici, multikulturalit\u011b a \u00fasp\u011bch\u016fm na\u0161ich p\u0159edk\u016f ide\u00e1ln\u00edm m\u00edstem pro po\u0159\u00e1d\u00e1n\u00ed Expa v roce 2022.<\/p>\n<p>P\u0159edseda Parlamentu rovn\u011b\u017e ujistil o pln\u00e9 podpo\u0159e t\u00e9to iniciativy ze strany Parlamentu a o nezbytnosti tohoto podniku z hlediska t\u00e9to \u010d\u00e1sti Evropy, kde dosud nebylo Expo uspo\u0159\u00e1d\u00e1no. - Jsme hladov\u00ed po \u00fasp\u011bchu, chceme \u010derpat ze znalost\u00ed cel\u00e9ho sv\u011bta, ale jako l\u00eddr regionu - od Jadranu po Balt - m\u00e1me mnoho spole\u010dn\u00e9ho se zku\u0161enostmi zem\u011b po transformaci - argumentoval.<\/p>\n<p>Polsko navrhuje n\u00e1vrat ke sv\u00fdm ko\u0159en\u016fm a tradici sv\u011btov\u00fdch v\u00fdstav. Lod\u017e m\u00e1 mo\u017enost uspo\u0159\u00e1dat v\u00fdstavu v sam\u00e9m srdci m\u011bsta, v oblasti Nov\u00e9ho centra Lod\u017ee a nov\u00e9ho vlakov\u00e9ho n\u00e1dra\u017e\u00ed Lod\u017e Fabryczna.<\/p>\n<p>EXPO v Lod\u017ei p\u0159isp\u011bje k rozvoji revitaliza\u010dn\u00edch projekt\u016f po cel\u00e9m sv\u011bt\u011b. EXPO 2022 v Lod\u017ei se pro n\u011b stane vynikaj\u00edc\u00ed platformou pro v\u00fdm\u011bnu n\u00e1pad\u016f a zku\u0161enost\u00ed a z\u00edskan\u00e9 poznatky budou moci pozd\u011bji p\u0159en\u00e9st na vlastn\u00ed p\u016fdu.<\/p>\n<p>T\u00e9matem je City Re:Invented - regenerace m\u011bst. Je relevantn\u00ed pro cel\u00fd sv\u011bt a zapad\u00e1 do trend\u016f inteligentn\u00edch m\u011bst, vysok\u00e9 kvality \u017eivota ve m\u011bstech, v\u010detn\u011b udr\u017eiteln\u00e9 dopravy, zelen\u00fdch m\u011bst, kultury voln\u00e9ho \u010dasu a m\u011bst p\u0159\u00e1telsk\u00fdch k obyvatel\u016fm.<\/p>\n<p>Z\u00e1zem\u00ed vytvo\u0159en\u00e9 na EXPO bude po skon\u010den\u00ed v\u00fdstavy pln\u011b vyu\u017eito.  Odhaduje se, \u017ee 86% v\u00fdstavn\u00ed infrastruktury se stane trvalou sou\u010d\u00e1st\u00ed m\u011bsta, zat\u00edmco zb\u00fdvaj\u00edc\u00edch 14% bude recyklov\u00e1no a pou\u017eito jinde.<\/p>\n<p>Rozhodnut\u00ed o ud\u011blen\u00ed pr\u00e1va po\u0159\u00e1dat EXPO 2022\/2023 bude p\u0159ijato hlasov\u00e1n\u00edm deleg\u00e1t\u016f BIE na valn\u00e9m shrom\u00e1\u017ed\u011bn\u00ed BIE v listopadu 2017. \u010cleny BIE je 168 zem\u00ed.<\/p>\n<p>Term\u00edn v\u00fdstavy: 15. \u010dervna a\u017e 15. z\u00e1\u0159\u00ed 2022.<\/p>\n<p><a href=\"https:\/\/marekkuchcinski.pl\/wp-content\/uploads\/2017\/04\/RZ__3654-1.jpg\"><img decoding=\"async\" class=\"alignnone size-full wp-image-5757\" src=\"https:\/\/marekkuchcinski.pl\/wp-content\/uploads\/2017\/04\/RZ__3654-1.jpg\" alt=\"RZ__3654 (1)\" width=\"2835\" height=\"1890\" srcset=\"https:\/\/marekkuchcinski.pl\/wp-content\/uploads\/2017\/04\/RZ__3654-1.jpg 2048w, https:\/\/marekkuchcinski.pl\/wp-content\/uploads\/2017\/04\/RZ__3654-1-300x200.jpg 300w, https:\/\/marekkuchcinski.pl\/wp-content\/uploads\/2017\/04\/RZ__3654-1-768x512.jpg 768w, https:\/\/marekkuchcinski.pl\/wp-content\/uploads\/2017\/04\/RZ__3654-1-1024x683.jpg 1024w\" sizes=\"(max-width: 2835px) 100vw, 2835px\" \/><\/a><\/p>","protected":false},"excerpt":{"rendered":"<p>Marsza\u0142ek Sejmu Marek Kuchci\u0144ski spotka\u0142 si\u0119 z Misj\u0105 Ewaluacyjn\u0105 Mi\u0119dzynarodowego Biura Wystaw (BIE). Celem spotkania by\u0142a rozmowa na temat organizacji \u015bwiatowej wystawy Expo 2022 w \u0141odzi. Wpisuje si\u0119 ona w szereg podejmowanych przez w\u0142adze Polski inicjatyw, kt\u00f3re maj\u0105 na celu uruchomienie szeroko zakrojonych projekt\u00f3w rewitalizacyjnych w ca\u0142ym kraju. \u2013 Razem z rz\u0105dem jeste\u015bmy zdeterminowani, by [&hellip;]<\/p>\n","protected":false},"author":6,"featured_media":5757,"comment_status":"open","ping_status":"open","sticky":false,"template":"","format":"standard","meta":{"ngg_post_thumbnail":0,"footnotes":""},"categories":[81,50,3],"tags":[],"class_list":["post-5756","post","type-post","status-publish","format-standard","has-post-thumbnail","hentry","category-wiesci-z-sejmu","category-wspolpraca-miedzynarodowa","category-wydarzenia"],"_links":{"self":[{"href":"https:\/\/marekkuchcinski.pl\/cs\/wp-json\/wp\/v2\/posts\/5756","targetHints":{"allow":["GET"]}}],"collection":[{"href":"https:\/\/marekkuchcinski.pl\/cs\/wp-json\/wp\/v2\/posts"}],"about":[{"href":"https:\/\/marekkuchcinski.pl\/cs\/wp-json\/wp\/v2\/types\/post"}],"author":[{"embeddable":true,"href":"https:\/\/marekkuchcinski.pl\/cs\/wp-json\/wp\/v2\/users\/6"}],"replies":[{"embeddable":true,"href":"https:\/\/marekkuchcinski.pl\/cs\/wp-json\/wp\/v2\/comments?post=5756"}],"version-history":[{"count":3,"href":"https:\/\/marekkuchcinski.pl\/cs\/wp-json\/wp\/v2\/posts\/5756\/revisions"}],"predecessor-version":[{"id":5764,"href":"https:\/\/marekkuchcinski.pl\/cs\/wp-json\/wp\/v2\/posts\/5756\/revisions\/5764"}],"wp:featuredmedia":[{"embeddable":true,"href":"https:\/\/marekkuchcinski.pl\/cs\/wp-json\/wp\/v2\/media\/5757"}],"wp:attachment":[{"href":"https:\/\/marekkuchcinski.pl\/cs\/wp-json\/wp\/v2\/media?parent=5756"}],"wp:term":[{"taxonomy":"category","embeddable":true,"href":"https:\/\/marekkuchcinski.pl\/cs\/wp-json\/wp\/v2\/categories?post=5756"},{"taxonomy":"post_tag","embeddable":true,"href":"https:\/\/marekkuchcinski.pl\/cs\/wp-json\/wp\/v2\/tags?post=5756"}],"curies":[{"name":"wp","href":"https:\/\/api.w.org\/{rel}","templated":true}]}}