{"id":5694,"date":"2017-03-29T11:48:39","date_gmt":"2017-03-29T09:48:39","guid":{"rendered":"https:\/\/marekkuchcinski.pl\/?p=5694"},"modified":"2017-03-29T16:29:01","modified_gmt":"2017-03-29T14:29:01","slug":"najwazniejsze-bezpieczenstwo-regionu-unia-potrzebuje-instrumentow-ktore-wzmocnilyby-partnerstwo-wschodnie","status":"publish","type":"post","link":"https:\/\/marekkuchcinski.pl\/cs\/wydarzenia\/najwazniejsze-bezpieczenstwo-regionu-unia-potrzebuje-instrumentow-ktore-wzmocnilyby-partnerstwo-wschodnie\/","title":{"rendered":"P\u0159edseda Sejmu: Bezpe\u010dnost regionu je prvo\u0159ad\u00e1, EU pot\u0159ebuje n\u00e1stroje k pos\u00edlen\u00ed V\u00fdchodn\u00edho partnerstv\u00ed"},"content":{"rendered":"<p><strong>P\u0159edseda Sejmu Marek Kuchcinski se setkal s p\u0159edsedy Parlamentu Litevsk\u00e9 republiky a Nejvy\u0161\u0161\u00ed rady.<\/strong><\/p>\n<p>V rozhovorech byl zd\u016frazn\u011bn v\u00fdznam bezpe\u010dnosti v regionu, rostouc\u00ed v\u00fdznam n\u00e1rodn\u00edch parlament\u016f a pot\u0159eba dobr\u00e9ho sousedsk\u00e9ho dialogu, jako\u017e i podpora rozvoje hospod\u00e1\u0159stv\u00ed, energetiky a infrastruktury.<\/p>\n<p>Z hlediska na\u0161ich t\u0159\u00ed zem\u00ed je nejd\u016fle\u017eit\u011bj\u0161\u00ed ot\u00e1zkou bezpe\u010dnost t\u00e9to \u010d\u00e1sti Evropy. P\u0159edseda Sejmu se stav\u00ed proti rusk\u00e9 agresi na Ukrajin\u011b i proti poru\u0161ov\u00e1n\u00ed lidsk\u00fdch pr\u00e1v v B\u011blorusku. Upozornil, \u017ee bezpe\u010dnostn\u00ed hranice se neshoduj\u00ed s hranicemi Evropsk\u00e9 unie, a z tohoto hlediska je V\u00fdchodn\u00ed partnerstv\u00ed tak d\u016fle\u017eit\u00e9, stejn\u011b jako p\u0159esv\u011bd\u010dov\u00e1n\u00ed evropsk\u00fdch metropol\u00ed a Spojen\u00fdch st\u00e1t\u016f o d\u016fle\u017eitosti ukrajinsk\u00e9 suverenity.<\/p>\n<p>P\u0159edseda Sejmu poznamenal, \u017ee hlavn\u00edm t\u00e9matem kv\u011btnov\u00e9ho setk\u00e1n\u00ed p\u0159edsed\u016f parlament\u016f st\u0159edn\u00ed, ji\u017en\u00ed, severn\u00ed a v\u00fdchodn\u00ed Evropy ve Var\u0161av\u011b bude bezpe\u010dnost. - Jako n\u00e1rodn\u00ed parlamenty mus\u00edme pos\u00edlit demokracii v B\u011blorusku a suverenitu Ukrajiny a navrhnout Unii n\u00e1stroje, kter\u00e9 by pos\u00edlily V\u00fdchodn\u00ed partnerstv\u00ed. V r\u00e1mci EU by se m\u011bla rozv\u00edjet spolupr\u00e1ce mezi V4, pobaltsk\u00fdmi st\u00e1ty nebo mezi Polskem, Litvou, Loty\u0161skem, Estonskem a \u0160v\u00e9dskem,\" uvedl Kuchci\u0144ski.<\/p>\n<p>Nov\u011b zvolen\u00fd p\u0159edseda Sejmu Litevsk\u00e9 republiky Viktoras Pranckietis p\u0159ipustil, \u017ee v polsko-litevsk\u00fdch vztaz\u00edch se za\u010d\u00edn\u00e1 ps\u00e1t nov\u00e1 historie. Na dotaz p\u0159edsedy Seimasu, kde se vzal odpor litevsk\u00fdch \u00fa\u0159ad\u016f k m\u00edstn\u00edm n\u00e1zv\u016fm v pol\u0161tin\u011b, ujistil, \u017ee pr\u00e1ce na polskojazy\u010dn\u00e9m pojmenov\u00e1n\u00ed v Litv\u011b v litevsk\u00e9m parlamentu pokra\u010duj\u00ed. Dodal, \u017ee je tak\u00e9 mo\u017en\u00e9 z\u00edskat cel\u00e9 vzd\u011bl\u00e1n\u00ed v pol\u0161tin\u011b - od mate\u0159sk\u00e9 \u0161koly a\u017e po univerzitu - a na univerzit\u011b z\u00edskat body nav\u00edc za znalost polsk\u00e9ho jazyka.<\/p>\n<p>P\u0159edseda ukrajinsk\u00e9ho parlamentu Andrij Parubij pod\u011bkoval za p\u0159ijet\u00ed spole\u010dn\u00e9ho usnesen\u00ed Sejmu a Nejvy\u0161\u0161\u00ed rady s \"Deklarac\u00ed pam\u011bti a solidarity\" v \u0159\u00edjnu 2016.<\/p>\n<p>V souvislosti se zadr\u017een\u00edm starosty Przemy\u0161le Roberta Chomy na polsko-ukrajinsk\u00e9 hranici Andrij Parubij pouk\u00e1zal na to, \u017ee \u0161lo o velkou chybu.<\/p>\n<p>Zd\u016fraznil, \u017ee kdy\u017e se n\u011bkdo sna\u017e\u00ed postavit Polsko a Ukrajinu proti sob\u011b, nem\u011bli bychom se podvolit provokac\u00edm, ale rychlou reakc\u00ed bychom m\u011bli uk\u00e1zat, \u017ee se to nepoda\u0159\u00ed. e mar\u0161\u00e1lek Kuchci\u0144ski ji\u017e mnoho let prosazuje konferenci Evropa Karpat, touhu pracovat na rozvoji regionu, vytvo\u0159it strategii po vzoru alpsk\u00e9.<\/p>\n<p>Jedn\u00e1n\u00ed se konala v r\u00e1mci 8. zased\u00e1n\u00ed Parlamentn\u00edho shrom\u00e1\u017ed\u011bn\u00ed Sejmu a Sen\u00e1tu Polsk\u00e9 republiky, Sejmu Litevsk\u00e9 republiky a Nejvy\u0161\u0161\u00ed rady Ukrajiny. Prvn\u00ed den zased\u00e1n\u00ed se role hostitele ujal p\u0159edseda Sen\u00e1tu Stanis\u0142aw Karczewski.<\/p>\n<p><a href=\"https:\/\/marekkuchcinski.pl\/wp-content\/uploads\/2017\/03\/FullSizeRender-2.jpg\"><img fetchpriority=\"high\" decoding=\"async\" class=\"alignnone size-full wp-image-5700\" src=\"https:\/\/marekkuchcinski.pl\/wp-content\/uploads\/2017\/03\/FullSizeRender-2.jpg\" alt=\"FullSizeRender\" width=\"600\" height=\"600\" srcset=\"https:\/\/marekkuchcinski.pl\/wp-content\/uploads\/2017\/03\/FullSizeRender-2.jpg 600w, https:\/\/marekkuchcinski.pl\/wp-content\/uploads\/2017\/03\/FullSizeRender-2-150x150.jpg 150w, https:\/\/marekkuchcinski.pl\/wp-content\/uploads\/2017\/03\/FullSizeRender-2-300x300.jpg 300w\" sizes=\"(max-width: 600px) 100vw, 600px\" \/><\/a><\/p>\n<p>&nbsp;<\/p>","protected":false},"excerpt":{"rendered":"<p>Marsza\u0142ek Sejmu Marek Kuchci\u0144ski spotka\u0142 si\u0119 z przewodnicz\u0105cymi parlamentu Republiki Litewskiej i Verkhownej Rady. Podczas rozm\u00f3w podkre\u015blano wag\u0119 bezpiecze\u0144stwa regionu, wzrastaj\u0105ce znaczenie parlament\u00f3w narodowych i potrzeb\u0119 dobrego s\u0105siedzkiego dialogu, a tak\u017ce wspieranie rozwoju gospodarki, energetyki i infrastruktury. Najwa\u017cniejsz\u0105\u00a0z punktu widzenia naszych trzech kraj\u00f3w kwesti\u0105 jest bezpiecze\u0144stwo tej cz\u0119\u015bci Europy. Marsza\u0142ek Sejmu sprzeciwia si\u0119 zar\u00f3wno rosyjskiej [&hellip;]<\/p>\n","protected":false},"author":6,"featured_media":5705,"comment_status":"open","ping_status":"open","sticky":false,"template":"","format":"standard","meta":{"ngg_post_thumbnail":0,"footnotes":""},"categories":[81,50,3],"tags":[],"class_list":["post-5694","post","type-post","status-publish","format-standard","has-post-thumbnail","hentry","category-wiesci-z-sejmu","category-wspolpraca-miedzynarodowa","category-wydarzenia"],"_links":{"self":[{"href":"https:\/\/marekkuchcinski.pl\/cs\/wp-json\/wp\/v2\/posts\/5694","targetHints":{"allow":["GET"]}}],"collection":[{"href":"https:\/\/marekkuchcinski.pl\/cs\/wp-json\/wp\/v2\/posts"}],"about":[{"href":"https:\/\/marekkuchcinski.pl\/cs\/wp-json\/wp\/v2\/types\/post"}],"author":[{"embeddable":true,"href":"https:\/\/marekkuchcinski.pl\/cs\/wp-json\/wp\/v2\/users\/6"}],"replies":[{"embeddable":true,"href":"https:\/\/marekkuchcinski.pl\/cs\/wp-json\/wp\/v2\/comments?post=5694"}],"version-history":[{"count":8,"href":"https:\/\/marekkuchcinski.pl\/cs\/wp-json\/wp\/v2\/posts\/5694\/revisions"}],"predecessor-version":[{"id":5718,"href":"https:\/\/marekkuchcinski.pl\/cs\/wp-json\/wp\/v2\/posts\/5694\/revisions\/5718"}],"wp:featuredmedia":[{"embeddable":true,"href":"https:\/\/marekkuchcinski.pl\/cs\/wp-json\/wp\/v2\/media\/5705"}],"wp:attachment":[{"href":"https:\/\/marekkuchcinski.pl\/cs\/wp-json\/wp\/v2\/media?parent=5694"}],"wp:term":[{"taxonomy":"category","embeddable":true,"href":"https:\/\/marekkuchcinski.pl\/cs\/wp-json\/wp\/v2\/categories?post=5694"},{"taxonomy":"post_tag","embeddable":true,"href":"https:\/\/marekkuchcinski.pl\/cs\/wp-json\/wp\/v2\/tags?post=5694"}],"curies":[{"name":"wp","href":"https:\/\/api.w.org\/{rel}","templated":true}]}}