{"id":5620,"date":"2017-03-11T13:31:05","date_gmt":"2017-03-11T12:31:05","guid":{"rendered":"https:\/\/marekkuchcinski.pl\/?p=5620"},"modified":"2017-03-11T13:31:05","modified_gmt":"2017-03-11T12:31:05","slug":"litwa-oglosila-niepodleglosc","status":"publish","type":"post","link":"https:\/\/marekkuchcinski.pl\/cs\/wazne-daty\/litwa-oglosila-niepodleglosc\/","title":{"rendered":"Litva vyhl\u00e1sila nez\u00e1vislost"},"content":{"rendered":"<p><strong>Dne 11. b\u0159ezna 1990 vyhl\u00e1sila Nejvy\u0161\u0161\u00ed rada Litvy jako prvn\u00ed ze sov\u011btsk\u00fdch republik z\u00e1kon o obnoven\u00ed nez\u00e1visl\u00e9ho litevsk\u00e9ho st\u00e1tu.<\/strong><\/p>\n<p>Akt podepsan\u00fd v\u0161emi \u010dleny Nejvy\u0161\u0161\u00ed rady Litevsk\u00e9 republiky zd\u016fraz\u0148oval obnovu a pr\u00e1vn\u00ed pokra\u010dov\u00e1n\u00ed litevsk\u00e9ho st\u00e1tu z meziv\u00e1le\u010dn\u00e9ho obdob\u00ed, kter\u00fd se dostal pod okupaci Sov\u011btsk\u00e9ho svazu a v \u010dervnu 1940 ztratil nez\u00e1vislost.<\/p>\n<p>&nbsp;<\/p>\n<p>&nbsp;<\/p>\n<p><a href=\"https:\/\/marekkuchcinski.pl\/wp-content\/uploads\/2017\/03\/lit.jpg\"><img fetchpriority=\"high\" decoding=\"async\" class=\"alignnone size-full wp-image-5621\" src=\"https:\/\/marekkuchcinski.pl\/wp-content\/uploads\/2017\/03\/lit.jpg\" alt=\"lit\" width=\"800\" height=\"1136\" srcset=\"https:\/\/marekkuchcinski.pl\/wp-content\/uploads\/2017\/03\/lit.jpg 800w, https:\/\/marekkuchcinski.pl\/wp-content\/uploads\/2017\/03\/lit-211x300.jpg 211w, https:\/\/marekkuchcinski.pl\/wp-content\/uploads\/2017\/03\/lit-768x1091.jpg 768w, https:\/\/marekkuchcinski.pl\/wp-content\/uploads\/2017\/03\/lit-721x1024.jpg 721w\" sizes=\"(max-width: 800px) 100vw, 800px\" \/><\/a><\/p>","protected":false},"excerpt":{"rendered":"<p>11 marca 1990 r. Rada Najwy\u017csza Litwy, jako pierwsza z republik radzieckich, proklamowa\u0142a akt o restytucji niepodleg\u0142ego pa\u0144stwa litewskiego. Podpisany przez wszystkich cz\u0142onk\u00f3w Rady Najwy\u017cszej Republiki Litewskiej akt podkre\u015bla\u0142 odnowienie i prawn\u0105 kontynuacj\u0119 pa\u0144stwa litewskiego z okresu mi\u0119dzywojennego, kt\u00f3re znalaz\u0142o si\u0119 pod okupacj\u0105 Zwi\u0105zku Radzieckiego i utraci\u0142o niepodleg\u0142o\u015b\u0107 w czerwcu 1940 roku. &nbsp; &nbsp;<\/p>","protected":false},"author":6,"featured_media":5622,"comment_status":"open","ping_status":"open","sticky":false,"template":"","format":"standard","meta":{"ngg_post_thumbnail":0,"footnotes":""},"categories":[77],"tags":[],"class_list":["post-5620","post","type-post","status-publish","format-standard","has-post-thumbnail","hentry","category-wazne-daty"],"_links":{"self":[{"href":"https:\/\/marekkuchcinski.pl\/cs\/wp-json\/wp\/v2\/posts\/5620","targetHints":{"allow":["GET"]}}],"collection":[{"href":"https:\/\/marekkuchcinski.pl\/cs\/wp-json\/wp\/v2\/posts"}],"about":[{"href":"https:\/\/marekkuchcinski.pl\/cs\/wp-json\/wp\/v2\/types\/post"}],"author":[{"embeddable":true,"href":"https:\/\/marekkuchcinski.pl\/cs\/wp-json\/wp\/v2\/users\/6"}],"replies":[{"embeddable":true,"href":"https:\/\/marekkuchcinski.pl\/cs\/wp-json\/wp\/v2\/comments?post=5620"}],"version-history":[{"count":1,"href":"https:\/\/marekkuchcinski.pl\/cs\/wp-json\/wp\/v2\/posts\/5620\/revisions"}],"predecessor-version":[{"id":5623,"href":"https:\/\/marekkuchcinski.pl\/cs\/wp-json\/wp\/v2\/posts\/5620\/revisions\/5623"}],"wp:featuredmedia":[{"embeddable":true,"href":"https:\/\/marekkuchcinski.pl\/cs\/wp-json\/wp\/v2\/media\/5622"}],"wp:attachment":[{"href":"https:\/\/marekkuchcinski.pl\/cs\/wp-json\/wp\/v2\/media?parent=5620"}],"wp:term":[{"taxonomy":"category","embeddable":true,"href":"https:\/\/marekkuchcinski.pl\/cs\/wp-json\/wp\/v2\/categories?post=5620"},{"taxonomy":"post_tag","embeddable":true,"href":"https:\/\/marekkuchcinski.pl\/cs\/wp-json\/wp\/v2\/tags?post=5620"}],"curies":[{"name":"wp","href":"https:\/\/api.w.org\/{rel}","templated":true}]}}