{"id":5599,"date":"2018-03-08T11:00:58","date_gmt":"2018-03-08T10:00:58","guid":{"rendered":"https:\/\/marekkuchcinski.pl\/?p=5599"},"modified":"2019-03-08T14:36:33","modified_gmt":"2019-03-08T13:36:33","slug":"marzec-68","status":"publish","type":"post","link":"https:\/\/marekkuchcinski.pl\/cs\/wydarzenia\/marzec-68\/","title":{"rendered":"50. v\u00fdro\u010d\u00ed b\u0159ezna '68"},"content":{"rendered":"<p><strong>8. b\u0159ezna 1968.<\/strong> na Var\u0161avsk\u00e9 univerzit\u011b za\u010daly studentsk\u00e9 st\u00e1vky v reakci na sta\u017een\u00ed hry Adama Mickiewicze Dziady z v\u00fdv\u011bsn\u00ed tabule N\u00e1rodn\u00edho divadla. Po\u017eadovali ukon\u010den\u00ed repres\u00ed, vyj\u00e1d\u0159ili solidaritu se spisovateli a po\u017eadovali dodr\u017eov\u00e1n\u00ed \u00dastavy Polsk\u00e9 lidov\u00e9 republiky. D\u011blni\u010dt\u00ed aktivist\u00e9, milice a ORMO zpacifikovali studenty na Krakovsk\u00e9m p\u0159edm\u011bst\u00ed a na n\u00e1dvo\u0159\u00ed Var\u0161avsk\u00e9 univerzity. Zat\u010deno bylo 45 osob, mezi nimi Karol Modzelewski, Jacek Kuro\u0144 a Irena Lasota.<\/p>\n<p>Inscenace aluzivn\u011b napsan\u00e9 hry P\u0159edve\u010der praotc\u016f div\u00e1ky zaujala. - Od ur\u010dit\u00e9ho okam\u017eiku p\u0159edstaven\u00ed publikum tleskalo ka\u017ed\u00e9mu slovu.  Byla to drz\u00e1 reakce na n\u00e1sil\u00ed,\" \u0159ekl Gustav Holoubek, kter\u00fd hr\u00e1l Konrada-Gustawa.<\/p>\n<p>Boj za svobodu slova, um\u011bn\u00ed a ob\u010dansk\u00e1 pr\u00e1va byl hnac\u00ed silou tohoto ml\u00e1d\u00ed. M\u011bli u\u017e dost \u017eivota v zemi strachu, cenzury a manipulace. P\u0159esto\u017ee m\u011bli studenti co ztratit, postavili se uzurpaci PZPR. \"Represe proti student\u016fm, kte\u0159\u00ed protestovali proti hanebn\u00e9mu rozhodnut\u00ed zak\u00e1zat v\u00fdstavu <em>Dziady<\/em> v N\u00e1rodn\u00edm divadle, je jasn\u00fdm poru\u0161en\u00edm \u010dl\u00e1nku 71 \u00dastavy. Nenech\u00e1me si up\u0159\u00edt pr\u00e1vo br\u00e1nit demokratick\u00e9 a nez\u00e1visl\u00e9 tradice polsk\u00e9ho n\u00e1roda. Tv\u00e1\u0159\u00ed v tv\u00e1\u0159 repres\u00edm nebudeme ml\u010det,\" napsali studenti v prohl\u00e1\u0161en\u00ed. <strong>usnesen\u00ed p\u0159ijat\u00e9 dne 8. b\u0159ezna 1968<\/strong>.<\/p>\n<p>Polsk\u00fd parlament p\u0159ijal 6. b\u0159ezna usnesen\u00ed k 50. v\u00fdro\u010d\u00ed studentsk\u00fdch demonstrac\u00ed v b\u0159eznu 1968.\u00a0<a href=\"https:\/\/marekkuchcinski.pl\/wp-content\/uploads\/2017\/03\/Marzec-68.pdf\">b\u0159ezen '68<\/a><\/p>\n<p><a href=\"https:\/\/marekkuchcinski.pl\/wp-content\/uploads\/2017\/03\/0002XY6E5A1CM3IF-C317-F3.jpg\"><img fetchpriority=\"high\" decoding=\"async\" class=\"alignnone wp-image-5600\" src=\"https:\/\/marekkuchcinski.pl\/wp-content\/uploads\/2017\/03\/0002XY6E5A1CM3IF-C317-F3.jpg\" alt=\"0002XY6E5A1CM3IF-C317-F3\" width=\"1004\" height=\"698\" srcset=\"https:\/\/marekkuchcinski.pl\/wp-content\/uploads\/2017\/03\/0002XY6E5A1CM3IF-C317-F3.jpg 600w, https:\/\/marekkuchcinski.pl\/wp-content\/uploads\/2017\/03\/0002XY6E5A1CM3IF-C317-F3-300x209.jpg 300w\" sizes=\"(max-width: 1004px) 100vw, 1004px\" \/><\/a> <a href=\"https:\/\/marekkuchcinski.pl\/wp-content\/uploads\/2017\/03\/7-13510.jpg\"><img decoding=\"async\" class=\"alignnone wp-image-5601\" src=\"https:\/\/marekkuchcinski.pl\/wp-content\/uploads\/2017\/03\/7-13510.jpg\" alt=\"7-13510\" width=\"1011\" height=\"731\" srcset=\"https:\/\/marekkuchcinski.pl\/wp-content\/uploads\/2017\/03\/7-13510.jpg 700w, https:\/\/marekkuchcinski.pl\/wp-content\/uploads\/2017\/03\/7-13510-300x216.jpg 300w\" sizes=\"(max-width: 1011px) 100vw, 1011px\" \/><\/a> \"P\u0159edve\u010der praotc\u016f\" v N\u00e1rodn\u00edm divadle re\u017e\u00edroval Kazimierz Dejmek, roli Konrada-Gustawa ztv\u00e1rnil Gustaw Holoubek.<a href=\"https:\/\/marekkuchcinski.pl\/wp-content\/uploads\/2017\/03\/d.jpg\"><img decoding=\"async\" class=\"alignnone wp-image-5602\" src=\"https:\/\/marekkuchcinski.pl\/wp-content\/uploads\/2017\/03\/d.jpg\" alt=\"d\" width=\"1027\" height=\"830\" srcset=\"https:\/\/marekkuchcinski.pl\/wp-content\/uploads\/2017\/03\/d.jpg 700w, https:\/\/marekkuchcinski.pl\/wp-content\/uploads\/2017\/03\/d-300x242.jpg 300w\" sizes=\"(max-width: 1027px) 100vw, 1027px\" \/><\/a> <a href=\"https:\/\/marekkuchcinski.pl\/wp-content\/uploads\/2017\/03\/Dziady.jpg\"><img loading=\"lazy\" decoding=\"async\" class=\"alignnone wp-image-5603\" src=\"https:\/\/marekkuchcinski.pl\/wp-content\/uploads\/2017\/03\/Dziady.jpg\" alt=\"Dziady\" width=\"990\" height=\"746\" srcset=\"https:\/\/marekkuchcinski.pl\/wp-content\/uploads\/2017\/03\/Dziady.jpg 700w, https:\/\/marekkuchcinski.pl\/wp-content\/uploads\/2017\/03\/Dziady-300x226.jpg 300w\" sizes=\"(max-width: 990px) 100vw, 990px\" \/><\/a> <a href=\"https:\/\/marekkuchcinski.pl\/wp-content\/uploads\/2017\/03\/uw5.jpg\"><img loading=\"lazy\" decoding=\"async\" class=\"alignnone size-full wp-image-5604\" src=\"https:\/\/marekkuchcinski.pl\/wp-content\/uploads\/2017\/03\/uw5.jpg\" alt=\"uw5\" width=\"1024\" height=\"679\" srcset=\"https:\/\/marekkuchcinski.pl\/wp-content\/uploads\/2017\/03\/uw5.jpg 1024w, https:\/\/marekkuchcinski.pl\/wp-content\/uploads\/2017\/03\/uw5-300x199.jpg 300w, https:\/\/marekkuchcinski.pl\/wp-content\/uploads\/2017\/03\/uw5-768x509.jpg 768w\" sizes=\"(max-width: 1024px) 100vw, 1024px\" \/><\/a><\/p>","protected":false},"excerpt":{"rendered":"<p>8 marca 1968 r. rozpocz\u0119\u0142y si\u0119 studenckie strajki na Uniwersytecie Warszawskim b\u0119d\u0105ce reakcj\u0105 na zdj\u0119cie z afisza Teatru Narodowego \u201eDziad\u00f3w\u201d Adama Mickiewicza. Domagano si\u0119 w\u00f3wczas zaprzestania represji, solidaryzowano si\u0119 z pisarzami, \u017c\u0105dano przestrzegania konstytucji PRL. Aktyw robotniczy, milicja i ORMO spacyfikowali student\u00f3w na Krakowskim Przedmie\u015bciu i dziedzi\u0144cu UW. Aresztowano 45 os\u00f3b, w tym m.in. Karola [&hellip;]<\/p>\n","protected":false},"author":6,"featured_media":5600,"comment_status":"open","ping_status":"open","sticky":false,"template":"","format":"standard","meta":{"ngg_post_thumbnail":0,"footnotes":""},"categories":[77,3],"tags":[],"class_list":["post-5599","post","type-post","status-publish","format-standard","has-post-thumbnail","hentry","category-wazne-daty","category-wydarzenia"],"_links":{"self":[{"href":"https:\/\/marekkuchcinski.pl\/cs\/wp-json\/wp\/v2\/posts\/5599","targetHints":{"allow":["GET"]}}],"collection":[{"href":"https:\/\/marekkuchcinski.pl\/cs\/wp-json\/wp\/v2\/posts"}],"about":[{"href":"https:\/\/marekkuchcinski.pl\/cs\/wp-json\/wp\/v2\/types\/post"}],"author":[{"embeddable":true,"href":"https:\/\/marekkuchcinski.pl\/cs\/wp-json\/wp\/v2\/users\/6"}],"replies":[{"embeddable":true,"href":"https:\/\/marekkuchcinski.pl\/cs\/wp-json\/wp\/v2\/comments?post=5599"}],"version-history":[{"count":9,"href":"https:\/\/marekkuchcinski.pl\/cs\/wp-json\/wp\/v2\/posts\/5599\/revisions"}],"predecessor-version":[{"id":13513,"href":"https:\/\/marekkuchcinski.pl\/cs\/wp-json\/wp\/v2\/posts\/5599\/revisions\/13513"}],"wp:featuredmedia":[{"embeddable":true,"href":"https:\/\/marekkuchcinski.pl\/cs\/wp-json\/wp\/v2\/media\/5600"}],"wp:attachment":[{"href":"https:\/\/marekkuchcinski.pl\/cs\/wp-json\/wp\/v2\/media?parent=5599"}],"wp:term":[{"taxonomy":"category","embeddable":true,"href":"https:\/\/marekkuchcinski.pl\/cs\/wp-json\/wp\/v2\/categories?post=5599"},{"taxonomy":"post_tag","embeddable":true,"href":"https:\/\/marekkuchcinski.pl\/cs\/wp-json\/wp\/v2\/tags?post=5599"}],"curies":[{"name":"wp","href":"https:\/\/api.w.org\/{rel}","templated":true}]}}