{"id":5566,"date":"2017-03-06T22:41:03","date_gmt":"2017-03-06T21:41:03","guid":{"rendered":"https:\/\/marekkuchcinski.pl\/?p=5566"},"modified":"2017-03-06T22:41:03","modified_gmt":"2017-03-06T21:41:03","slug":"wilanow-spotkanie-przewodniczacych-parlamentow-grupy-wyszehradzkiej","status":"publish","type":"post","link":"https:\/\/marekkuchcinski.pl\/cs\/wydarzenia\/wilanow-spotkanie-przewodniczacych-parlamentow-grupy-wyszehradzkiej\/","title":{"rendered":"Wilan\u00f3w: Setk\u00e1n\u00ed p\u0159edsed\u016f visegr\u00e1dsk\u00fdch parlament\u016f"},"content":{"rendered":"<p>Var\u0161avsk\u00fd summit p\u0159edsed\u016f parlament\u016f Visegr\u00e1dsk\u00e9 skupiny byl zah\u00e1jen setk\u00e1n\u00edm ve Wilanow\u011b. Mezi hosty pozvan\u00fdmi p\u0159edsedy Sejmu a Sen\u00e1tu byli L\u00e1szl\u00f3 K\u00f6v\u00e9r, p\u0159edseda Ma\u010farsk\u00e9ho n\u00e1rodn\u00edho shrom\u00e1\u017ed\u011bn\u00ed, Andrej Danko, p\u0159edseda N\u00e1rodn\u00ed rady Slovensk\u00e9 republiky, Jan Ham\u00e1\u010dek, p\u0159edseda Poslaneck\u00e9 sn\u011bmovny Parlamentu \u010cesk\u00e9 republiky, Milan \u0160t\u011bch, p\u0159edseda Sen\u00e1tu Parlamentu \u010cesk\u00e9 republiky.<\/p>\n<p>&nbsp;<\/p>\n<p><strong>Projev p\u0159edsedy Sejmu Marka Kuchci\u0144sk\u00e9ho:<\/strong><\/p>\n<p><em>Ctihodn\u00ed p\u0159edsedov\u00e9, excelence, d\u00e1my a p\u00e1nov\u00e9<\/em><\/p>\n<p><em>Jan III.Sobiesk\u00fd, do jeho\u017e letn\u00edho s\u00eddla jsme pr\u00e1v\u011b p\u0159ijeli, byl v\u00fdznamn\u00fdm panovn\u00edkem republiky a velk\u00fdm v\u016fdcem. Proslavil se v\u00edt\u011bzstv\u00edm nad Osmanskou \u0159\u00ed\u0161\u00ed v roce 1683 u V\u00eddn\u011b, kdy br\u00e1nil k\u0159es\u0165anstv\u00ed a Evropu p\u0159ed isl\u00e1mskou invaz\u00ed.<\/em><\/p>\n<p><em>Stejn\u011b jako Sobieski v 17. stolet\u00ed chceme dnes zajistit existenci nez\u00e1visl\u00e9ho a suver\u00e9nn\u00edho Polska, kter\u00e9 je schopno chr\u00e1nit sv\u00e9 ob\u010dany. Toho m\u016f\u017eeme dos\u00e1hnout pos\u00edlen\u00edm spolupr\u00e1ce ve st\u0159edn\u00ed Evrop\u011b.<\/em><\/p>\n<p><em>To je o to o\u010dek\u00e1van\u011bj\u0161\u00ed, \u017ee v\u00e1lka na V\u00fdchod\u011b a pokra\u010duj\u00edc\u00ed migrace do Evropy budou pokra\u010dovat. Evropsk\u00e1 unie je po britsk\u00e9 rezignaci v krizi. Boj proti t\u011bmto proces\u016fm vy\u017eaduje moudr\u00e1 rozhodnut\u00ed. St\u0159edn\u00ed Evropa je dnes regionem relativn\u00edho klidu a spolupr\u00e1ce. Historici n\u00e1s v\u0161ak varuj\u00ed, \u017ee je snadn\u00e9 ztratit m\u00edr v na\u0161em regionu. Tak se zhroutila bohat\u00e1 a bezpe\u010dn\u00e1 st\u0159edn\u00ed Evropa, kter\u00e1 existovala mezi 14. a 16. stolet\u00edm. To byly na\u0161e zlat\u00e9 \u010dasy.<\/em><\/p>\n<p><em>Evropsk\u00e1 unie mus\u00ed b\u00fdt obnovena a v tomto \u00fasil\u00ed by m\u011bly b\u00fdt aktivn\u00ed zejm\u00e9na st\u0159edoevropsk\u00e9 zem\u011b. Obnovy nedos\u00e1hnou evropsk\u00e9 instituce; m\u011bla by b\u00fdt v\u00fdsledkem diskuse mezi suver\u00e9nn\u00edmi \u010dlensk\u00fdmi st\u00e1ty. V t\u00e9to roli bude d\u016fle\u017eit\u00e1 parlamentn\u00ed diplomacie, kter\u00e1 bude usilovat o pos\u00edlen\u00ed postaven\u00ed n\u00e1rodn\u00edch parlament\u016f v Evropsk\u00e9 unii.<\/em><\/p>\n<p><em>Na\u0161e b\u00fdval\u00e9 spole\u010denstv\u00ed bylo v Evrop\u011b proslul\u00e9 mnoha sv\u00fdmi politick\u00fdmi a spole\u010densk\u00fdmi rysy, ale tak\u00e9 svou materi\u00e1ln\u00ed a duchovn\u00ed kulturou. Proto jsem se rozhodl, \u017ee dne\u0161n\u00edmu stolu bude dominovat kuchyn\u011b ze 17. stolet\u00ed, tedy z doby kr\u00e1le Jana III. Pokrmy, kter\u00e9 se dnes pod\u00e1vaj\u00ed, byly p\u0159ipraveny podle recept\u016f Stanis\u0142awa Czernieck\u00e9ho - prvn\u00edho prvorepublikov\u00e9ho \u0161\u00e9fkucha\u0159e, kter\u00fd byl kr\u00e1lem Janem III. pov\u00fd\u0161en za sv\u016fj p\u0159\u00ednos kulin\u00e1\u0159sk\u00e9mu um\u011bn\u00ed. Jeho kucha\u0159ka byla po stalet\u00ed povinnou \u010detbou na dvorech od Bud\u00edna, Bratislavy a Prahy a\u017e po Pa\u0159\u00ed\u017e a Madrid.<\/em><\/p>\n<p><a href=\"https:\/\/marekkuchcinski.pl\/wp-content\/uploads\/2017\/03\/1-KU113320.jpg\"><img fetchpriority=\"high\" decoding=\"async\" class=\"alignnone size-full wp-image-5567\" src=\"https:\/\/marekkuchcinski.pl\/wp-content\/uploads\/2017\/03\/1-KU113320.jpg\" alt=\"1-KU113320\" width=\"1645\" height=\"1098\" srcset=\"https:\/\/marekkuchcinski.pl\/wp-content\/uploads\/2017\/03\/1-KU113320.jpg 1645w, https:\/\/marekkuchcinski.pl\/wp-content\/uploads\/2017\/03\/1-KU113320-300x200.jpg 300w, https:\/\/marekkuchcinski.pl\/wp-content\/uploads\/2017\/03\/1-KU113320-768x513.jpg 768w, https:\/\/marekkuchcinski.pl\/wp-content\/uploads\/2017\/03\/1-KU113320-1024x683.jpg 1024w\" sizes=\"(max-width: 1645px) 100vw, 1645px\" \/><\/a><a href=\"https:\/\/marekkuchcinski.pl\/wp-content\/uploads\/2017\/03\/1-KU113353.jpg\"><img decoding=\"async\" class=\"alignnone size-full wp-image-5568\" src=\"https:\/\/marekkuchcinski.pl\/wp-content\/uploads\/2017\/03\/1-KU113353.jpg\" alt=\"1-KU113353\" width=\"1800\" height=\"1200\" srcset=\"https:\/\/marekkuchcinski.pl\/wp-content\/uploads\/2017\/03\/1-KU113353.jpg 1800w, https:\/\/marekkuchcinski.pl\/wp-content\/uploads\/2017\/03\/1-KU113353-300x200.jpg 300w, https:\/\/marekkuchcinski.pl\/wp-content\/uploads\/2017\/03\/1-KU113353-768x512.jpg 768w, https:\/\/marekkuchcinski.pl\/wp-content\/uploads\/2017\/03\/1-KU113353-1024x683.jpg 1024w\" sizes=\"(max-width: 1800px) 100vw, 1800px\" \/><\/a> <a href=\"https:\/\/marekkuchcinski.pl\/wp-content\/uploads\/2017\/03\/1-KU113387.jpg\"><img decoding=\"async\" class=\"alignnone size-full wp-image-5569\" src=\"https:\/\/marekkuchcinski.pl\/wp-content\/uploads\/2017\/03\/1-KU113387.jpg\" alt=\"1-KU113387\" width=\"1503\" height=\"1001\" srcset=\"https:\/\/marekkuchcinski.pl\/wp-content\/uploads\/2017\/03\/1-KU113387.jpg 1503w, https:\/\/marekkuchcinski.pl\/wp-content\/uploads\/2017\/03\/1-KU113387-300x200.jpg 300w, https:\/\/marekkuchcinski.pl\/wp-content\/uploads\/2017\/03\/1-KU113387-768x511.jpg 768w, https:\/\/marekkuchcinski.pl\/wp-content\/uploads\/2017\/03\/1-KU113387-1024x682.jpg 1024w\" sizes=\"(max-width: 1503px) 100vw, 1503px\" \/><\/a> <a href=\"https:\/\/marekkuchcinski.pl\/wp-content\/uploads\/2017\/03\/1-KU113429.jpg\"><img loading=\"lazy\" decoding=\"async\" class=\"alignnone size-full wp-image-5570\" src=\"https:\/\/marekkuchcinski.pl\/wp-content\/uploads\/2017\/03\/1-KU113429.jpg\" alt=\"1-KU113429\" width=\"1800\" height=\"1200\" srcset=\"https:\/\/marekkuchcinski.pl\/wp-content\/uploads\/2017\/03\/1-KU113429.jpg 1800w, https:\/\/marekkuchcinski.pl\/wp-content\/uploads\/2017\/03\/1-KU113429-300x200.jpg 300w, https:\/\/marekkuchcinski.pl\/wp-content\/uploads\/2017\/03\/1-KU113429-768x512.jpg 768w, https:\/\/marekkuchcinski.pl\/wp-content\/uploads\/2017\/03\/1-KU113429-1024x683.jpg 1024w\" sizes=\"(max-width: 1800px) 100vw, 1800px\" \/><\/a> <a href=\"https:\/\/marekkuchcinski.pl\/wp-content\/uploads\/2017\/03\/1-KU113764.jpg\"><img loading=\"lazy\" decoding=\"async\" class=\"alignnone size-full wp-image-5571\" src=\"https:\/\/marekkuchcinski.pl\/wp-content\/uploads\/2017\/03\/1-KU113764.jpg\" alt=\"1-KU113764\" width=\"1800\" height=\"1200\" srcset=\"https:\/\/marekkuchcinski.pl\/wp-content\/uploads\/2017\/03\/1-KU113764.jpg 1800w, https:\/\/marekkuchcinski.pl\/wp-content\/uploads\/2017\/03\/1-KU113764-300x200.jpg 300w, https:\/\/marekkuchcinski.pl\/wp-content\/uploads\/2017\/03\/1-KU113764-768x512.jpg 768w, https:\/\/marekkuchcinski.pl\/wp-content\/uploads\/2017\/03\/1-KU113764-1024x683.jpg 1024w\" sizes=\"(max-width: 1800px) 100vw, 1800px\" \/><\/a><\/p>\n<p>&nbsp;<\/p>\n<p>&nbsp;<\/p>","protected":false},"excerpt":{"rendered":"<p>Warszawski Szczyt Przewodnicz\u0105cych Parlament\u00f3w Grupy Wyszehradzkiej zainaugurowa\u0142o spotkanie w Wilanowie. W\u015br\u00f3d zaproszonych przez marsza\u0142k\u00f3w Sejmu i Senatu go\u015bci byli m.in. L\u00e1szl\u00f3 K\u00f6v\u00e9r,\u00a0\u00a0\u00a0 Przewodnicz\u0105cy w\u0119gierskiego Zgromadzenia Narodowego,\u00a0Andrej Danko, Przewodnicz\u0105cy Rady Narodowej Republiki S\u0142owackiej,\u00a0Jan Ham\u00e1\u010dek, Przewodnicz\u0105cy Izby Poselskiej Parlamentu Republiki Czeskiej,\u00a0Milan \u0160t\u0115ch, Przewodnicz\u0105cy Senatu Parlamentu Republiki Czeskiej. &nbsp; Przem\u00f3wienie marsza\u0142ka Sejmu Marka Kuchci\u0144skiego: Szanowni Panowie Przewodnicz\u0105cy, Ekscelencje, [&hellip;]<\/p>\n","protected":false},"author":6,"featured_media":5567,"comment_status":"open","ping_status":"open","sticky":false,"template":"","format":"standard","meta":{"ngg_post_thumbnail":0,"footnotes":""},"categories":[50,3],"tags":[],"class_list":["post-5566","post","type-post","status-publish","format-standard","has-post-thumbnail","hentry","category-wspolpraca-miedzynarodowa","category-wydarzenia"],"_links":{"self":[{"href":"https:\/\/marekkuchcinski.pl\/cs\/wp-json\/wp\/v2\/posts\/5566","targetHints":{"allow":["GET"]}}],"collection":[{"href":"https:\/\/marekkuchcinski.pl\/cs\/wp-json\/wp\/v2\/posts"}],"about":[{"href":"https:\/\/marekkuchcinski.pl\/cs\/wp-json\/wp\/v2\/types\/post"}],"author":[{"embeddable":true,"href":"https:\/\/marekkuchcinski.pl\/cs\/wp-json\/wp\/v2\/users\/6"}],"replies":[{"embeddable":true,"href":"https:\/\/marekkuchcinski.pl\/cs\/wp-json\/wp\/v2\/comments?post=5566"}],"version-history":[{"count":1,"href":"https:\/\/marekkuchcinski.pl\/cs\/wp-json\/wp\/v2\/posts\/5566\/revisions"}],"predecessor-version":[{"id":5572,"href":"https:\/\/marekkuchcinski.pl\/cs\/wp-json\/wp\/v2\/posts\/5566\/revisions\/5572"}],"wp:featuredmedia":[{"embeddable":true,"href":"https:\/\/marekkuchcinski.pl\/cs\/wp-json\/wp\/v2\/media\/5567"}],"wp:attachment":[{"href":"https:\/\/marekkuchcinski.pl\/cs\/wp-json\/wp\/v2\/media?parent=5566"}],"wp:term":[{"taxonomy":"category","embeddable":true,"href":"https:\/\/marekkuchcinski.pl\/cs\/wp-json\/wp\/v2\/categories?post=5566"},{"taxonomy":"post_tag","embeddable":true,"href":"https:\/\/marekkuchcinski.pl\/cs\/wp-json\/wp\/v2\/tags?post=5566"}],"curies":[{"name":"wp","href":"https:\/\/api.w.org\/{rel}","templated":true}]}}