{"id":5554,"date":"2017-03-06T14:38:55","date_gmt":"2017-03-06T13:38:55","guid":{"rendered":"https:\/\/marekkuchcinski.pl\/?p=5554"},"modified":"2017-03-06T17:50:00","modified_gmt":"2017-03-06T16:50:00","slug":"spotkanie-andrijem-danko","status":"publish","type":"post","link":"https:\/\/marekkuchcinski.pl\/cs\/wydarzenia\/spotkanie-andrijem-danko\/","title":{"rendered":"P\u0159edseda Sejmu: Kdy\u017e se zamysl\u00edme nad budoucnost\u00ed, nem\u016f\u017eeme sm\u011b\u0159ovat k v\u00edcerychlostn\u00ed Unii."},"content":{"rendered":"<p>V Sejmu za\u010dal summit p\u0159edsed\u016f parlament\u016f Visegr\u00e1dsk\u00e9 skupiny (V4). Je to p\u0159\u00edle\u017eitost vypracovat spole\u010dn\u00fd postoj p\u0159ed summitem v It\u00e1lii - u p\u0159\u00edle\u017eitosti 60. v\u00fdro\u010d\u00ed podpisu \u0158\u00edmsk\u00fdch smluv.<\/p>\n<p>V r\u00e1mci var\u0161avsk\u00e9ho summitu se uskute\u010dnilo prvn\u00ed setk\u00e1n\u00ed p\u0159edsedy Sejmu Marka Kuchcinsk\u00e9ho s p\u0159edsedou N\u00e1rodn\u00ed rady Slovensk\u00e9 republiky Andrejem Dankem.<\/p>\n<p>Rozhovory se t\u00fdkaly budoucnosti Evropsk\u00e9 unie, v\u010detn\u011b pot\u0159eby reformy Spole\u010denstv\u00ed. - P\u0159i hled\u00e1n\u00ed toho, co m\u00e1me spole\u010dn\u00e9ho, co n\u00e1s spojuje, bychom m\u011bli zachovat odd\u011blenost na\u0161ich n\u00e1rodn\u00edch parlament\u016f,\" \u0159ekl p\u0159edseda Kuchci\u0144ski. - Kdy\u017e p\u0159em\u00fd\u0161l\u00edme o budoucnosti, nem\u016f\u017eeme usilovat o v\u00edcerychlostn\u00ed Unii. Unie mus\u00ed b\u00fdt mezin\u00e1rodn\u00ed organizac\u00ed slo\u017eenou ze suver\u00e9nn\u00edch st\u00e1t\u016f,\" dodal Kuchci\u0144ski.<\/p>\n<p>Byla rovn\u011b\u017e nastolena ot\u00e1zka uspo\u0159\u00e1d\u00e1n\u00ed syst\u00e9mu podpory n\u00e1rodnostn\u00edch men\u0161in a spole\u010dn\u00fdch jedn\u00e1n\u00ed o ochran\u011b p\u016fdy, vody, les\u016f a strategick\u00fdch surovin.<\/p>\n<p><em>Foto: Pawe\u0142 Kula<\/em><\/p>\n<p><a href=\"https:\/\/marekkuchcinski.pl\/wp-content\/uploads\/2017\/03\/KU111890.jpg\"><img fetchpriority=\"high\" decoding=\"async\" class=\"alignnone size-full wp-image-5555\" src=\"https:\/\/marekkuchcinski.pl\/wp-content\/uploads\/2017\/03\/KU111890.jpg\" alt=\"KU111890\" width=\"1800\" height=\"1200\" srcset=\"https:\/\/marekkuchcinski.pl\/wp-content\/uploads\/2017\/03\/KU111890.jpg 1800w, https:\/\/marekkuchcinski.pl\/wp-content\/uploads\/2017\/03\/KU111890-300x200.jpg 300w, https:\/\/marekkuchcinski.pl\/wp-content\/uploads\/2017\/03\/KU111890-768x512.jpg 768w, https:\/\/marekkuchcinski.pl\/wp-content\/uploads\/2017\/03\/KU111890-1024x683.jpg 1024w\" sizes=\"(max-width: 1800px) 100vw, 1800px\" \/><\/a><a href=\"https:\/\/marekkuchcinski.pl\/wp-content\/uploads\/2017\/03\/KU112053.jpg\"><img decoding=\"async\" class=\"alignnone size-full wp-image-5556\" src=\"https:\/\/marekkuchcinski.pl\/wp-content\/uploads\/2017\/03\/KU112053.jpg\" alt=\"KU112053\" width=\"1800\" height=\"1200\" srcset=\"https:\/\/marekkuchcinski.pl\/wp-content\/uploads\/2017\/03\/KU112053.jpg 1800w, https:\/\/marekkuchcinski.pl\/wp-content\/uploads\/2017\/03\/KU112053-300x200.jpg 300w, https:\/\/marekkuchcinski.pl\/wp-content\/uploads\/2017\/03\/KU112053-768x512.jpg 768w, https:\/\/marekkuchcinski.pl\/wp-content\/uploads\/2017\/03\/KU112053-1024x683.jpg 1024w\" sizes=\"(max-width: 1800px) 100vw, 1800px\" \/><\/a> <a href=\"https:\/\/marekkuchcinski.pl\/wp-content\/uploads\/2017\/03\/KU112026.jpg\"><img decoding=\"async\" class=\"alignnone size-full wp-image-5557\" src=\"https:\/\/marekkuchcinski.pl\/wp-content\/uploads\/2017\/03\/KU112026.jpg\" alt=\"KU112026\" width=\"1800\" height=\"1200\" srcset=\"https:\/\/marekkuchcinski.pl\/wp-content\/uploads\/2017\/03\/KU112026.jpg 1800w, https:\/\/marekkuchcinski.pl\/wp-content\/uploads\/2017\/03\/KU112026-300x200.jpg 300w, https:\/\/marekkuchcinski.pl\/wp-content\/uploads\/2017\/03\/KU112026-768x512.jpg 768w, https:\/\/marekkuchcinski.pl\/wp-content\/uploads\/2017\/03\/KU112026-1024x683.jpg 1024w\" sizes=\"(max-width: 1800px) 100vw, 1800px\" \/><\/a> <a href=\"https:\/\/marekkuchcinski.pl\/wp-content\/uploads\/2017\/03\/KU111904.jpg\"><img loading=\"lazy\" decoding=\"async\" class=\"alignnone size-full wp-image-5558\" src=\"https:\/\/marekkuchcinski.pl\/wp-content\/uploads\/2017\/03\/KU111904.jpg\" alt=\"KU111904\" width=\"1800\" height=\"1200\" srcset=\"https:\/\/marekkuchcinski.pl\/wp-content\/uploads\/2017\/03\/KU111904.jpg 1800w, https:\/\/marekkuchcinski.pl\/wp-content\/uploads\/2017\/03\/KU111904-300x200.jpg 300w, https:\/\/marekkuchcinski.pl\/wp-content\/uploads\/2017\/03\/KU111904-768x512.jpg 768w, https:\/\/marekkuchcinski.pl\/wp-content\/uploads\/2017\/03\/KU111904-1024x683.jpg 1024w\" sizes=\"(max-width: 1800px) 100vw, 1800px\" \/><\/a><\/p>","protected":false},"excerpt":{"rendered":"<p>W Sejmie rozpocz\u0105\u0142 si\u0119 szczyt przewodnicz\u0105cych parlament\u00f3w Grupy Wyszehradzkiej (V4). Jest on okazj\u0105 do wypracowania wsp\u00f3lnego stanowiska przed szczytem we W\u0142oszech \u2013 z okazji 60. rocznicy podpisania traktat\u00f3w rzymskich. W ramach warszawskiego szczytu jako pierwsze odby\u0142o si\u0119 spotkanie marsza\u0142ka Sejmu Marka Kuchci\u0144skiego z przewodnicz\u0105cym Rady Narodowej Republiki S\u0142owackiej \u2013 Andrejem Danko. Rozm\u00f3wcy poruszyli temat przysz\u0142o\u015bci [&hellip;]<\/p>\n","protected":false},"author":6,"featured_media":5562,"comment_status":"open","ping_status":"open","sticky":false,"template":"","format":"standard","meta":{"ngg_post_thumbnail":0,"footnotes":""},"categories":[81,50,3],"tags":[],"class_list":["post-5554","post","type-post","status-publish","format-standard","has-post-thumbnail","hentry","category-wiesci-z-sejmu","category-wspolpraca-miedzynarodowa","category-wydarzenia"],"_links":{"self":[{"href":"https:\/\/marekkuchcinski.pl\/cs\/wp-json\/wp\/v2\/posts\/5554","targetHints":{"allow":["GET"]}}],"collection":[{"href":"https:\/\/marekkuchcinski.pl\/cs\/wp-json\/wp\/v2\/posts"}],"about":[{"href":"https:\/\/marekkuchcinski.pl\/cs\/wp-json\/wp\/v2\/types\/post"}],"author":[{"embeddable":true,"href":"https:\/\/marekkuchcinski.pl\/cs\/wp-json\/wp\/v2\/users\/6"}],"replies":[{"embeddable":true,"href":"https:\/\/marekkuchcinski.pl\/cs\/wp-json\/wp\/v2\/comments?post=5554"}],"version-history":[{"count":5,"href":"https:\/\/marekkuchcinski.pl\/cs\/wp-json\/wp\/v2\/posts\/5554\/revisions"}],"predecessor-version":[{"id":5565,"href":"https:\/\/marekkuchcinski.pl\/cs\/wp-json\/wp\/v2\/posts\/5554\/revisions\/5565"}],"wp:featuredmedia":[{"embeddable":true,"href":"https:\/\/marekkuchcinski.pl\/cs\/wp-json\/wp\/v2\/media\/5562"}],"wp:attachment":[{"href":"https:\/\/marekkuchcinski.pl\/cs\/wp-json\/wp\/v2\/media?parent=5554"}],"wp:term":[{"taxonomy":"category","embeddable":true,"href":"https:\/\/marekkuchcinski.pl\/cs\/wp-json\/wp\/v2\/categories?post=5554"},{"taxonomy":"post_tag","embeddable":true,"href":"https:\/\/marekkuchcinski.pl\/cs\/wp-json\/wp\/v2\/tags?post=5554"}],"curies":[{"name":"wp","href":"https:\/\/api.w.org\/{rel}","templated":true}]}}