{"id":5532,"date":"2017-03-02T15:46:05","date_gmt":"2017-03-02T14:46:05","guid":{"rendered":"https:\/\/marekkuchcinski.pl\/?p=5532"},"modified":"2017-03-02T21:21:28","modified_gmt":"2017-03-02T20:21:28","slug":"marszalek-marek-kuchcinski","status":"publish","type":"post","link":"https:\/\/marekkuchcinski.pl\/cs\/wydarzenia\/marszalek-marek-kuchcinski\/","title":{"rendered":"Polsko a Rumunsko se spole\u010dnou viz\u00ed pro Evropu. Setk\u00e1n\u00ed p\u0159edsedy Sejmu a p\u0159edsedy Sen\u00e1tu Rumunska"},"content":{"rendered":"<p>Oslavy 60. v\u00fdro\u010d\u00ed podpisu \u0158\u00edmsk\u00fdch smluv a setk\u00e1n\u00ed p\u0159edsed\u016f parlament\u016f zem\u00ed st\u0159edn\u00ed a v\u00fdchodn\u00ed Evropy ve Var\u0161av\u011b pat\u0159\u00ed k nejv\u00fdznamn\u011bj\u0161\u00edm ud\u00e1lostem leto\u0161n\u00edho roku na politick\u00e9 sc\u00e9n\u011b.<\/p>\n<p>- Vztahy mezi parlamenty jsou nesm\u00edrn\u011b d\u016fle\u017eit\u00e9, proto\u017ee vytv\u00e1\u0159\u00edme z\u00e1klady pro pr\u00e1ci vl\u00e1dy,\" uvedl p\u0159edseda rumunsk\u00e9ho Sen\u00e1tu C\u0103lin Popescu-T\u0103riceanu b\u011bhem setk\u00e1n\u00ed s p\u0159edsedou Sejmu Markem Kuchci\u0144skim. Dodal, \u017ee rumunsk\u00e1 vize rozvoje je bl\u00edzk\u00e1 polsk\u00e9, je t\u0159eba respektovat svobodu a suverenitu. V obou zem\u00edch tak\u00e9 neexistuje dohoda o dvourychlostn\u00ed Evrop\u011b.<\/p>\n<p>Vzhledem k v\u00fdrazn\u00e9mu p\u0159\u00edlivu mlad\u00fdch lid\u00ed z Polska a Rumunska do Spojen\u00e9ho kr\u00e1lovstv\u00ed byl z rumunsk\u00e9 strany p\u0159edlo\u017een n\u00e1vrh na trojstrann\u00e9 setk\u00e1n\u00ed mezi Polskem, Rumunskem a Spojen\u00fdm kr\u00e1lovstv\u00edm.<\/p>\n<p>Mar\u0161\u00e1l Kuchci\u0144ski zd\u016fraznil, \u017ee Rumunsko je jedn\u00edm z nejd\u016fle\u017eit\u011bj\u0161\u00edch spojenc\u016f na\u0161\u00ed zem\u011b. Upozornil tak\u00e9 na politiku v oblasti klimatu a Karpatskou \u00famluvu, jej\u00edm\u017e c\u00edlem je realizovat komplexn\u00ed politiku a spolupr\u00e1ci v oblasti ochrany a udr\u017eiteln\u00e9ho rozvoje Karpat s c\u00edlem zlep\u0161it kvalitu \u017eivota, pos\u00edlit m\u00edstn\u00ed ekonomiky a komunity a zachovat p\u0159\u00edrodn\u00ed hodnoty a kulturn\u00ed d\u011bdictv\u00ed t\u00e9to oblasti.<\/p>\n<p>Podle mar\u0161\u00e1la Kuchci\u0144sk\u00e9ho bychom se nem\u011bli zastavit u spole\u010dn\u00e9 politiky. Spojuje n\u00e1s kultura a um\u011bn\u00ed a tyto oblasti je t\u0159eba rozv\u00edjet. \u00da\u010dastn\u00edci rozhovoru se shodli na tom, \u017ee karpatsk\u00fd region by m\u011bl m\u00edt podobnou strategii jako alpsk\u00fd nebo podunajsk\u00fd region. Makroregiony jsou v Evropsk\u00e9 unii velmi d\u016fle\u017eit\u00e9. - Po p\u00e1du komunistick\u00e9ho bloku jsme se cht\u011bli p\u0159ibl\u00ed\u017eit Z\u00e1padu a zanedbali jsme region\u00e1ln\u00ed vztahy. A to byla chyba - \u0159ekl prezident Popescu-T\u0103riceanu.<\/p>\n<p><a href=\"https:\/\/marekkuchcinski.pl\/wp-content\/uploads\/2017\/03\/KU100187.jpg\"><img fetchpriority=\"high\" decoding=\"async\" class=\"alignnone size-full wp-image-5533\" src=\"https:\/\/marekkuchcinski.pl\/wp-content\/uploads\/2017\/03\/KU100187.jpg\" alt=\"KU100187\" width=\"1800\" height=\"1200\" srcset=\"https:\/\/marekkuchcinski.pl\/wp-content\/uploads\/2017\/03\/KU100187.jpg 1800w, https:\/\/marekkuchcinski.pl\/wp-content\/uploads\/2017\/03\/KU100187-300x200.jpg 300w, https:\/\/marekkuchcinski.pl\/wp-content\/uploads\/2017\/03\/KU100187-768x512.jpg 768w, https:\/\/marekkuchcinski.pl\/wp-content\/uploads\/2017\/03\/KU100187-1024x683.jpg 1024w\" sizes=\"(max-width: 1800px) 100vw, 1800px\" \/><\/a><a href=\"https:\/\/marekkuchcinski.pl\/wp-content\/uploads\/2017\/03\/KU100159.jpg\"><img decoding=\"async\" class=\"alignnone size-full wp-image-5534\" src=\"https:\/\/marekkuchcinski.pl\/wp-content\/uploads\/2017\/03\/KU100159.jpg\" alt=\"KU100159\" width=\"1800\" height=\"1200\" srcset=\"https:\/\/marekkuchcinski.pl\/wp-content\/uploads\/2017\/03\/KU100159.jpg 1800w, https:\/\/marekkuchcinski.pl\/wp-content\/uploads\/2017\/03\/KU100159-300x200.jpg 300w, https:\/\/marekkuchcinski.pl\/wp-content\/uploads\/2017\/03\/KU100159-768x512.jpg 768w, https:\/\/marekkuchcinski.pl\/wp-content\/uploads\/2017\/03\/KU100159-1024x683.jpg 1024w\" sizes=\"(max-width: 1800px) 100vw, 1800px\" \/><\/a> <a href=\"https:\/\/marekkuchcinski.pl\/wp-content\/uploads\/2017\/03\/KU100330.jpg\"><img decoding=\"async\" class=\"alignnone size-full wp-image-5535\" src=\"https:\/\/marekkuchcinski.pl\/wp-content\/uploads\/2017\/03\/KU100330.jpg\" alt=\"KU100330\" width=\"1800\" height=\"1200\" srcset=\"https:\/\/marekkuchcinski.pl\/wp-content\/uploads\/2017\/03\/KU100330.jpg 1800w, https:\/\/marekkuchcinski.pl\/wp-content\/uploads\/2017\/03\/KU100330-300x200.jpg 300w, https:\/\/marekkuchcinski.pl\/wp-content\/uploads\/2017\/03\/KU100330-768x512.jpg 768w, https:\/\/marekkuchcinski.pl\/wp-content\/uploads\/2017\/03\/KU100330-1024x683.jpg 1024w\" sizes=\"(max-width: 1800px) 100vw, 1800px\" \/><\/a> <a href=\"https:\/\/marekkuchcinski.pl\/wp-content\/uploads\/2017\/03\/KU100304.jpg\"><img loading=\"lazy\" decoding=\"async\" class=\"alignnone size-full wp-image-5536\" src=\"https:\/\/marekkuchcinski.pl\/wp-content\/uploads\/2017\/03\/KU100304.jpg\" alt=\"KU100304\" width=\"1800\" height=\"1200\" srcset=\"https:\/\/marekkuchcinski.pl\/wp-content\/uploads\/2017\/03\/KU100304.jpg 1800w, https:\/\/marekkuchcinski.pl\/wp-content\/uploads\/2017\/03\/KU100304-300x200.jpg 300w, https:\/\/marekkuchcinski.pl\/wp-content\/uploads\/2017\/03\/KU100304-768x512.jpg 768w, https:\/\/marekkuchcinski.pl\/wp-content\/uploads\/2017\/03\/KU100304-1024x683.jpg 1024w\" sizes=\"(max-width: 1800px) 100vw, 1800px\" \/><\/a><\/p>","protected":false},"excerpt":{"rendered":"<p>Obchody 60. rocznicy podpisania traktat\u00f3w rzymskich oraz spotkanie przewodnicz\u0105cych parlament\u00f3w pa\u0144stw Europy \u015arodkowej i Wschodniej w Warszawie to jedne z najwa\u017cniejszych wydarze\u0144 na scenie politycznej tego roku. \u2013 Relacje mi\u0119dzy parlamentami s\u0105 niezwykle wa\u017cne, bo tworzymy podwaliny pod prac\u0119 rz\u0105du \u2013 powiedzia\u0142 przewodnicz\u0105cy rumu\u0144skiego Senatu C\u0103lin Popescu-T\u0103riceanu podczas spotkania z marsza\u0142kiem Sejmu Markiem Kuchci\u0144skim. Doda\u0142, [&hellip;]<\/p>\n","protected":false},"author":6,"featured_media":5533,"comment_status":"open","ping_status":"open","sticky":false,"template":"","format":"standard","meta":{"ngg_post_thumbnail":0,"footnotes":""},"categories":[78,81,50,3],"tags":[],"class_list":["post-5532","post","type-post","status-publish","format-standard","has-post-thumbnail","hentry","category-europa-karpat","category-wiesci-z-sejmu","category-wspolpraca-miedzynarodowa","category-wydarzenia"],"_links":{"self":[{"href":"https:\/\/marekkuchcinski.pl\/cs\/wp-json\/wp\/v2\/posts\/5532","targetHints":{"allow":["GET"]}}],"collection":[{"href":"https:\/\/marekkuchcinski.pl\/cs\/wp-json\/wp\/v2\/posts"}],"about":[{"href":"https:\/\/marekkuchcinski.pl\/cs\/wp-json\/wp\/v2\/types\/post"}],"author":[{"embeddable":true,"href":"https:\/\/marekkuchcinski.pl\/cs\/wp-json\/wp\/v2\/users\/6"}],"replies":[{"embeddable":true,"href":"https:\/\/marekkuchcinski.pl\/cs\/wp-json\/wp\/v2\/comments?post=5532"}],"version-history":[{"count":3,"href":"https:\/\/marekkuchcinski.pl\/cs\/wp-json\/wp\/v2\/posts\/5532\/revisions"}],"predecessor-version":[{"id":5540,"href":"https:\/\/marekkuchcinski.pl\/cs\/wp-json\/wp\/v2\/posts\/5532\/revisions\/5540"}],"wp:featuredmedia":[{"embeddable":true,"href":"https:\/\/marekkuchcinski.pl\/cs\/wp-json\/wp\/v2\/media\/5533"}],"wp:attachment":[{"href":"https:\/\/marekkuchcinski.pl\/cs\/wp-json\/wp\/v2\/media?parent=5532"}],"wp:term":[{"taxonomy":"category","embeddable":true,"href":"https:\/\/marekkuchcinski.pl\/cs\/wp-json\/wp\/v2\/categories?post=5532"},{"taxonomy":"post_tag","embeddable":true,"href":"https:\/\/marekkuchcinski.pl\/cs\/wp-json\/wp\/v2\/tags?post=5532"}],"curies":[{"name":"wp","href":"https:\/\/api.w.org\/{rel}","templated":true}]}}