{"id":5442,"date":"2017-02-26T10:08:59","date_gmt":"2017-02-26T09:08:59","guid":{"rendered":"https:\/\/marekkuchcinski.pl\/?p=5442"},"modified":"2017-02-27T16:48:29","modified_gmt":"2017-02-27T15:48:29","slug":"mazurek-dabrowskiego-hymnem-polski-90","status":"publish","type":"post","link":"https:\/\/marekkuchcinski.pl\/cs\/wydarzenia\/mazurek-dabrowskiego-hymnem-polski-90\/","title":{"rendered":"Dabrowsk\u00e9ho Mazurka je ji\u017e 90 let hymnou Polska."},"content":{"rendered":"<p style=\"text-align: center;\">Zak\u00e1z\u00e1no rozd\u011blova\u010di <strong>D\u0105browsk\u00e9ho mazurka<\/strong>kterou napsal J\u00f3zef Wybicki, spisovatel, politik a voj\u00e1k, z\u00edskala status n\u00e1rodn\u00ed hymny ji\u017e b\u011bhem listopadov\u00e9ho povst\u00e1n\u00ed v roce 1830. Form\u00e1ln\u011b se tak stalo 26. \u00fanora 1927.<\/p>\n<p style=\"text-align: center;\">Za prvn\u00ed n\u00e1rodn\u00ed hymnu je pova\u017eov\u00e1na \"Bogurodzica\", kterou v roce 1410 zp\u00edvali pol\u0161t\u00ed ryt\u00ed\u0159i p\u0159ed bitvou u Grunwaldu. Dal\u0161\u00ed byla c\u00edrkevn\u00ed p\u00edse\u0148 \"The Deum laudamus\", tehdy na objedn\u00e1vku kr\u00e1le Augusta Poniatowsk\u00e9ho \"\u015awi\u0119ta mi\u0142o\u015bci kochanej ojczyzny\". P\u0159ed lednov\u00fdm povst\u00e1n\u00edm plnila roli hymny p\u00edse\u0148 \"Bo\u017ce co\u015b Polsk\u0119\" (\"Bo\u017ee, ochra\u0148uj Polsko\").<\/p>\n<p style=\"text-align: center;\">Nicm\u00e9n\u011b, toto <strong>D\u0105browsk\u00e9ho mazurka<\/strong> Ukradla srdce Pol\u00e1k\u016f a je skute\u010dn\u00fdm projevem polskosti ji\u017e 90 let.<\/p>\n<p style=\"text-align: center;\"><a href=\"https:\/\/marekkuchcinski.pl\/wp-content\/uploads\/2017\/02\/godlo.jpg\"><img fetchpriority=\"high\" decoding=\"async\" class=\"alignnone wp-image-5447\" src=\"https:\/\/marekkuchcinski.pl\/wp-content\/uploads\/2017\/02\/godlo.jpg\" alt=\"godlo\" width=\"318\" height=\"288\" \/><\/a><\/p>\n<p style=\"text-align: center;\"><strong>Ofici\u00e1ln\u00ed text hymny:<\/strong><\/p>\n<p style=\"text-align: center;\">Polsko je\u0161t\u011b nen\u00ed mrtv\u00e9,<br \/>\nDokud jsme na\u017eivu.<br \/>\nCo n\u00e1m ciz\u00ed n\u00e1sil\u00ed vzalo,<br \/>\n\u0160avli si vezmeme zp\u011bt.<\/p>\n<p style=\"text-align: center;\"><strong>Pochod, pochod D\u0105browski,<\/strong><br \/>\n<strong>Z italsk\u00e9 p\u016fdy do Polska.<\/strong><br \/>\n<strong>Za va\u0161\u00edm veden\u00edm<\/strong><br \/>\n<strong>P\u0159ipoj\u00edm se k lidem.<\/strong><\/p>\n<p style=\"text-align: center;\">P\u0159ejdu Vislu, p\u0159ejdu Wartu,<br \/>\nBudeme Pol\u00e1ci.<br \/>\nBonaparte n\u00e1m dal p\u0159\u00edklad,<br \/>\nJak vyhr\u00e1t m\u00e1me.<\/p>\n<p style=\"text-align: center;\"><strong>Pochoduj, pochoduj...<\/strong><\/p>\n<p style=\"text-align: center;\">Stejn\u011b jako Czarniecki do Poznan\u011b<br \/>\nPo rozd\u011blen\u00ed \u0160v\u00e9dska,<br \/>\nZachr\u00e1nit vlast<br \/>\nVr\u00e1t\u00edm se p\u0159es mo\u0159e.<\/p>\n<p style=\"text-align: center;\"><strong>Pochoduj, pochoduj...<\/strong><\/p>\n<p style=\"text-align: center;\">U\u017e tam otec sv\u00e9 Basii<br \/>\n\u0158\u00edk\u00e1, \u017ee pl\u00e1\u010de -<br \/>\nPoslouchejte pouze na\u0161e<br \/>\nPor\u00e1\u017eej\u00ed tarabany.<\/p>\n<p style=\"text-align: center;\"><strong>Pochoduj, pochoduj...<\/strong><\/p>","protected":false},"excerpt":{"rendered":"<p>Zakazany przez zaborc\u00f3w Mazurek D\u0105browskiego, napisany przez J\u00f3zefa Wybickiego, pisarza, polityka, \u017co\u0142nierza, rang\u0119 hymnu narodowego zyska\u0142\u00a0ju\u017c podczas powstania listopadowego w 1830 r. Formalnie sta\u0142 si\u0119 nim 26\u00a0lutego 1927\u00a0r. Za pierwszy hymn narodowy uznaje si\u0119 \u015bpiewan\u0105 w 1410 r. przez polskie rycerstwo przed bitw\u0105 pod Grunwaldem \u201eBogurodzic\u0119&#8221;. Kolejnym by\u0142a pie\u015b\u0144 ko\u015bcielna \u201eThe Deum laudamus&#8221;, nast\u0119pnie zlecona [&hellip;]<\/p>\n","protected":false},"author":6,"featured_media":5443,"comment_status":"open","ping_status":"open","sticky":false,"template":"","format":"standard","meta":{"ngg_post_thumbnail":0,"footnotes":""},"categories":[77,3],"tags":[],"class_list":["post-5442","post","type-post","status-publish","format-standard","has-post-thumbnail","hentry","category-wazne-daty","category-wydarzenia"],"_links":{"self":[{"href":"https:\/\/marekkuchcinski.pl\/cs\/wp-json\/wp\/v2\/posts\/5442","targetHints":{"allow":["GET"]}}],"collection":[{"href":"https:\/\/marekkuchcinski.pl\/cs\/wp-json\/wp\/v2\/posts"}],"about":[{"href":"https:\/\/marekkuchcinski.pl\/cs\/wp-json\/wp\/v2\/types\/post"}],"author":[{"embeddable":true,"href":"https:\/\/marekkuchcinski.pl\/cs\/wp-json\/wp\/v2\/users\/6"}],"replies":[{"embeddable":true,"href":"https:\/\/marekkuchcinski.pl\/cs\/wp-json\/wp\/v2\/comments?post=5442"}],"version-history":[{"count":8,"href":"https:\/\/marekkuchcinski.pl\/cs\/wp-json\/wp\/v2\/posts\/5442\/revisions"}],"predecessor-version":[{"id":5470,"href":"https:\/\/marekkuchcinski.pl\/cs\/wp-json\/wp\/v2\/posts\/5442\/revisions\/5470"}],"wp:featuredmedia":[{"embeddable":true,"href":"https:\/\/marekkuchcinski.pl\/cs\/wp-json\/wp\/v2\/media\/5443"}],"wp:attachment":[{"href":"https:\/\/marekkuchcinski.pl\/cs\/wp-json\/wp\/v2\/media?parent=5442"}],"wp:term":[{"taxonomy":"category","embeddable":true,"href":"https:\/\/marekkuchcinski.pl\/cs\/wp-json\/wp\/v2\/categories?post=5442"},{"taxonomy":"post_tag","embeddable":true,"href":"https:\/\/marekkuchcinski.pl\/cs\/wp-json\/wp\/v2\/tags?post=5442"}],"curies":[{"name":"wp","href":"https:\/\/api.w.org\/{rel}","templated":true}]}}