{"id":5429,"date":"2017-02-24T12:24:32","date_gmt":"2017-02-24T11:24:32","guid":{"rendered":"https:\/\/marekkuchcinski.pl\/?p=5429"},"modified":"2017-02-24T12:24:32","modified_gmt":"2017-02-24T11:24:32","slug":"sejm-uczcil-minuta-ciszy-pamiec-dowodcy-kedywu-komendy-glownej-ak-generala-augusta-emila-fieldorfa-nila","status":"publish","type":"post","link":"https:\/\/marekkuchcinski.pl\/cs\/wazne-daty\/sejm-uczcil-minuta-ciszy-pamiec-dowodcy-kedywu-komendy-glownej-ak-generala-augusta-emila-fieldorfa-nila\/","title":{"rendered":"Sejm uctil minutou ticha pam\u00e1tku gener\u00e1la Augusta Emila Fieldorfa \"Nila\", velitele Kedywu Velitelstv\u00ed dom\u00e1c\u00ed arm\u00e1dy."},"content":{"rendered":"<p><a href=\"https:\/\/marekkuchcinski.pl\/wp-content\/uploads\/2017\/02\/1-nil.jpg\"><img fetchpriority=\"high\" decoding=\"async\" class=\"alignnone  wp-image-5430\" src=\"https:\/\/marekkuchcinski.pl\/wp-content\/uploads\/2017\/02\/1-nil.jpg\" alt=\"1-nil\" width=\"1019\" height=\"525\" srcset=\"https:\/\/marekkuchcinski.pl\/wp-content\/uploads\/2017\/02\/1-nil.jpg 666w, https:\/\/marekkuchcinski.pl\/wp-content\/uploads\/2017\/02\/1-nil-300x155.jpg 300w\" sizes=\"(max-width: 1019px) 100vw, 1019px\" \/><\/a><\/p>","protected":false},"excerpt":{"rendered":"","protected":false},"author":6,"featured_media":5430,"comment_status":"open","ping_status":"open","sticky":false,"template":"","format":"standard","meta":{"ngg_post_thumbnail":0,"footnotes":""},"categories":[77,81],"tags":[],"class_list":["post-5429","post","type-post","status-publish","format-standard","has-post-thumbnail","hentry","category-wazne-daty","category-wiesci-z-sejmu"],"_links":{"self":[{"href":"https:\/\/marekkuchcinski.pl\/cs\/wp-json\/wp\/v2\/posts\/5429","targetHints":{"allow":["GET"]}}],"collection":[{"href":"https:\/\/marekkuchcinski.pl\/cs\/wp-json\/wp\/v2\/posts"}],"about":[{"href":"https:\/\/marekkuchcinski.pl\/cs\/wp-json\/wp\/v2\/types\/post"}],"author":[{"embeddable":true,"href":"https:\/\/marekkuchcinski.pl\/cs\/wp-json\/wp\/v2\/users\/6"}],"replies":[{"embeddable":true,"href":"https:\/\/marekkuchcinski.pl\/cs\/wp-json\/wp\/v2\/comments?post=5429"}],"version-history":[{"count":1,"href":"https:\/\/marekkuchcinski.pl\/cs\/wp-json\/wp\/v2\/posts\/5429\/revisions"}],"predecessor-version":[{"id":5431,"href":"https:\/\/marekkuchcinski.pl\/cs\/wp-json\/wp\/v2\/posts\/5429\/revisions\/5431"}],"wp:featuredmedia":[{"embeddable":true,"href":"https:\/\/marekkuchcinski.pl\/cs\/wp-json\/wp\/v2\/media\/5430"}],"wp:attachment":[{"href":"https:\/\/marekkuchcinski.pl\/cs\/wp-json\/wp\/v2\/media?parent=5429"}],"wp:term":[{"taxonomy":"category","embeddable":true,"href":"https:\/\/marekkuchcinski.pl\/cs\/wp-json\/wp\/v2\/categories?post=5429"},{"taxonomy":"post_tag","embeddable":true,"href":"https:\/\/marekkuchcinski.pl\/cs\/wp-json\/wp\/v2\/tags?post=5429"}],"curies":[{"name":"wp","href":"https:\/\/api.w.org\/{rel}","templated":true}]}}