{"id":5421,"date":"2017-02-24T12:04:10","date_gmt":"2017-02-24T11:04:10","guid":{"rendered":"https:\/\/marekkuchcinski.pl\/?p=5421"},"modified":"2017-02-27T15:18:00","modified_gmt":"2017-02-27T14:18:00","slug":"sejm-podjal-uchwale-upamietniajaca-ksiedza-franciszka-blachnickiego","status":"publish","type":"post","link":"https:\/\/marekkuchcinski.pl\/cs\/wazne-daty\/sejm-podjal-uchwale-upamietniajaca-ksiedza-franciszka-blachnickiego\/","title":{"rendered":"Sejm p\u0159ijal usnesen\u00ed k uct\u011bn\u00ed pam\u00e1tky otce Franciszka Blachnick\u00e9ho"},"content":{"rendered":"<p>U p\u0159\u00edle\u017eitosti 30. v\u00fdro\u010d\u00ed \u00famrt\u00ed otce Franciszka Blachnick\u00e9ho, kter\u00e9 p\u0159ipad\u00e1 na \u00fanor 2017, vzd\u00e1v\u00e1 Sejm Polsk\u00e9 republiky hold tomuto velk\u00e9mu vlastenci, voj\u00e1kovi, duchovn\u00edmu a soci\u00e1ln\u00edmu aktivistovi.<\/p>\n<p>Otec Franciszek Blachnicki zasv\u011btil cel\u00fd sv\u016fj \u017eivot dobru sv\u00e9 vlasti. Bojoval jako voj\u00e1k v z\u00e1\u0159ijov\u00e9m ta\u017een\u00ed, byl aktivn\u00ed v podzemn\u00edm hnut\u00ed, v\u011bzn\u011bn v koncentra\u010dn\u00edm t\u00e1bo\u0159e a pron\u00e1sledov\u00e1n komunistickou bezpe\u010dnost\u00ed. Jeho spole\u010densk\u00e1 \u010dinnost vych\u00e1zela z univerz\u00e1ln\u00edch hodnot a formovala mor\u00e1ln\u00ed postoje n\u00e1roda.  Jako zakladatel hnut\u00ed Light-Life vychov\u00e1val mlad\u00e9 lidi i dosp\u011bl\u00e9 v duchu vlastenectv\u00ed, mor\u00e1lky a odpov\u011bdnosti.<\/p>\n<p>Oslavy 30. v\u00fdro\u010d\u00ed \u00famrt\u00ed otce Franciszka Blachnick\u00e9ho se konaly pod \u010destnou z\u00e1\u0161titou prezidenta Polsk\u00e9 republiky Andrzeje Dudy.<\/p>\n<p>Sejm Polsk\u00e9 republiky - jako ocen\u011bn\u00ed z\u00e1sluh otce Franciszka Blachnick\u00e9ho o polsk\u00fd n\u00e1rod a jeho p\u0159\u00ednosu k mor\u00e1ln\u00edmu rozvoji mnoha generac\u00ed - vzd\u00e1v\u00e1 hold jeho pam\u00e1tce.<\/p>\n<p><a href=\"https:\/\/marekkuchcinski.pl\/wp-content\/uploads\/2017\/02\/094056_lu11s04_1972_kurs_anim_oaz_51-1.jpg\"><img fetchpriority=\"high\" decoding=\"async\" class=\"alignnone wp-image-5423\" src=\"https:\/\/marekkuchcinski.pl\/wp-content\/uploads\/2017\/02\/094056_lu11s04_1972_kurs_anim_oaz_51-1.jpg\" alt=\"094056_lu11s04_1972_kurs_anim_oaz_51\" width=\"988\" height=\"424\" srcset=\"https:\/\/marekkuchcinski.pl\/wp-content\/uploads\/2017\/02\/094056_lu11s04_1972_kurs_anim_oaz_51-1.jpg 650w, https:\/\/marekkuchcinski.pl\/wp-content\/uploads\/2017\/02\/094056_lu11s04_1972_kurs_anim_oaz_51-1-300x129.jpg 300w\" sizes=\"(max-width: 988px) 100vw, 988px\" \/><\/a> <a href=\"https:\/\/marekkuchcinski.pl\/wp-content\/uploads\/2017\/02\/ks-franciszek-blachnicki-fot.jpg\"><img decoding=\"async\" class=\"alignnone wp-image-5424\" src=\"https:\/\/marekkuchcinski.pl\/wp-content\/uploads\/2017\/02\/ks-franciszek-blachnicki-fot.jpg\" alt=\"ks-franciszek-blachnicki-fot\" width=\"981\" height=\"692\" srcset=\"https:\/\/marekkuchcinski.pl\/wp-content\/uploads\/2017\/02\/ks-franciszek-blachnicki-fot.jpg 512w, https:\/\/marekkuchcinski.pl\/wp-content\/uploads\/2017\/02\/ks-franciszek-blachnicki-fot-300x212.jpg 300w\" sizes=\"(max-width: 981px) 100vw, 981px\" \/><\/a> <a href=\"https:\/\/marekkuchcinski.pl\/wp-content\/uploads\/2017\/02\/blachnicki_oswiecim.jpg\"><img decoding=\"async\" class=\"alignnone wp-image-5425\" src=\"https:\/\/marekkuchcinski.pl\/wp-content\/uploads\/2017\/02\/blachnicki_oswiecim.jpg\" alt=\"blachnicki_oswiecim\" width=\"1036\" height=\"468\" srcset=\"https:\/\/marekkuchcinski.pl\/wp-content\/uploads\/2017\/02\/blachnicki_oswiecim.jpg 640w, https:\/\/marekkuchcinski.pl\/wp-content\/uploads\/2017\/02\/blachnicki_oswiecim-300x135.jpg 300w\" sizes=\"(max-width: 1036px) 100vw, 1036px\" \/><\/a><\/p>","protected":false},"excerpt":{"rendered":"<p>W przypadaj\u0105c\u0105 w lutym 2017 roku 30. rocznic\u0119 \u015bmierci ks. Franciszka Blachnickiego, Sejm Rzeczypospolitej Polskiej oddaje ho\u0142d temu wielkiemu patriocie, \u017co\u0142nierzowi, duchownemu i dzia\u0142aczowi spo\u0142ecznemu. Ks. Franciszek Blachnicki po\u015bwi\u0119ci\u0142 ca\u0142e swoje \u017cycie dobru ojczyzny. Walczy\u0142 jako \u017co\u0142nierz w kampanii wrze\u015bniowej, dzia\u0142a\u0142 w konspiracji, by\u0142 osadzony w obozie koncentracyjnym,\u00a0 prze\u015bladowany przez komunistyczne s\u0142u\u017cby bezpiecze\u0144stwa. Jego dzia\u0142alno\u015b\u0107 [&hellip;]<\/p>\n","protected":false},"author":6,"featured_media":5422,"comment_status":"open","ping_status":"open","sticky":false,"template":"","format":"standard","meta":{"ngg_post_thumbnail":0,"footnotes":""},"categories":[77,81],"tags":[],"class_list":["post-5421","post","type-post","status-publish","format-standard","has-post-thumbnail","hentry","category-wazne-daty","category-wiesci-z-sejmu"],"_links":{"self":[{"href":"https:\/\/marekkuchcinski.pl\/cs\/wp-json\/wp\/v2\/posts\/5421","targetHints":{"allow":["GET"]}}],"collection":[{"href":"https:\/\/marekkuchcinski.pl\/cs\/wp-json\/wp\/v2\/posts"}],"about":[{"href":"https:\/\/marekkuchcinski.pl\/cs\/wp-json\/wp\/v2\/types\/post"}],"author":[{"embeddable":true,"href":"https:\/\/marekkuchcinski.pl\/cs\/wp-json\/wp\/v2\/users\/6"}],"replies":[{"embeddable":true,"href":"https:\/\/marekkuchcinski.pl\/cs\/wp-json\/wp\/v2\/comments?post=5421"}],"version-history":[{"count":2,"href":"https:\/\/marekkuchcinski.pl\/cs\/wp-json\/wp\/v2\/posts\/5421\/revisions"}],"predecessor-version":[{"id":5465,"href":"https:\/\/marekkuchcinski.pl\/cs\/wp-json\/wp\/v2\/posts\/5421\/revisions\/5465"}],"wp:featuredmedia":[{"embeddable":true,"href":"https:\/\/marekkuchcinski.pl\/cs\/wp-json\/wp\/v2\/media\/5422"}],"wp:attachment":[{"href":"https:\/\/marekkuchcinski.pl\/cs\/wp-json\/wp\/v2\/media?parent=5421"}],"wp:term":[{"taxonomy":"category","embeddable":true,"href":"https:\/\/marekkuchcinski.pl\/cs\/wp-json\/wp\/v2\/categories?post=5421"},{"taxonomy":"post_tag","embeddable":true,"href":"https:\/\/marekkuchcinski.pl\/cs\/wp-json\/wp\/v2\/tags?post=5421"}],"curies":[{"name":"wp","href":"https:\/\/api.w.org\/{rel}","templated":true}]}}