{"id":542,"date":"2015-09-15T19:22:54","date_gmt":"2015-09-15T17:22:54","guid":{"rendered":"https:\/\/marekkuchcinski.pl\/?p=542"},"modified":"2016-08-25T16:58:23","modified_gmt":"2016-08-25T14:58:23","slug":"konwencja-wyborcza-prawa-i-sprawiedliwosci","status":"publish","type":"post","link":"https:\/\/marekkuchcinski.pl\/cs\/wydarzenia\/konwencja-wyborcza-prawa-i-sprawiedliwosci\/","title":{"rendered":"Volebn\u00ed sjezd strany Pr\u00e1vo a spravedlnost"},"content":{"rendered":"<p> \t<img decoding=\"async\" class=\"alignleft size-full wp-image-541\" height=\"107\" src=\"https:\/\/marekkuchcinski.pl\/wp-content\/uploads\/2015\/09\/06.png\" style=\"float: left;\" width=\"160\" srcset=\"https:\/\/marekkuchcinski.pl\/wp-content\/uploads\/2015\/09\/06.png 863w, https:\/\/marekkuchcinski.pl\/wp-content\/uploads\/2015\/09\/06-300x200.png 300w, https:\/\/marekkuchcinski.pl\/wp-content\/uploads\/2015\/09\/06-768x512.png 768w\" sizes=\"(max-width: 160px) 100vw, 160px\" \/>- Chceme zm\u011bnit Polsko k lep\u0161\u00edmu. M\u00e1me program, pro kter\u00fd stoj\u00ed za to vynalo\u017eit maxim\u00e1ln\u00ed \u00fasil\u00ed. Jsme p\u0159ipraveni, zvl\u00e1dneme to! - \u0159ekl p\u0159edseda PiS Jaros\u0142aw Kaczy\u0144ski na sjezdu ve Var\u0161av\u011b. <\/p>\n<p> \t- \u010cas na ovace nastane po 25. \u0159\u00edjnu! Je zde p\u0159\u00edtomna pouze \u010d\u00e1st na\u0161eho t\u00fdmu. Do t\u00e9to kampan\u011b se zapoj\u00ed stovky dal\u0161\u00edch lid\u00ed, aktivist\u016f, dam a p\u00e1n\u016f. Kdo se ujme obrovsk\u00e9 pr\u00e1ce, kter\u00e1 n\u00e1s \u010dek\u00e1. Proto\u017ee pr\u016fzkumy nejsou to, co vyhr\u00e1v\u00e1. Vyhr\u00e1vaj\u00ed volby - dodal. <\/p>\n<p>  <!--more-->  <\/p>\n<p style=\"text-align: center;\"> \t<iframe allowfullscreen=\"\" frameborder=\"0\" height=\"260\" src=\"https:\/\/www.youtube.com\/embed\/IonLYbyg0Qg\" width=\"490\"><\/iframe> <\/p>\n<p> \t<span style=\"font-size: 1em;\">B\u011bhem sjezdu byli p\u0159edstaveni kandid\u00e1ti PiS na prvn\u00edm a druh\u00e9m m\u00edst\u011b volebn\u00edch listin.<\/span> <\/p>\n<p> \tPot\u00e9 vystoupili z\u00e1stupci zem\u011bd\u011blc\u016f, podnikatel\u016f, d\u016fchodc\u016f, mlad\u00fdch lid\u00ed a rodin s mnoha d\u011btmi. Pr\u00e1v\u011b t\u011bmto soci\u00e1ln\u00edm skupin\u00e1m v\u011bnuje Pr\u00e1vo a spravedlnost ve sv\u00e9m programu nejv\u00edce prostoru. <\/p>\n<p> \tVe fin\u00e1le sjezdu vystoupila kandid\u00e1tka PiS na premi\u00e9rku Beata Szyd\u0142o. <\/p>\n<p> \t- Dnes mus\u00edme Pol\u00e1ky po\u017e\u00e1dat o d\u016fv\u011bru, proto\u017ee bez n\u00ed nelze nic vybudovat. (...) Je tak\u00e9 \u010das mluvit o konkr\u00e9tn\u00edch v\u011bcech. (...) Vypracovali jsme bal\u00ed\u010dek z\u00e1kon\u016f. Pokud vyhrajeme, bude schv\u00e1len. Projekt\u016f je samoz\u0159ejm\u011b mnohem v\u00edce, ale v tuto chv\u00edli p\u0159edstav\u00edm priority - \u0159ekla. <\/p>\n<p> \tM\u00edstop\u0159edseda strany Pr\u00e1vo a spravedlnost pouk\u00e1zal na nutnost zm\u011bnit pr\u00e1vn\u00ed syst\u00e9m, kter\u00fd je pro zem\u011bd\u011blce nep\u0159\u00edzniv\u00fd. <\/p>\n<p> \t- P\u0159ipravili jsme z\u00e1kon o poji\u0161t\u011bn\u00ed zem\u011bd\u011blc\u016f, kter\u00fd poskytne zem\u011bd\u011blc\u016fm provozuj\u00edc\u00edm rodinn\u00e9 farmy pocit jistoty, informovala. <\/p>\n<p> \t- Nejv\u011bt\u0161\u00ed \u0161kodou pro polsk\u00e9 zem\u011bd\u011blce, kter\u00e9 si sou\u010dasn\u00e1 vl\u00e1da nev\u0161\u00edm\u00e1, jsou dotace. Je na\u010dase zah\u00e1jit proces odvol\u00e1n\u00ed v Bruselu, aby se tento nespravedliv\u00fd syst\u00e9m zm\u011bnil. To je dlouhodob\u00fd \u00fakol, kter\u00fd stoj\u00ed p\u0159ed vl\u00e1dou,\" \u0159ekla. <\/p>\n<p> \tM\u00edstop\u0159edseda PiS se rovn\u011b\u017e obr\u00e1til na podnikatelskou obec. <\/p>\n<p> \t- St\u00e1t by m\u011bl podnikatel\u016fm usnadnit \u017eivot. V\u0161ichni o tom mluv\u00ed, ale ud\u011blalo se jen m\u00e1lo. (...) M\u00e1me program pro podnikatele. Prvn\u00ed ot\u00e1zkou je zaveden\u00ed dan\u011b 15% CIT pro mal\u00e9 podniky - ozn\u00e1mila. <\/p>\n<p> \tBeata Szyd\u0142o hovo\u0159ila o programov\u00fdch \u0159e\u0161en\u00edch nezam\u011bstnanosti a n\u00edzk\u00fdch mezd. <\/p>\n<p> \t- Pokud PiS vyhraje volby, navrhneme z\u00e1kon o minim\u00e1ln\u00ed hodinov\u00e9 mzd\u011b - 12 PLN. PO nyn\u00ed zav\u00e1d\u00ed n\u011bkter\u00e1 na\u0161e \u0159e\u0161en\u00ed z doby p\u0159ed lety, ale ned\u011bl\u00e1 to systematicky, pouze nahodile - \u0159ekla. <\/p>\n<p> \tKandid\u00e1t PiS na premi\u00e9ra se tak\u00e9 zm\u00ednil o programu, kter\u00fd bude v p\u0159\u00edpad\u011b v\u00edt\u011bzstv\u00ed PiS nejv\u011bt\u0161\u00edm vl\u00e1dn\u00edm po\u010dinem, a sice \"Rodina 500+\". <\/p>\n<p> \t- Chceme, aby to byla na jedn\u00e9 stran\u011b pomoc rodin\u00e1m s finan\u010dn\u00edmi probl\u00e9my a na druh\u00e9 stran\u011b demografick\u00e1 podpora,\" \u0159ekla.<br \/> \t- Kl\u00ed\u010dem k \u00fasp\u011bchu je tvrd\u00e1 pr\u00e1ce. Pokud budeme pracovat poctiv\u011b a naslouchat Pol\u00e1k\u016fm, zv\u00edt\u011bz\u00edme. Pr\u00e1ce, ne sliby! - uzav\u0159ela Beata Szyd\u0142o. <\/p>\n<div>\n<div style=\"text-align: center;\"> \t\t<iframe allowfullscreen=\"\" frameborder=\"0\" height=\"260\" src=\"https:\/\/www.youtube.com\/embed\/vWeBWTIcnfc\" width=\"490\"><\/iframe> \t<\/div>\n<p> \t\tzdroj:&nbsp;<a href=\"http:\/\/wybierzpis.org.pl\/\">http:\/\/wybierzpis.org.pl\/<\/a><br \/> \t\t{allery}focagallery\/convention15wrz15{\/gallery} \t<\/p>\n<\/p><\/div>","protected":false},"excerpt":{"rendered":"<p>&#8211; Chcemy zmieni\u0107 Polsk\u0119 na lepsze. Mamy program, dla kt&oacute;rego warto podj\u0105\u0107 najwi\u0119kszy wysi\u0142ek. Jeste\u015bmy gotowi, damy rad\u0119! &#8211; powiedzia\u0142 Prezes PiS Jaros\u0142aw Kaczy\u0144ski podczas konwencji w Warszawie. &#8211; Czas&nbsp;na owacje b\u0119dzie&nbsp;po 25 pa\u017adziernika! Obecna tutaj jest tylko cz\u0119\u015b\u0107 naszej dru\u017cyny. S\u0105 jeszcze setki os&oacute;b, dzia\u0142aczy, pa\u0144&nbsp;i pan&oacute;w, kt&oacute;rzy b\u0119d\u0105&nbsp;w&nbsp;tej&nbsp;kampanii&nbsp;uczestniczyli. Kt&oacute;rzy podejm\u0105 t\u0119 ogromn\u0105 prac\u0119, [&hellip;]<\/p>","protected":false},"author":6,"featured_media":541,"comment_status":"open","ping_status":"open","sticky":false,"template":"","format":"standard","meta":{"ngg_post_thumbnail":0,"footnotes":""},"categories":[3],"tags":[],"class_list":["post-542","post","type-post","status-publish","format-standard","has-post-thumbnail","hentry","category-wydarzenia"],"yoast_head":"<!-- This site is optimized with the Yoast SEO plugin v24.7 - https:\/\/yoast.com\/wordpress\/plugins\/seo\/ -->\n<title>Konwencja wyborcza Prawa i Sprawiedliwo\u015bci &#8211; Marek Kuchci\u0144ski<\/title>\n<meta name=\"robots\" content=\"index, follow, max-snippet:-1, max-image-preview:large, max-video-preview:-1\" \/>\n<link rel=\"canonical\" href=\"https:\/\/marekkuchcinski.pl\/cs\/wydarzenia\/konwencja-wyborcza-prawa-i-sprawiedliwosci\/\" \/>\n<meta property=\"og:locale\" content=\"cs_CZ\" \/>\n<meta property=\"og:type\" content=\"article\" \/>\n<meta property=\"og:title\" content=\"Konwencja wyborcza Prawa i Sprawiedliwo\u015bci &#8211; Marek Kuchci\u0144ski\" \/>\n<meta property=\"og:description\" content=\"&#8211; Chcemy zmieni\u0107 Polsk\u0119 na lepsze. Mamy program, dla kt&oacute;rego warto podj\u0105\u0107 najwi\u0119kszy wysi\u0142ek. Jeste\u015bmy gotowi, damy rad\u0119! &#8211; powiedzia\u0142 Prezes PiS Jaros\u0142aw Kaczy\u0144ski podczas konwencji w Warszawie. &#8211; Czas&nbsp;na owacje b\u0119dzie&nbsp;po 25 pa\u017adziernika! Obecna tutaj jest tylko cz\u0119\u015b\u0107 naszej dru\u017cyny. S\u0105 jeszcze setki os&oacute;b, dzia\u0142aczy, pa\u0144&nbsp;i pan&oacute;w, kt&oacute;rzy b\u0119d\u0105&nbsp;w&nbsp;tej&nbsp;kampanii&nbsp;uczestniczyli. Kt&oacute;rzy podejm\u0105 t\u0119 ogromn\u0105 prac\u0119, [&hellip;]\" \/>\n<meta property=\"og:url\" content=\"https:\/\/marekkuchcinski.pl\/cs\/wydarzenia\/konwencja-wyborcza-prawa-i-sprawiedliwosci\/\" \/>\n<meta property=\"og:site_name\" content=\"Marek Kuchci\u0144ski\" \/>\n<meta property=\"article:published_time\" content=\"2015-09-15T17:22:54+00:00\" \/>\n<meta property=\"article:modified_time\" content=\"2016-08-25T14:58:23+00:00\" \/>\n<meta property=\"og:image\" content=\"https:\/\/marekkuchcinski.pl\/wp-content\/uploads\/2015\/09\/06.png\" \/>\n\t<meta property=\"og:image:width\" content=\"863\" \/>\n\t<meta property=\"og:image:height\" content=\"575\" \/>\n\t<meta property=\"og:image:type\" content=\"image\/png\" \/>\n<meta name=\"author\" content=\"admin\" \/>\n<meta name=\"twitter:card\" content=\"summary_large_image\" \/>\n<meta name=\"twitter:label1\" content=\"Napsal(a)\" \/>\n\t<meta name=\"twitter:data1\" content=\"admin\" \/>\n\t<meta name=\"twitter:label2\" content=\"Odhadovan\u00e1 doba \u010dten\u00ed\" \/>\n\t<meta name=\"twitter:data2\" content=\"3 minuty\" \/>\n<script type=\"application\/ld+json\" class=\"yoast-schema-graph\">{\"@context\":\"https:\/\/schema.org\",\"@graph\":[{\"@type\":\"Article\",\"@id\":\"https:\/\/marekkuchcinski.pl\/cs\/wydarzenia\/konwencja-wyborcza-prawa-i-sprawiedliwosci\/#article\",\"isPartOf\":{\"@id\":\"https:\/\/marekkuchcinski.pl\/cs\/wydarzenia\/konwencja-wyborcza-prawa-i-sprawiedliwosci\/\"},\"author\":{\"name\":\"admin\",\"@id\":\"https:\/\/marekkuchcinski.pl\/#\/schema\/person\/6f62700996b4d950b6ea2d1183b6c6be\"},\"headline\":\"Konwencja wyborcza Prawa i Sprawiedliwo\u015bci\",\"datePublished\":\"2015-09-15T17:22:54+00:00\",\"dateModified\":\"2016-08-25T14:58:23+00:00\",\"mainEntityOfPage\":{\"@id\":\"https:\/\/marekkuchcinski.pl\/cs\/wydarzenia\/konwencja-wyborcza-prawa-i-sprawiedliwosci\/\"},\"wordCount\":581,\"commentCount\":0,\"publisher\":{\"@id\":\"https:\/\/marekkuchcinski.pl\/#organization\"},\"image\":{\"@id\":\"https:\/\/marekkuchcinski.pl\/cs\/wydarzenia\/konwencja-wyborcza-prawa-i-sprawiedliwosci\/#primaryimage\"},\"thumbnailUrl\":\"https:\/\/marekkuchcinski.pl\/wp-content\/uploads\/2015\/09\/06.png\",\"articleSection\":[\"Wydarzenia\"],\"inLanguage\":\"cs\",\"potentialAction\":[{\"@type\":\"CommentAction\",\"name\":\"Comment\",\"target\":[\"https:\/\/marekkuchcinski.pl\/cs\/wydarzenia\/konwencja-wyborcza-prawa-i-sprawiedliwosci\/#respond\"]}]},{\"@type\":\"WebPage\",\"@id\":\"https:\/\/marekkuchcinski.pl\/cs\/wydarzenia\/konwencja-wyborcza-prawa-i-sprawiedliwosci\/\",\"url\":\"https:\/\/marekkuchcinski.pl\/cs\/wydarzenia\/konwencja-wyborcza-prawa-i-sprawiedliwosci\/\",\"name\":\"Konwencja wyborcza Prawa i Sprawiedliwo\u015bci &#8211; Marek Kuchci\u0144ski\",\"isPartOf\":{\"@id\":\"https:\/\/marekkuchcinski.pl\/#website\"},\"primaryImageOfPage\":{\"@id\":\"https:\/\/marekkuchcinski.pl\/cs\/wydarzenia\/konwencja-wyborcza-prawa-i-sprawiedliwosci\/#primaryimage\"},\"image\":{\"@id\":\"https:\/\/marekkuchcinski.pl\/cs\/wydarzenia\/konwencja-wyborcza-prawa-i-sprawiedliwosci\/#primaryimage\"},\"thumbnailUrl\":\"https:\/\/marekkuchcinski.pl\/wp-content\/uploads\/2015\/09\/06.png\",\"datePublished\":\"2015-09-15T17:22:54+00:00\",\"dateModified\":\"2016-08-25T14:58:23+00:00\",\"breadcrumb\":{\"@id\":\"https:\/\/marekkuchcinski.pl\/cs\/wydarzenia\/konwencja-wyborcza-prawa-i-sprawiedliwosci\/#breadcrumb\"},\"inLanguage\":\"cs\",\"potentialAction\":[{\"@type\":\"ReadAction\",\"target\":[\"https:\/\/marekkuchcinski.pl\/cs\/wydarzenia\/konwencja-wyborcza-prawa-i-sprawiedliwosci\/\"]}]},{\"@type\":\"ImageObject\",\"inLanguage\":\"cs\",\"@id\":\"https:\/\/marekkuchcinski.pl\/cs\/wydarzenia\/konwencja-wyborcza-prawa-i-sprawiedliwosci\/#primaryimage\",\"url\":\"https:\/\/marekkuchcinski.pl\/wp-content\/uploads\/2015\/09\/06.png\",\"contentUrl\":\"https:\/\/marekkuchcinski.pl\/wp-content\/uploads\/2015\/09\/06.png\",\"width\":863,\"height\":575},{\"@type\":\"BreadcrumbList\",\"@id\":\"https:\/\/marekkuchcinski.pl\/cs\/wydarzenia\/konwencja-wyborcza-prawa-i-sprawiedliwosci\/#breadcrumb\",\"itemListElement\":[{\"@type\":\"ListItem\",\"position\":1,\"name\":\"Strona g\u0142\u00f3wna\",\"item\":\"https:\/\/marekkuchcinski.pl\/\"},{\"@type\":\"ListItem\",\"position\":2,\"name\":\"Konwencja wyborcza Prawa i Sprawiedliwo\u015bci\"}]},{\"@type\":\"WebSite\",\"@id\":\"https:\/\/marekkuchcinski.pl\/#website\",\"url\":\"https:\/\/marekkuchcinski.pl\/\",\"name\":\"Marek Kuchci\u0144ski\",\"description\":\"Pose\u0142 na sejm RP &ndash; okr\u0119g nr 22\",\"publisher\":{\"@id\":\"https:\/\/marekkuchcinski.pl\/#organization\"},\"potentialAction\":[{\"@type\":\"SearchAction\",\"target\":{\"@type\":\"EntryPoint\",\"urlTemplate\":\"https:\/\/marekkuchcinski.pl\/?s={search_term_string}\"},\"query-input\":{\"@type\":\"PropertyValueSpecification\",\"valueRequired\":true,\"valueName\":\"search_term_string\"}}],\"inLanguage\":\"cs\"},{\"@type\":\"Organization\",\"@id\":\"https:\/\/marekkuchcinski.pl\/#organization\",\"name\":\"Marek Kuchci\u0144ski\",\"url\":\"https:\/\/marekkuchcinski.pl\/\",\"logo\":{\"@type\":\"ImageObject\",\"inLanguage\":\"cs\",\"@id\":\"https:\/\/marekkuchcinski.pl\/#\/schema\/logo\/image\/\",\"url\":\"https:\/\/marekkuchcinski.pl\/wp-content\/uploads\/2022\/09\/Marek.jpg\",\"contentUrl\":\"https:\/\/marekkuchcinski.pl\/wp-content\/uploads\/2022\/09\/Marek.jpg\",\"width\":1600,\"height\":971,\"caption\":\"Marek Kuchci\u0144ski\"},\"image\":{\"@id\":\"https:\/\/marekkuchcinski.pl\/#\/schema\/logo\/image\/\"}},{\"@type\":\"Person\",\"@id\":\"https:\/\/marekkuchcinski.pl\/#\/schema\/person\/6f62700996b4d950b6ea2d1183b6c6be\",\"name\":\"admin\",\"image\":{\"@type\":\"ImageObject\",\"inLanguage\":\"cs\",\"@id\":\"https:\/\/marekkuchcinski.pl\/#\/schema\/person\/image\/\",\"url\":\"https:\/\/secure.gravatar.com\/avatar\/4bab693b9d55c3d6b52c0296a8765085?s=96&d=mm&r=g\",\"contentUrl\":\"https:\/\/secure.gravatar.com\/avatar\/4bab693b9d55c3d6b52c0296a8765085?s=96&d=mm&r=g\",\"caption\":\"admin\"},\"url\":\"https:\/\/marekkuchcinski.pl\/cs\/author\/marta-olejnik\/\"}]}<\/script>\n<!-- \/ Yoast SEO plugin. -->","yoast_head_json":{"title":"Konwencja wyborcza Prawa i Sprawiedliwo\u015bci &#8211; Marek Kuchci\u0144ski","robots":{"index":"index","follow":"follow","max-snippet":"max-snippet:-1","max-image-preview":"max-image-preview:large","max-video-preview":"max-video-preview:-1"},"canonical":"https:\/\/marekkuchcinski.pl\/cs\/wydarzenia\/konwencja-wyborcza-prawa-i-sprawiedliwosci\/","og_locale":"cs_CZ","og_type":"article","og_title":"Konwencja wyborcza Prawa i Sprawiedliwo\u015bci &#8211; Marek Kuchci\u0144ski","og_description":"&#8211; Chcemy zmieni\u0107 Polsk\u0119 na lepsze. Mamy program, dla kt&oacute;rego warto podj\u0105\u0107 najwi\u0119kszy wysi\u0142ek. Jeste\u015bmy gotowi, damy rad\u0119! &#8211; powiedzia\u0142 Prezes PiS Jaros\u0142aw Kaczy\u0144ski podczas konwencji w Warszawie. &#8211; Czas&nbsp;na owacje b\u0119dzie&nbsp;po 25 pa\u017adziernika! Obecna tutaj jest tylko cz\u0119\u015b\u0107 naszej dru\u017cyny. S\u0105 jeszcze setki os&oacute;b, dzia\u0142aczy, pa\u0144&nbsp;i pan&oacute;w, kt&oacute;rzy b\u0119d\u0105&nbsp;w&nbsp;tej&nbsp;kampanii&nbsp;uczestniczyli. Kt&oacute;rzy podejm\u0105 t\u0119 ogromn\u0105 prac\u0119, [&hellip;]","og_url":"https:\/\/marekkuchcinski.pl\/cs\/wydarzenia\/konwencja-wyborcza-prawa-i-sprawiedliwosci\/","og_site_name":"Marek Kuchci\u0144ski","article_published_time":"2015-09-15T17:22:54+00:00","article_modified_time":"2016-08-25T14:58:23+00:00","og_image":[{"width":863,"height":575,"url":"https:\/\/marekkuchcinski.pl\/wp-content\/uploads\/2015\/09\/06.png","type":"image\/png"}],"author":"admin","twitter_card":"summary_large_image","twitter_misc":{"Napsal(a)":"admin","Odhadovan\u00e1 doba \u010dten\u00ed":"3 minuty"},"schema":{"@context":"https:\/\/schema.org","@graph":[{"@type":"Article","@id":"https:\/\/marekkuchcinski.pl\/cs\/wydarzenia\/konwencja-wyborcza-prawa-i-sprawiedliwosci\/#article","isPartOf":{"@id":"https:\/\/marekkuchcinski.pl\/cs\/wydarzenia\/konwencja-wyborcza-prawa-i-sprawiedliwosci\/"},"author":{"name":"admin","@id":"https:\/\/marekkuchcinski.pl\/#\/schema\/person\/6f62700996b4d950b6ea2d1183b6c6be"},"headline":"Konwencja wyborcza Prawa i Sprawiedliwo\u015bci","datePublished":"2015-09-15T17:22:54+00:00","dateModified":"2016-08-25T14:58:23+00:00","mainEntityOfPage":{"@id":"https:\/\/marekkuchcinski.pl\/cs\/wydarzenia\/konwencja-wyborcza-prawa-i-sprawiedliwosci\/"},"wordCount":581,"commentCount":0,"publisher":{"@id":"https:\/\/marekkuchcinski.pl\/#organization"},"image":{"@id":"https:\/\/marekkuchcinski.pl\/cs\/wydarzenia\/konwencja-wyborcza-prawa-i-sprawiedliwosci\/#primaryimage"},"thumbnailUrl":"https:\/\/marekkuchcinski.pl\/wp-content\/uploads\/2015\/09\/06.png","articleSection":["Wydarzenia"],"inLanguage":"cs","potentialAction":[{"@type":"CommentAction","name":"Comment","target":["https:\/\/marekkuchcinski.pl\/cs\/wydarzenia\/konwencja-wyborcza-prawa-i-sprawiedliwosci\/#respond"]}]},{"@type":"WebPage","@id":"https:\/\/marekkuchcinski.pl\/cs\/wydarzenia\/konwencja-wyborcza-prawa-i-sprawiedliwosci\/","url":"https:\/\/marekkuchcinski.pl\/cs\/wydarzenia\/konwencja-wyborcza-prawa-i-sprawiedliwosci\/","name":"Konwencja wyborcza Prawa i Sprawiedliwo\u015bci &#8211; Marek Kuchci\u0144ski","isPartOf":{"@id":"https:\/\/marekkuchcinski.pl\/#website"},"primaryImageOfPage":{"@id":"https:\/\/marekkuchcinski.pl\/cs\/wydarzenia\/konwencja-wyborcza-prawa-i-sprawiedliwosci\/#primaryimage"},"image":{"@id":"https:\/\/marekkuchcinski.pl\/cs\/wydarzenia\/konwencja-wyborcza-prawa-i-sprawiedliwosci\/#primaryimage"},"thumbnailUrl":"https:\/\/marekkuchcinski.pl\/wp-content\/uploads\/2015\/09\/06.png","datePublished":"2015-09-15T17:22:54+00:00","dateModified":"2016-08-25T14:58:23+00:00","breadcrumb":{"@id":"https:\/\/marekkuchcinski.pl\/cs\/wydarzenia\/konwencja-wyborcza-prawa-i-sprawiedliwosci\/#breadcrumb"},"inLanguage":"cs","potentialAction":[{"@type":"ReadAction","target":["https:\/\/marekkuchcinski.pl\/cs\/wydarzenia\/konwencja-wyborcza-prawa-i-sprawiedliwosci\/"]}]},{"@type":"ImageObject","inLanguage":"cs","@id":"https:\/\/marekkuchcinski.pl\/cs\/wydarzenia\/konwencja-wyborcza-prawa-i-sprawiedliwosci\/#primaryimage","url":"https:\/\/marekkuchcinski.pl\/wp-content\/uploads\/2015\/09\/06.png","contentUrl":"https:\/\/marekkuchcinski.pl\/wp-content\/uploads\/2015\/09\/06.png","width":863,"height":575},{"@type":"BreadcrumbList","@id":"https:\/\/marekkuchcinski.pl\/cs\/wydarzenia\/konwencja-wyborcza-prawa-i-sprawiedliwosci\/#breadcrumb","itemListElement":[{"@type":"ListItem","position":1,"name":"Strona g\u0142\u00f3wna","item":"https:\/\/marekkuchcinski.pl\/"},{"@type":"ListItem","position":2,"name":"Konwencja wyborcza Prawa i Sprawiedliwo\u015bci"}]},{"@type":"WebSite","@id":"https:\/\/marekkuchcinski.pl\/#website","url":"https:\/\/marekkuchcinski.pl\/","name":"Marek Kuchci\u0144ski","description":"Pose\u0142 na sejm RP &ndash; okr\u0119g nr 22","publisher":{"@id":"https:\/\/marekkuchcinski.pl\/#organization"},"potentialAction":[{"@type":"SearchAction","target":{"@type":"EntryPoint","urlTemplate":"https:\/\/marekkuchcinski.pl\/?s={search_term_string}"},"query-input":{"@type":"PropertyValueSpecification","valueRequired":true,"valueName":"search_term_string"}}],"inLanguage":"cs"},{"@type":"Organization","@id":"https:\/\/marekkuchcinski.pl\/#organization","name":"Marek Kuchci\u0144ski","url":"https:\/\/marekkuchcinski.pl\/","logo":{"@type":"ImageObject","inLanguage":"cs","@id":"https:\/\/marekkuchcinski.pl\/#\/schema\/logo\/image\/","url":"https:\/\/marekkuchcinski.pl\/wp-content\/uploads\/2022\/09\/Marek.jpg","contentUrl":"https:\/\/marekkuchcinski.pl\/wp-content\/uploads\/2022\/09\/Marek.jpg","width":1600,"height":971,"caption":"Marek Kuchci\u0144ski"},"image":{"@id":"https:\/\/marekkuchcinski.pl\/#\/schema\/logo\/image\/"}},{"@type":"Person","@id":"https:\/\/marekkuchcinski.pl\/#\/schema\/person\/6f62700996b4d950b6ea2d1183b6c6be","name":"admin","image":{"@type":"ImageObject","inLanguage":"cs","@id":"https:\/\/marekkuchcinski.pl\/#\/schema\/person\/image\/","url":"https:\/\/secure.gravatar.com\/avatar\/4bab693b9d55c3d6b52c0296a8765085?s=96&d=mm&r=g","contentUrl":"https:\/\/secure.gravatar.com\/avatar\/4bab693b9d55c3d6b52c0296a8765085?s=96&d=mm&r=g","caption":"admin"},"url":"https:\/\/marekkuchcinski.pl\/cs\/author\/marta-olejnik\/"}]}},"_links":{"self":[{"href":"https:\/\/marekkuchcinski.pl\/cs\/wp-json\/wp\/v2\/posts\/542","targetHints":{"allow":["GET"]}}],"collection":[{"href":"https:\/\/marekkuchcinski.pl\/cs\/wp-json\/wp\/v2\/posts"}],"about":[{"href":"https:\/\/marekkuchcinski.pl\/cs\/wp-json\/wp\/v2\/types\/post"}],"author":[{"embeddable":true,"href":"https:\/\/marekkuchcinski.pl\/cs\/wp-json\/wp\/v2\/users\/6"}],"replies":[{"embeddable":true,"href":"https:\/\/marekkuchcinski.pl\/cs\/wp-json\/wp\/v2\/comments?post=542"}],"version-history":[{"count":1,"href":"https:\/\/marekkuchcinski.pl\/cs\/wp-json\/wp\/v2\/posts\/542\/revisions"}],"predecessor-version":[{"id":1177,"href":"https:\/\/marekkuchcinski.pl\/cs\/wp-json\/wp\/v2\/posts\/542\/revisions\/1177"}],"wp:featuredmedia":[{"embeddable":true,"href":"https:\/\/marekkuchcinski.pl\/cs\/wp-json\/wp\/v2\/media\/541"}],"wp:attachment":[{"href":"https:\/\/marekkuchcinski.pl\/cs\/wp-json\/wp\/v2\/media?parent=542"}],"wp:term":[{"taxonomy":"category","embeddable":true,"href":"https:\/\/marekkuchcinski.pl\/cs\/wp-json\/wp\/v2\/categories?post=542"},{"taxonomy":"post_tag","embeddable":true,"href":"https:\/\/marekkuchcinski.pl\/cs\/wp-json\/wp\/v2\/tags?post=542"}],"curies":[{"name":"wp","href":"https:\/\/api.w.org\/{rel}","templated":true}]}}