{"id":5376,"date":"2017-02-14T12:15:35","date_gmt":"2017-02-14T11:15:35","guid":{"rendered":"https:\/\/marekkuchcinski.pl\/?p=5376"},"modified":"2017-02-27T14:09:36","modified_gmt":"2017-02-27T13:09:36","slug":"14-lutego-1942-roku-zwiazek-walki-zbrojnej-zostal-przemianowany-armie-krajowa","status":"publish","type":"post","link":"https:\/\/marekkuchcinski.pl\/cs\/wazne-daty\/14-lutego-1942-roku-zwiazek-walki-zbrojnej-zostal-przemianowany-armie-krajowa\/","title":{"rendered":"14. \u00fanora 1942 byl Svaz ozbrojen\u00e9ho boje p\u0159ejmenov\u00e1n na Dom\u00e1c\u00ed arm\u00e1du."},"content":{"rendered":"<p>P\u0159ed sedmdes\u00e1ti p\u011bti lety, 14. \u00fanora 1942, byl na rozkaz vrchn\u00edho velitele polsk\u00fdch ozbrojen\u00fdch sil gener\u00e1la W\u0142adys\u0142awa Sikorsk\u00e9ho podzemn\u00ed Svaz ozbrojen\u00e9ho boje p\u016fsob\u00edc\u00ed v okupovan\u00e9m Polsku p\u0159etvo\u0159en v Arm\u00e1du Krajowou (AK), jej\u00ed\u017e \u010dinnost je jednou z nejslavn\u011bj\u0161\u00edch str\u00e1nek polsk\u00fdch d\u011bjin a kter\u00e1 nesm\u00edrn\u011b p\u0159isp\u011bla k boji za svobodu Evropy.<\/p>\n<p>Domobrana byla nejl\u00e9pe organizovanou a nejv\u011bt\u0161\u00ed podzemn\u00ed arm\u00e1dou v okupovan\u00e9 Evrop\u011b. Tvo\u0159ilo ji v\u00edce ne\u017e dv\u011b st\u011b organizac\u00ed. Statis\u00edce voj\u00e1k\u016f, kte\u0159\u00ed z\u00edskali bojov\u00e9 zku\u0161enosti v podm\u00ednk\u00e1ch m\u011bstsk\u00e9 konspirace a partyz\u00e1nsk\u00e9 v\u00e1lky, se dok\u00e1zaly postavit pravideln\u00e9 arm\u00e1d\u011b v otev\u0159en\u00e9m boji: nejprve b\u011bhem operace Bou\u0159e - operace proti N\u011bmc\u016fm zah\u00e1jen\u00e9 po vstupu prvn\u00edch jednotek Rud\u00e9 arm\u00e1dy na \u00fazem\u00ed Druh\u00e9 polsk\u00e9 republiky, a pot\u00e9 ve Var\u0161avsk\u00e9m povst\u00e1n\u00ed - nejv\u011bt\u0161\u00ed a nejdel\u0161\u00ed povstaleck\u00e9 bitv\u011b okupovan\u00e9 Evropy, kter\u00e1 inspirovala my\u0161lenky a sny svobodn\u00fdch Pol\u00e1k\u016f na dal\u0161\u00ed p\u016flstolet\u00ed.<\/p>\n<p>Po skon\u010den\u00ed druh\u00e9 sv\u011btov\u00e9 v\u00e1lky byli voj\u00e1ci AK pron\u00e1sledov\u00e1ni a \u0161ikanov\u00e1ni \u00fa\u0159ady Polsk\u00e9 lidov\u00e9 republiky, odsouzeni k mnohalet\u00fdm trest\u016fm v\u011bzen\u00ed a dokonce i k smrti.<br \/>\nPo letech ozbrojen\u00e9ho boje proti okupant\u016fm p\u0159i\u0161el tak\u00e9 \u010das boje za pravdu a pam\u011b\u0165. Velk\u00e9 odhodl\u00e1n\u00ed a v\u00edra ve v\u00edt\u011bzstv\u00ed, kter\u00e9 je prov\u00e1zely na boji\u0161ti, umo\u017enily zachovat pravdu o Polsku za druh\u00e9 sv\u011btov\u00e9 v\u00e1lky a nedovolily zni\u010dit pam\u00e1tku jejich spolubojovn\u00edk\u016f, kte\u0159\u00ed byli zabiti, zavra\u017ed\u011bni a vyhn\u00e1ni z vlasti.<\/p>\n<p>Dnes je Arm\u00e1da Krajowa nejen symbolem boje za svobodnou a nez\u00e1vislou republiku, ale tak\u00e9 symbolem nejvy\u0161\u0161\u00edch hodnot, jako je state\u010dnost, vlastenectv\u00ed a ochota ob\u011btovat se pro dobro Polska.<\/p>\n<p>Sejm Polsk\u00e9 republiky vzd\u00e1v\u00e1 hold v\u0161em voj\u00e1k\u016fm Zemsk\u00e9 arm\u00e1dy a vyjad\u0159uje p\u0159esv\u011bd\u010den\u00ed, \u017ee jejich postoj bude mor\u00e1ln\u00edm ukazatelem pro budouc\u00ed generace Pol\u00e1k\u016f, uvoln\u00ed pocit n\u00e1rodn\u00ed hrdosti a vytvo\u0159\u00ed pouto k vlasti.<\/p>\n<div style=\"width: 640px;\" class=\"wp-video\"><!--[if lt IE 9]><script>document.createElement('video');<\/script><![endif]-->\n<video class=\"wp-video-shortcode\" id=\"video-5376-1\" width=\"640\" height=\"480\" preload=\"metadata\" controls=\"controls\"><source type=\"video\/mp4\" src=\"https:\/\/marekkuchcinski.pl\/wp-content\/uploads\/2017\/02\/Uchwa\u0142a-AK.mp4?_=1\" \/><a href=\"https:\/\/marekkuchcinski.pl\/wp-content\/uploads\/2017\/02\/Uchwa\u0142a-AK.mp4\">https:\/\/marekkuchcinski.pl\/wp-content\/uploads\/2017\/02\/Uchwa\u0142a-AK.mp4<\/a><\/video><\/div>","protected":false},"excerpt":{"rendered":"<p>Siedemdziesi\u0105t pi\u0119\u0107 lat temu, 14 lutego 1942 r., z rozkazu Naczelnego Wodza Polskich Si\u0142 Zbrojnych gen. W\u0142adys\u0142awa Sikorskiego dzia\u0142aj\u0105cy w okupowanej Polsce konspiracyjny Zwi\u0105zek Walki Zbrojnej\u00a0 zosta\u0142 przekszta\u0142cony w Armi\u0119 Krajow\u0105, kt\u00f3rej dzia\u0142alno\u015b\u0107 jest jedn\u0105 z najbardziej chlubnych kart w historii Polski i kt\u00f3ra wnios\u0142a ogromny wk\u0142ad w walk\u0119 o wolno\u015b\u0107 Europy. Armia Krajowa by\u0142a [&hellip;]<\/p>","protected":false},"author":6,"featured_media":0,"comment_status":"open","ping_status":"open","sticky":false,"template":"","format":"standard","meta":{"ngg_post_thumbnail":0,"footnotes":""},"categories":[48,77],"tags":[],"class_list":["post-5376","post","type-post","status-publish","format-standard","hentry","category-multimedia","category-wazne-daty"],"yoast_head":"<!-- This site is optimized with the Yoast SEO plugin v24.7 - https:\/\/yoast.com\/wordpress\/plugins\/seo\/ -->\n<title>14 lutego 1942 roku Zwi\u0105zek Walki Zbrojnej zosta\u0142 przemianowany w Armi\u0119 Krajow\u0105 &#8211; Marek Kuchci\u0144ski<\/title>\n<meta name=\"robots\" content=\"index, follow, max-snippet:-1, max-image-preview:large, max-video-preview:-1\" \/>\n<link rel=\"canonical\" href=\"https:\/\/marekkuchcinski.pl\/cs\/wazne-daty\/14-lutego-1942-roku-zwiazek-walki-zbrojnej-zostal-przemianowany-armie-krajowa\/\" \/>\n<meta property=\"og:locale\" content=\"cs_CZ\" \/>\n<meta property=\"og:type\" content=\"article\" \/>\n<meta property=\"og:title\" content=\"14 lutego 1942 roku Zwi\u0105zek Walki Zbrojnej zosta\u0142 przemianowany w Armi\u0119 Krajow\u0105 &#8211; Marek Kuchci\u0144ski\" \/>\n<meta property=\"og:description\" content=\"Siedemdziesi\u0105t pi\u0119\u0107 lat temu, 14 lutego 1942 r., z rozkazu Naczelnego Wodza Polskich Si\u0142 Zbrojnych gen. W\u0142adys\u0142awa Sikorskiego dzia\u0142aj\u0105cy w okupowanej Polsce konspiracyjny Zwi\u0105zek Walki Zbrojnej\u00a0 zosta\u0142 przekszta\u0142cony w Armi\u0119 Krajow\u0105, kt\u00f3rej dzia\u0142alno\u015b\u0107 jest jedn\u0105 z najbardziej chlubnych kart w historii Polski i kt\u00f3ra wnios\u0142a ogromny wk\u0142ad w walk\u0119 o wolno\u015b\u0107 Europy. Armia Krajowa by\u0142a [&hellip;]\" \/>\n<meta property=\"og:url\" content=\"https:\/\/marekkuchcinski.pl\/cs\/wazne-daty\/14-lutego-1942-roku-zwiazek-walki-zbrojnej-zostal-przemianowany-armie-krajowa\/\" \/>\n<meta property=\"og:site_name\" content=\"Marek Kuchci\u0144ski\" \/>\n<meta property=\"article:published_time\" content=\"2017-02-14T11:15:35+00:00\" \/>\n<meta property=\"article:modified_time\" content=\"2017-02-27T13:09:36+00:00\" \/>\n<meta property=\"og:image\" content=\"https:\/\/marekkuchcinski.pl\/wp-content\/uploads\/2022\/09\/Marek.jpg\" \/>\n\t<meta property=\"og:image:width\" content=\"1600\" \/>\n\t<meta property=\"og:image:height\" content=\"971\" \/>\n\t<meta property=\"og:image:type\" content=\"image\/jpeg\" \/>\n<meta name=\"author\" content=\"admin\" \/>\n<meta name=\"twitter:card\" content=\"summary_large_image\" \/>\n<meta name=\"twitter:label1\" content=\"Napsal(a)\" \/>\n\t<meta name=\"twitter:data1\" content=\"admin\" \/>\n\t<meta name=\"twitter:label2\" content=\"Odhadovan\u00e1 doba \u010dten\u00ed\" \/>\n\t<meta name=\"twitter:data2\" content=\"2 minuty\" \/>\n<script type=\"application\/ld+json\" class=\"yoast-schema-graph\">{\"@context\":\"https:\/\/schema.org\",\"@graph\":[{\"@type\":\"Article\",\"@id\":\"https:\/\/marekkuchcinski.pl\/wazne-daty\/14-lutego-1942-roku-zwiazek-walki-zbrojnej-zostal-przemianowany-armie-krajowa\/#article\",\"isPartOf\":{\"@id\":\"https:\/\/marekkuchcinski.pl\/wazne-daty\/14-lutego-1942-roku-zwiazek-walki-zbrojnej-zostal-przemianowany-armie-krajowa\/\"},\"author\":{\"name\":\"admin\",\"@id\":\"https:\/\/marekkuchcinski.pl\/#\/schema\/person\/6f62700996b4d950b6ea2d1183b6c6be\"},\"headline\":\"14 lutego 1942 roku Zwi\u0105zek Walki Zbrojnej zosta\u0142 przemianowany w Armi\u0119 Krajow\u0105\",\"datePublished\":\"2017-02-14T11:15:35+00:00\",\"dateModified\":\"2017-02-27T13:09:36+00:00\",\"mainEntityOfPage\":{\"@id\":\"https:\/\/marekkuchcinski.pl\/wazne-daty\/14-lutego-1942-roku-zwiazek-walki-zbrojnej-zostal-przemianowany-armie-krajowa\/\"},\"wordCount\":350,\"commentCount\":0,\"publisher\":{\"@id\":\"https:\/\/marekkuchcinski.pl\/#organization\"},\"articleSection\":[\"Multimedia\",\"Wa\u017cne daty\"],\"inLanguage\":\"cs\",\"potentialAction\":[{\"@type\":\"CommentAction\",\"name\":\"Comment\",\"target\":[\"https:\/\/marekkuchcinski.pl\/wazne-daty\/14-lutego-1942-roku-zwiazek-walki-zbrojnej-zostal-przemianowany-armie-krajowa\/#respond\"]}]},{\"@type\":\"WebPage\",\"@id\":\"https:\/\/marekkuchcinski.pl\/wazne-daty\/14-lutego-1942-roku-zwiazek-walki-zbrojnej-zostal-przemianowany-armie-krajowa\/\",\"url\":\"https:\/\/marekkuchcinski.pl\/wazne-daty\/14-lutego-1942-roku-zwiazek-walki-zbrojnej-zostal-przemianowany-armie-krajowa\/\",\"name\":\"14 lutego 1942 roku Zwi\u0105zek Walki Zbrojnej zosta\u0142 przemianowany w Armi\u0119 Krajow\u0105 &#8211; Marek Kuchci\u0144ski\",\"isPartOf\":{\"@id\":\"https:\/\/marekkuchcinski.pl\/#website\"},\"datePublished\":\"2017-02-14T11:15:35+00:00\",\"dateModified\":\"2017-02-27T13:09:36+00:00\",\"breadcrumb\":{\"@id\":\"https:\/\/marekkuchcinski.pl\/wazne-daty\/14-lutego-1942-roku-zwiazek-walki-zbrojnej-zostal-przemianowany-armie-krajowa\/#breadcrumb\"},\"inLanguage\":\"cs\",\"potentialAction\":[{\"@type\":\"ReadAction\",\"target\":[\"https:\/\/marekkuchcinski.pl\/wazne-daty\/14-lutego-1942-roku-zwiazek-walki-zbrojnej-zostal-przemianowany-armie-krajowa\/\"]}]},{\"@type\":\"BreadcrumbList\",\"@id\":\"https:\/\/marekkuchcinski.pl\/wazne-daty\/14-lutego-1942-roku-zwiazek-walki-zbrojnej-zostal-przemianowany-armie-krajowa\/#breadcrumb\",\"itemListElement\":[{\"@type\":\"ListItem\",\"position\":1,\"name\":\"Strona g\u0142\u00f3wna\",\"item\":\"https:\/\/marekkuchcinski.pl\/\"},{\"@type\":\"ListItem\",\"position\":2,\"name\":\"14 lutego 1942 roku Zwi\u0105zek Walki Zbrojnej zosta\u0142 przemianowany w Armi\u0119 Krajow\u0105\"}]},{\"@type\":\"WebSite\",\"@id\":\"https:\/\/marekkuchcinski.pl\/#website\",\"url\":\"https:\/\/marekkuchcinski.pl\/\",\"name\":\"Marek Kuchci\u0144ski\",\"description\":\"Pose\u0142 na sejm RP &ndash; okr\u0119g nr 22\",\"publisher\":{\"@id\":\"https:\/\/marekkuchcinski.pl\/#organization\"},\"potentialAction\":[{\"@type\":\"SearchAction\",\"target\":{\"@type\":\"EntryPoint\",\"urlTemplate\":\"https:\/\/marekkuchcinski.pl\/?s={search_term_string}\"},\"query-input\":{\"@type\":\"PropertyValueSpecification\",\"valueRequired\":true,\"valueName\":\"search_term_string\"}}],\"inLanguage\":\"cs\"},{\"@type\":\"Organization\",\"@id\":\"https:\/\/marekkuchcinski.pl\/#organization\",\"name\":\"Marek Kuchci\u0144ski\",\"url\":\"https:\/\/marekkuchcinski.pl\/\",\"logo\":{\"@type\":\"ImageObject\",\"inLanguage\":\"cs\",\"@id\":\"https:\/\/marekkuchcinski.pl\/#\/schema\/logo\/image\/\",\"url\":\"https:\/\/marekkuchcinski.pl\/wp-content\/uploads\/2022\/09\/Marek.jpg\",\"contentUrl\":\"https:\/\/marekkuchcinski.pl\/wp-content\/uploads\/2022\/09\/Marek.jpg\",\"width\":1600,\"height\":971,\"caption\":\"Marek Kuchci\u0144ski\"},\"image\":{\"@id\":\"https:\/\/marekkuchcinski.pl\/#\/schema\/logo\/image\/\"}},{\"@type\":\"Person\",\"@id\":\"https:\/\/marekkuchcinski.pl\/#\/schema\/person\/6f62700996b4d950b6ea2d1183b6c6be\",\"name\":\"admin\",\"image\":{\"@type\":\"ImageObject\",\"inLanguage\":\"cs\",\"@id\":\"https:\/\/marekkuchcinski.pl\/#\/schema\/person\/image\/\",\"url\":\"https:\/\/secure.gravatar.com\/avatar\/4bab693b9d55c3d6b52c0296a8765085?s=96&d=mm&r=g\",\"contentUrl\":\"https:\/\/secure.gravatar.com\/avatar\/4bab693b9d55c3d6b52c0296a8765085?s=96&d=mm&r=g\",\"caption\":\"admin\"},\"url\":\"https:\/\/marekkuchcinski.pl\/cs\/author\/marta-olejnik\/\"}]}<\/script>\n<!-- \/ Yoast SEO plugin. -->","yoast_head_json":{"title":"14 lutego 1942 roku Zwi\u0105zek Walki Zbrojnej zosta\u0142 przemianowany w Armi\u0119 Krajow\u0105 &#8211; Marek Kuchci\u0144ski","robots":{"index":"index","follow":"follow","max-snippet":"max-snippet:-1","max-image-preview":"max-image-preview:large","max-video-preview":"max-video-preview:-1"},"canonical":"https:\/\/marekkuchcinski.pl\/cs\/wazne-daty\/14-lutego-1942-roku-zwiazek-walki-zbrojnej-zostal-przemianowany-armie-krajowa\/","og_locale":"cs_CZ","og_type":"article","og_title":"14 lutego 1942 roku Zwi\u0105zek Walki Zbrojnej zosta\u0142 przemianowany w Armi\u0119 Krajow\u0105 &#8211; Marek Kuchci\u0144ski","og_description":"Siedemdziesi\u0105t pi\u0119\u0107 lat temu, 14 lutego 1942 r., z rozkazu Naczelnego Wodza Polskich Si\u0142 Zbrojnych gen. W\u0142adys\u0142awa Sikorskiego dzia\u0142aj\u0105cy w okupowanej Polsce konspiracyjny Zwi\u0105zek Walki Zbrojnej\u00a0 zosta\u0142 przekszta\u0142cony w Armi\u0119 Krajow\u0105, kt\u00f3rej dzia\u0142alno\u015b\u0107 jest jedn\u0105 z najbardziej chlubnych kart w historii Polski i kt\u00f3ra wnios\u0142a ogromny wk\u0142ad w walk\u0119 o wolno\u015b\u0107 Europy. Armia Krajowa by\u0142a [&hellip;]","og_url":"https:\/\/marekkuchcinski.pl\/cs\/wazne-daty\/14-lutego-1942-roku-zwiazek-walki-zbrojnej-zostal-przemianowany-armie-krajowa\/","og_site_name":"Marek Kuchci\u0144ski","article_published_time":"2017-02-14T11:15:35+00:00","article_modified_time":"2017-02-27T13:09:36+00:00","og_image":[{"width":1600,"height":971,"url":"https:\/\/marekkuchcinski.pl\/wp-content\/uploads\/2022\/09\/Marek.jpg","type":"image\/jpeg"}],"author":"admin","twitter_card":"summary_large_image","twitter_misc":{"Napsal(a)":"admin","Odhadovan\u00e1 doba \u010dten\u00ed":"2 minuty"},"schema":{"@context":"https:\/\/schema.org","@graph":[{"@type":"Article","@id":"https:\/\/marekkuchcinski.pl\/wazne-daty\/14-lutego-1942-roku-zwiazek-walki-zbrojnej-zostal-przemianowany-armie-krajowa\/#article","isPartOf":{"@id":"https:\/\/marekkuchcinski.pl\/wazne-daty\/14-lutego-1942-roku-zwiazek-walki-zbrojnej-zostal-przemianowany-armie-krajowa\/"},"author":{"name":"admin","@id":"https:\/\/marekkuchcinski.pl\/#\/schema\/person\/6f62700996b4d950b6ea2d1183b6c6be"},"headline":"14 lutego 1942 roku Zwi\u0105zek Walki Zbrojnej zosta\u0142 przemianowany w Armi\u0119 Krajow\u0105","datePublished":"2017-02-14T11:15:35+00:00","dateModified":"2017-02-27T13:09:36+00:00","mainEntityOfPage":{"@id":"https:\/\/marekkuchcinski.pl\/wazne-daty\/14-lutego-1942-roku-zwiazek-walki-zbrojnej-zostal-przemianowany-armie-krajowa\/"},"wordCount":350,"commentCount":0,"publisher":{"@id":"https:\/\/marekkuchcinski.pl\/#organization"},"articleSection":["Multimedia","Wa\u017cne daty"],"inLanguage":"cs","potentialAction":[{"@type":"CommentAction","name":"Comment","target":["https:\/\/marekkuchcinski.pl\/wazne-daty\/14-lutego-1942-roku-zwiazek-walki-zbrojnej-zostal-przemianowany-armie-krajowa\/#respond"]}]},{"@type":"WebPage","@id":"https:\/\/marekkuchcinski.pl\/wazne-daty\/14-lutego-1942-roku-zwiazek-walki-zbrojnej-zostal-przemianowany-armie-krajowa\/","url":"https:\/\/marekkuchcinski.pl\/wazne-daty\/14-lutego-1942-roku-zwiazek-walki-zbrojnej-zostal-przemianowany-armie-krajowa\/","name":"14 lutego 1942 roku Zwi\u0105zek Walki Zbrojnej zosta\u0142 przemianowany w Armi\u0119 Krajow\u0105 &#8211; Marek Kuchci\u0144ski","isPartOf":{"@id":"https:\/\/marekkuchcinski.pl\/#website"},"datePublished":"2017-02-14T11:15:35+00:00","dateModified":"2017-02-27T13:09:36+00:00","breadcrumb":{"@id":"https:\/\/marekkuchcinski.pl\/wazne-daty\/14-lutego-1942-roku-zwiazek-walki-zbrojnej-zostal-przemianowany-armie-krajowa\/#breadcrumb"},"inLanguage":"cs","potentialAction":[{"@type":"ReadAction","target":["https:\/\/marekkuchcinski.pl\/wazne-daty\/14-lutego-1942-roku-zwiazek-walki-zbrojnej-zostal-przemianowany-armie-krajowa\/"]}]},{"@type":"BreadcrumbList","@id":"https:\/\/marekkuchcinski.pl\/wazne-daty\/14-lutego-1942-roku-zwiazek-walki-zbrojnej-zostal-przemianowany-armie-krajowa\/#breadcrumb","itemListElement":[{"@type":"ListItem","position":1,"name":"Strona g\u0142\u00f3wna","item":"https:\/\/marekkuchcinski.pl\/"},{"@type":"ListItem","position":2,"name":"14 lutego 1942 roku Zwi\u0105zek Walki Zbrojnej zosta\u0142 przemianowany w Armi\u0119 Krajow\u0105"}]},{"@type":"WebSite","@id":"https:\/\/marekkuchcinski.pl\/#website","url":"https:\/\/marekkuchcinski.pl\/","name":"Marek Kuchci\u0144ski","description":"Pose\u0142 na sejm RP &ndash; okr\u0119g nr 22","publisher":{"@id":"https:\/\/marekkuchcinski.pl\/#organization"},"potentialAction":[{"@type":"SearchAction","target":{"@type":"EntryPoint","urlTemplate":"https:\/\/marekkuchcinski.pl\/?s={search_term_string}"},"query-input":{"@type":"PropertyValueSpecification","valueRequired":true,"valueName":"search_term_string"}}],"inLanguage":"cs"},{"@type":"Organization","@id":"https:\/\/marekkuchcinski.pl\/#organization","name":"Marek Kuchci\u0144ski","url":"https:\/\/marekkuchcinski.pl\/","logo":{"@type":"ImageObject","inLanguage":"cs","@id":"https:\/\/marekkuchcinski.pl\/#\/schema\/logo\/image\/","url":"https:\/\/marekkuchcinski.pl\/wp-content\/uploads\/2022\/09\/Marek.jpg","contentUrl":"https:\/\/marekkuchcinski.pl\/wp-content\/uploads\/2022\/09\/Marek.jpg","width":1600,"height":971,"caption":"Marek Kuchci\u0144ski"},"image":{"@id":"https:\/\/marekkuchcinski.pl\/#\/schema\/logo\/image\/"}},{"@type":"Person","@id":"https:\/\/marekkuchcinski.pl\/#\/schema\/person\/6f62700996b4d950b6ea2d1183b6c6be","name":"admin","image":{"@type":"ImageObject","inLanguage":"cs","@id":"https:\/\/marekkuchcinski.pl\/#\/schema\/person\/image\/","url":"https:\/\/secure.gravatar.com\/avatar\/4bab693b9d55c3d6b52c0296a8765085?s=96&d=mm&r=g","contentUrl":"https:\/\/secure.gravatar.com\/avatar\/4bab693b9d55c3d6b52c0296a8765085?s=96&d=mm&r=g","caption":"admin"},"url":"https:\/\/marekkuchcinski.pl\/cs\/author\/marta-olejnik\/"}]}},"_links":{"self":[{"href":"https:\/\/marekkuchcinski.pl\/cs\/wp-json\/wp\/v2\/posts\/5376","targetHints":{"allow":["GET"]}}],"collection":[{"href":"https:\/\/marekkuchcinski.pl\/cs\/wp-json\/wp\/v2\/posts"}],"about":[{"href":"https:\/\/marekkuchcinski.pl\/cs\/wp-json\/wp\/v2\/types\/post"}],"author":[{"embeddable":true,"href":"https:\/\/marekkuchcinski.pl\/cs\/wp-json\/wp\/v2\/users\/6"}],"replies":[{"embeddable":true,"href":"https:\/\/marekkuchcinski.pl\/cs\/wp-json\/wp\/v2\/comments?post=5376"}],"version-history":[{"count":1,"href":"https:\/\/marekkuchcinski.pl\/cs\/wp-json\/wp\/v2\/posts\/5376\/revisions"}],"predecessor-version":[{"id":5462,"href":"https:\/\/marekkuchcinski.pl\/cs\/wp-json\/wp\/v2\/posts\/5376\/revisions\/5462"}],"wp:attachment":[{"href":"https:\/\/marekkuchcinski.pl\/cs\/wp-json\/wp\/v2\/media?parent=5376"}],"wp:term":[{"taxonomy":"category","embeddable":true,"href":"https:\/\/marekkuchcinski.pl\/cs\/wp-json\/wp\/v2\/categories?post=5376"},{"taxonomy":"post_tag","embeddable":true,"href":"https:\/\/marekkuchcinski.pl\/cs\/wp-json\/wp\/v2\/tags?post=5376"}],"curies":[{"name":"wp","href":"https:\/\/api.w.org\/{rel}","templated":true}]}}